{"id":3340,"date":"2026-08-25T10:14:43","date_gmt":"2026-08-25T13:14:43","guid":{"rendered":"https:\/\/fmmural91.uno\/2024\/?p=3340"},"modified":"2026-08-25T10:14:44","modified_gmt":"2026-08-25T13:14:44","slug":"prestamistas-informales-usura-y-un-debate-que-llega-al-congreso","status":"publish","type":"post","link":"https:\/\/fmmural91.uno\/2024\/prestamistas-informales-usura-y-un-debate-que-llega-al-congreso\/","title":{"rendered":"Prestamistas informales, usura y un debate que llega al Congreso"},"content":{"rendered":"\n<p class=\"wp-block-paragraph\">En TikTok e Instagram proliferan perfiles de prestamistas informales que operan en los barrios con tasas usureras de tres d\u00edgitos, aprietes grabados y un nivel de desprotecci\u00f3n total. La respuesta parlamentaria de Uni\u00f3n por la Patria para penalizar la explotaci\u00f3n crediticia en sectores vulnerables y el debate sobre la inclusi\u00f3n financiera.<\/p>\n\n\n\n<p class=\"wp-block-paragraph\"><a href=\"https:\/\/www.eldestapeweb.com\/perfil\/carla-pelliza\">Por\u00a0Carla Pelliza<\/a>\u00a0   &#8211;   Fuente: <a href=\"https:\/\/www.eldestapeweb.com\/\">https:\/\/www.eldestapeweb.com\/<\/a>   25 de agosto, 2026.<\/p>\n\n\n\n<p class=\"wp-block-paragraph\">Las redes sociales suelen funcionar como plataforma para promocionar emprendimientos. Pero as\u00ed como existen cuentas que dan a conocer un negocio de pasteler\u00eda, tejidos o hamburguesas, tambi\u00e9n empezaron a proliferar perfiles dedicados a los\u00a0<strong>pr\u00e9stamos personales<\/strong>: recomendaciones para convertirse en\u00a0<strong>prestamista<\/strong>, riesgos a tener en cuenta, posibles soluciones y las tasas de inter\u00e9s m\u00e1s rentables para que el negocio sobreviva. Un drama que escapa a las cifras oficiales que el Gobierno niega: transacciones extremadamente informales, en plena calle, sin ning\u00fan tipo de respaldo legal y con consecuencias peligrosas. Es por eso que, en las \u00faltimas horas, se present\u00f3 un<strong>\u00a0proyecto de ley\u00a0<\/strong>para abordar esta problem\u00e1tica creciente.<\/p>\n\n\n\n<p class=\"wp-block-paragraph\">Hace un par de semanas, en\u00a0<em><strong>El Destape Radio<\/strong><\/em>\u00a0se exhibi\u00f3 el escenario que excede a los registros del sistema bancario y no bancario. Videos en TikTok e Instagram muestran a prestamistas cerrando acuerdos en barrios del conurbano bonaerense con intereses que rondan el 100% mensual. Hay perfiles que entregan dinero por mes, otros por semana y algunos incluso por d\u00eda. Cifras que no suelen ser elevadas \u2014en muchos casos no superan los $10.000\u2014, marcadas por la pura supervivencia.<\/p>\n\n\n\n<p class=\"wp-block-paragraph\">Los usuarios se autoperciben como&nbsp;<strong>emprendedores<\/strong>. Describen el pr\u00e9stamo personal como un trabajo agotador en t\u00e9rminos psicol\u00f3gicos y f\u00edsicos que les demanda un orden m\u00ednimo, normalmente limitado a anotaciones en un cuadernillo. Una ocupaci\u00f3n que, seg\u00fan recomiendan en sus propias plataformas, demanda&nbsp;<strong>ciertos recaudos<\/strong>: exigir recibo de sueldo y trabajar solo con el titular; no prestarle a amigos o familiares; no cerrar acuerdos con titulares de la Asignaci\u00f3n Universal por Hijo por tratarse de un ingreso menor; requerir una garant\u00eda; o financiar solo emprendimientos para garantizarse el repago. Todo registrado y promocionado en las redes para que el negocio crezca. De hecho, en el barrio los reconocen por los posteos, como si fueran&nbsp;<em>influencers<\/em>.<\/p>\n\n\n\n<p class=\"wp-block-paragraph\">En las publicaciones se suele armar una suerte de&nbsp;<em>brainstorming&nbsp;<\/em>en el que distintos prestamistas debaten sobre la mejor tasa a cobrar o aconsejan qu\u00e9 capital inicial se requiere para empezar el negocio. Posteos que no ocultan<strong>&nbsp;el lado B de este universo no registrado:<\/strong>&nbsp;no solo exhiben tasas imposibles, sino que dejan a la vista amenazas \u2014que van desde llevarse a sus hijos en concepto de pago o aprietes domiciliarios grabados en c\u00e1mara\u2014. Pero en esas mismas publicaciones tambi\u00e9n se acumulan cientos de comentarios de personas desesperadas por conseguir financiamiento, ya sea por carecer de recibo de sueldo o por figurar en el veraz.<\/p>\n\n\n\n<p class=\"wp-block-paragraph\">Frente a este problema creciente, el diputado de Uni\u00f3n por la Patria,<strong>&nbsp;Juan Carlos Molina<\/strong>, present\u00f3 junto a colegas del bloque un proyecto de ley que propone tipificar como delito la explotaci\u00f3n crediticia informal en sectores vulnerables, buscando penalizar lo que se identifica como una usura territorial que supera la figura penal cl\u00e1sica.&nbsp;<\/p>\n\n\n\n<p class=\"wp-block-paragraph\">La iniciativa castiga con prisi\u00f3n de dos a seis a\u00f1os a quien otorgue pr\u00e9stamos habituales fuera del sistema financiero regulado aprovechando la vulnerabilidad socioecon\u00f3mica de los deudores e imponiendo condiciones desproporcionadas. Las&nbsp;<strong>penas&nbsp;<\/strong>suben de tres a ocho a\u00f1os cuando existen amenazas, coacciones, cobro mediante apropiaci\u00f3n de bienes o cuando el prestamista ejerce un rol de ascendencia comunitaria que genera temor en la v\u00edctima. Para definir la desproporci\u00f3n manifiesta, el texto fija un criterio objetivo: la considera como tal si la tasa aplicada supera en m\u00e1s de<strong>&nbsp;tres veces la tasa activa promedio del Banco Central (BCRA) para cr\u00e9ditos personales no bancarios.<\/strong><\/p>\n\n\n\n<p class=\"wp-block-paragraph\">En los fundamentos, el proyecto hace foco en la<strong>&nbsp;dimensi\u00f3n territorial<\/strong>&nbsp;del fen\u00f3meno y en el peso de los prestamistas en los barrios: personas que conocen a sus deudores, sus trabajos y sus familias, y que muchas veces aparecen como la \u00fanica soluci\u00f3n disponible. Una situaci\u00f3n que genera una ambig\u00fcedad en la que conviven la asistencia y la gratitud con el temor limitando las opciones del deudor.<\/p>\n\n\n\n<p class=\"wp-block-paragraph\">En ese contexto, la iniciativa busca<strong>&nbsp;distinguir entre la solidaridad y el uso de la ascendencia comunitaria como mecanismo de sometimiento econ\u00f3mico.<\/strong>&nbsp;El texto comprende que el pr\u00e9stamo a personas sin garant\u00edas representa un riesgo de incobrabilidad superior al del sistema formal, pero sostiene que esto \u201cno puede convertirse en una habilitaci\u00f3n para imponer obligaciones capaces de multiplicar varias veces el capital entregado, ni mucho menos justificar amenazas, hostigamientos, presiones sobre familiares o mecanismos destinados a obtener bienes del deudor mediante el aprovechamiento de su situaci\u00f3n de necesidad\u201d.<\/p>\n\n\n\n<figure class=\"wp-block-image\"><img decoding=\"async\" src=\"https:\/\/cdn.eldestapeweb.com\/eldestape\/082026\/1787615710570\/PROYECTO.webp?cw=712&amp;ch=550&amp;extw=png\" alt=\"\"\/><\/figure>\n\n\n\n<p class=\"wp-block-paragraph\">Adem\u00e1s, el proyecto establece el despliegue de&nbsp;<strong>pol\u00edticas de inclusi\u00f3n financiera<\/strong>&nbsp;destinadas prioritariamente a personas que, por razones de informalidad laboral, insuficiencia de garant\u00edas, ausencia de historial crediticio u otras condiciones socioecon\u00f3micas, encuentren limitado su acceso al sistema formal de cr\u00e9dito. En especial teniendo en cuenta que, frente a una creciente informalizaci\u00f3n de la econom\u00eda, \u201cno se parte de la premisa de que el sistema financiero formal carezca de funcionamiento\u201d complicando a\u00fan m\u00e1s la situaci\u00f3n de los sectores m\u00e1s vulnerables, pero s\u00ed \u201csancionar la explotaci\u00f3n y reducir las condiciones que hacen posible esa explotaci\u00f3n\u201d.<\/p>\n\n\n\n<ul class=\"wp-block-list\">\n<li><a href=\"https:\/\/www.eldestapeweb.com\/tag\/deuda\">Deuda<\/a><\/li>\n\n\n\n<li><a href=\"https:\/\/www.eldestapeweb.com\/tag\/mora\">MORA<\/a><\/li>\n\n\n\n<li><a href=\"https:\/\/www.eldestapeweb.com\/tag\/javier-milei\">Javier Milei<\/a><\/li>\n\n\n\n<li><a href=\"https:\/\/www.eldestapeweb.com\/tag\/javier-milei-presidente\">Javier Milei presidente<\/a><\/li>\n\n\n\n<li><a href=\"https:\/\/www.eldestapeweb.com\/tag\/originales\">Originales<\/a><\/li>\n<\/ul>\n","protected":false},"excerpt":{"rendered":"<p>En TikTok e Instagram proliferan perfiles de prestamistas informales que operan en los barrios con tasas usureras de tres d\u00edgitos, aprietes grabados y un nivel de desprotecci\u00f3n total. La respuesta parlamentaria de Uni\u00f3n por la Patria para penalizar la explotaci\u00f3n crediticia en sectores vulnerables y el debate sobre la inclusi\u00f3n financiera. Por\u00a0Carla Pelliza\u00a0 &#8211; Fuente: [&hellip;]<\/p>\n","protected":false},"author":3,"featured_media":3341,"comment_status":"closed","ping_status":"closed","sticky":false,"template":"","format":"standard","meta":{"sync_status":"","episode_type":"","audio_file":"","castos_file_data":"","podmotor_file_id":"","cover_image":"","cover_image_id":"","duration":"","filesize":"","filesize_raw":"","date_recorded":"","explicit":"","block":"","footnotes":""},"categories":[21],"tags":[],"class_list":["post-3340","post","type-post","status-publish","format-standard","has-post-thumbnail","hentry","category-economia"],"_links":{"self":[{"href":"https:\/\/fmmural91.uno\/2024\/wp-json\/wp\/v2\/posts\/3340","targetHints":{"allow":["GET"]}}],"collection":[{"href":"https:\/\/fmmural91.uno\/2024\/wp-json\/wp\/v2\/posts"}],"about":[{"href":"https:\/\/fmmural91.uno\/2024\/wp-json\/wp\/v2\/types\/post"}],"author":[{"embeddable":true,"href":"https:\/\/fmmural91.uno\/2024\/wp-json\/wp\/v2\/users\/3"}],"replies":[{"embeddable":true,"href":"https:\/\/fmmural91.uno\/2024\/wp-json\/wp\/v2\/comments?post=3340"}],"version-history":[{"count":1,"href":"https:\/\/fmmural91.uno\/2024\/wp-json\/wp\/v2\/posts\/3340\/revisions"}],"predecessor-version":[{"id":3342,"href":"https:\/\/fmmural91.uno\/2024\/wp-json\/wp\/v2\/posts\/3340\/revisions\/3342"}],"wp:featuredmedia":[{"embeddable":true,"href":"https:\/\/fmmural91.uno\/2024\/wp-json\/wp\/v2\/media\/3341"}],"wp:attachment":[{"href":"https:\/\/fmmural91.uno\/2024\/wp-json\/wp\/v2\/media?parent=3340"}],"wp:term":[{"taxonomy":"category","embeddable":true,"href":"https:\/\/fmmural91.uno\/2024\/wp-json\/wp\/v2\/categories?post=3340"},{"taxonomy":"post_tag","embeddable":true,"href":"https:\/\/fmmural91.uno\/2024\/wp-json\/wp\/v2\/tags?post=3340"}],"curies":[{"name":"wp","href":"https:\/\/api.w.org\/{rel}","templated":true}]}}