{"id":3344,"date":"2026-08-26T08:37:03","date_gmt":"2026-08-26T11:37:03","guid":{"rendered":"https:\/\/fmmural91.uno\/2024\/?p=3344"},"modified":"2026-08-26T08:37:04","modified_gmt":"2026-08-26T11:37:04","slug":"desde-las-entranas-de-la-empresa-se-viralizaron-un-mensaje-en-el-que-se-desentienden-de-la-mora-de-las-familias","status":"publish","type":"post","link":"https:\/\/fmmural91.uno\/2024\/desde-las-entranas-de-la-empresa-se-viralizaron-un-mensaje-en-el-que-se-desentienden-de-la-mora-de-las-familias\/","title":{"rendered":"Desde las entra\u00f1as de la empresa se viralizaron un mensaje en el que se desentienden de la mora de las familias"},"content":{"rendered":"\n<h1 class=\"wp-block-heading\">La operaci\u00f3n Milei-Galper\u00edn para negar el da\u00f1o del modelo<\/h1>\n\n\n\n<p class=\"wp-block-paragraph\">Un ex empleado de Macri que trabaja para Mercado Libre circul\u00f3 en X un informe que instala que la firma es la que menos mora tiene y ni menciona las tasas usurarias que cobran mientras reciben millonarios subsidios en Argentina y esquivan impuestos en el Uruguay.<\/p>\n\n\n\n<p class=\"wp-block-paragraph\"><a href=\"https:\/\/www.pagina12.com.ar\/autores\/leandro-renou\">Por\u00a0Leandro Renou<\/a>   &#8211;   Fuente: <a href=\"https:\/\/www.pagina12.com.ar\/\">https:\/\/www.pagina12.com.ar\/<\/a>   26 de agosto, 2026.<\/p>\n\n\n\n<p class=\"wp-block-paragraph\">Cuentan las malas lenguas que, a primera hora del martes, el mensaje corri\u00f3 fuerte en grupos de Whatsapp en los que participa el due\u00f1o de Mercado Libre, Marcos Galper\u00edn. Con el paso de las horas, la teor\u00eda empez\u00f3 a tener m\u00e1s sentido.<\/p>\n\n\n\n<p class=\"wp-block-paragraph\">En el marco de la mora r\u00e9cord que est\u00e1n teniendo las familias que toman cr\u00e9dito para subsistir, Galper\u00edn y el Presidente de la Naci\u00f3n, Javier Milei, se montaron en un mensaje de Mat\u00edas Fern\u00e1ndez, un ex empleado de Mauricio Macri que hoy trabaja para Mercado Libre, para decir que ni la empresa ni el gobierno son responsables de los padecimientos sociales con los pr\u00e9stamos, tratando de minimizar las tasas usurarias que cobra la empresa y desviando la atenci\u00f3n hacia el resto del sistema financiero. Una especie de c\u00f3ctel letal de un Estado que no controla y avala los negocios de su ceo fetiche.<\/p>\n\n\n\n<p class=\"wp-block-paragraph\">La situaci\u00f3n, adem\u00e1s de darse en pleno debate por las tasas, se posa sobre una empresa que cobra millonarios subsidios en d\u00f3lares de un gobierno, mientras centra sus operaciones t\u00e9cnicas en Uruguay en una zona franca en la que hay casi tributaci\u00f3n cero.<\/p>\n\n\n\n<p class=\"wp-block-paragraph\"><strong>El nexo PRO<\/strong><\/p>\n\n\n\n<p class=\"wp-block-paragraph\">Mat\u00edas Fern\u00e1ndez fue, seg\u00fan quienes lo conocen, parte de los equipos de comunicaci\u00f3n de los ministerios de la Producci\u00f3n y Comercio en el gobierno del PRO. Concretamente, se desempe\u00f1\u00f3 como Jefe de Asesores de Francisco \u201cPancho\u201d Cabrera en la cartera, y una familiar muy cercana suya est\u00e1 en pareja con otro ex funcionario del partido amarillo, tambi\u00e9n l\u00ednea Cabrera. Fern\u00e1ndez fue, adem\u00e1s, uno de los j\u00f3venes m\u00e1s activos en los armados de la estrategia digital del \u201cSi se puede\u201d, con el que Macri intent\u00f3 revertir el mal resultado de la PASO del 2019. Y trabaj\u00f3 como art\u00edfice principal del grupo de Whatsapp \u201cNuestra Voz\u201d. Precisamente en ese grupo, que reuni\u00f3 a empresarios para hacer campa\u00f1a viral por Macri, conoci\u00f3 a Galper\u00edn, la cabeza central de la iniciativa.<\/p>\n\n\n\n<p class=\"wp-block-paragraph\">Como buena parte de los ex funcionarios del macrismo, Fern\u00e1ndez us\u00f3 contactos ganados en la esfera p\u00fablica para trabajar en lo privado. Hoy, es uno de los socios de la consultora P\u00fablica, que entre sus clientes tiene a Mercado Libre y a Globant, dos de los unicornios que pasaron de Macri a Milei y con los que arm\u00f3 Nuestra Voz. Los describen, los que conocen el v\u00ednculo, como los padrinos corporativos de Fern\u00e1ndez.<\/p>\n\n\n\n<p class=\"wp-block-paragraph\">Esta informaci\u00f3n de su trabajo para MELI fue confirmada por fuentes de la empresa ante la consulta de&nbsp;<strong>P\u00e1gina I12&nbsp;<\/strong>y se ven tambi\u00e9n en la web de la consultora. Es decir, un empleado de Galper\u00edn poste\u00f3 un mensaje que lo deslinda a su jefe y que directamente ignora las tasas elevad\u00edsimas que cobra.<\/p>\n\n\n\n<p class=\"wp-block-paragraph\">\u201cTodo lo que quer\u00edas saber de la mora (pero ten\u00edas miedo de preguntar)\u201d, se titular el mensaje en X, en una alusi\u00f3n a una de las pel\u00edculas de Woody Allen. All\u00ed reporta que la mora que suman los cr\u00e9ditos de Mercado Libre es de s\u00f3lo el 3 por ciento y les echa el fardo a los bancos, que no son unos santos en esta historia y tambi\u00e9n cobran tasas de usura, pero cuya situaci\u00f3n est\u00e1 mal comparada. Precisa Fern\u00e1ndez que los bancos tienen montos de deuda en dinero m\u00e1s grandes que las fintech, algo l\u00f3gico porque prestan mucho m\u00e1s dinero. Y adem\u00e1s apunta que los montos tomados en MELI son m\u00e1s bajos que los de los bancos. Tambi\u00e9n l\u00f3gico y negativo para la estrategia de distraer la atenci\u00f3n sobre ML: justamente, el problema con Galper\u00edn es que presta menos dinero y a tasa m\u00e1s alta, es decir, asiste con cr\u00e9dito a sectores sociales bajos, con mayor riesgo de ingreso en la mora, m\u00e1s all\u00e1 del monto que decidan tomar. De hecho, la mayor mora en Mercado es de 400 mil pesos y la menor de 100 mil. \u201cMercado Pago es el mejor alumno, no el peor\u201d, concluy\u00f3 Fern\u00e1ndez, sin eufemismos.<\/p>\n\n\n\n<p class=\"wp-block-paragraph\"><strong>Javier y Marcos, como si nada<\/strong><\/p>\n\n\n\n<p class=\"wp-block-paragraph\">Sobre este mensaje, exculpatorio de la inacci\u00f3n de Milei y los negocios sin control de Galper\u00edn, se montaron el Presidente, sus sat\u00e9lites y el propio empresario, como si ellos no hubiesen tenido nada que ver en la g\u00e9nesis y difusi\u00f3n del mismo.<\/p>\n\n\n\n<p class=\"wp-block-paragraph\">Galper\u00edn asever\u00f3 que \u201cfinalmente un an\u00e1lisis serio y bien hecho del tema del cr\u00e9dito y la mora en Argentina. Si realmente les interesa el tema l\u00e9anlo, es largo, profundo y correcto\u201d.<\/p>\n\n\n\n<p class=\"wp-block-paragraph\">Milei, en un alto de su martes de insultos en el que descarg\u00f3 la palabra \u201cMierda\u201d al menos 50 veces, asegur\u00f3 sobre el posteo que \u201cdeja en evidencia la opereta. Esto muestra que los periodistas que se han dedicado a agitar el tema son imb\u00e9ciles con d\u00e9ficit de IQ y\/o son unas mierdas humanas mentirosas\u201d.<\/p>\n\n\n\n<p class=\"wp-block-paragraph\"><strong>Del subsidio millonario a la zona franca uruguaya<\/strong><\/p>\n\n\n\n<p class=\"wp-block-paragraph\">Mientras Galper\u00edn sigue tratando de esquivar el debate de sus ganancias en base a tasas de inter\u00e9s r\u00e9cord, sigue aprovechando beneficios fiscales a un lado y otro del charco. En la primera parte del a\u00f1o, en Argentina, se qued\u00f3 con 42 millones de d\u00f3lares en quitas de impuestos heredadas de las leyes de empresas tecnol\u00f3gicas y econom\u00eda del conocimiento. En 2025, en el mismo per\u00edodo, ya se hab\u00eda quedado con otros 51 millones de d\u00f3lares. Toda esta informaci\u00f3n, adem\u00e1s, es de acceso p\u00fablico porque es la data que Mercado Libre publica en la SEC, la Comisi\u00f3n de Valores de los Estados Unidos, donde debe reportar como empresa cotizante.<\/p>\n\n\n\n<p class=\"wp-block-paragraph\">En Uruguay, pa\u00eds en el que se radic\u00f3 impositivamente en 2002 y al que se fue a vivir de manera plena en 2019 con dos propiedades -una en Carrasco y otra en Punta del Este- tambi\u00e9n exprime al Estado. La mudanza fue justamente despu\u00e9s de la derrota de Macri. Mercado Libre tiene instaladas oficinas en la zona franca Aguada Park, frente al puerto de Montevideo.<\/p>\n\n\n\n<p class=\"wp-block-paragraph\">En esa misma zona se instal\u00f3 Globant, con cuatro pisos en ese edificio. Tambi\u00e9n hay otros Unicornios de la misma especie.<\/p>\n\n\n\n<p class=\"wp-block-paragraph\">\u00bfPor qu\u00e9 est\u00e1n all\u00ed? Hay una norma de zonas francas, que tambi\u00e9n comparten otras locaciones como Zonam\u00e9rica o la m\u00e1s reciente de Colonia del Sacramento, donde conviven otras empresas argentinas, entre ellas Despegar.com. Hay all\u00ed fuertes rebajas tributarias y condiciones muy favorables en general.<\/p>\n\n\n\n<p class=\"wp-block-paragraph\">En el reglamento de Aguada Park, que usufruct\u00faa Galper\u00edn, se especifica que las firmas tienen disponible el siguiente esquema. Los beneficios son realmente incre\u00edbles y explican por qu\u00e9 el empresario sigue migrando al extranjero para evitar pagar impuestos en Argentina.<\/p>\n\n\n\n<ol class=\"wp-block-list\">\n<li>Posibilidad de adquirir insumos y equipamiento (nuevo y usado) sin recargos impositivos ni aduaneros.<\/li>\n\n\n\n<li>Libre movimiento de capitales y libre repatriaci\u00f3n de utilidades.<\/li>\n\n\n\n<li>Podr\u00e1 brindar todo tipo de servicios al exterior, a otras empresas instaladas en Aguada Park y a usuarios y desarrolladores de otras zonas francas de Uruguay. Los servicios prestados hacia el exterior, tambi\u00e9n podr\u00e1n ser prestados desde zona franca a empresas ubicadas en territorio nacional no franco que sean contribuyentes gravados por el Impuesto a las Rentas de las Actividades Econ\u00f3micas (IRAE).<\/li>\n\n\n\n<li>Contrataci\u00f3n de hasta un 25% de personal extranjero, pudiendo alcanzar el 50% cuando la naturaleza del negocio desarrollado as\u00ed lo requiera, mediando autorizaci\u00f3n del organismo regulador.<\/li>\n\n\n\n<li>El personal extranjero podr\u00e1 optar por renunciar al sistema de seguridad social uruguayo. Esta renuncia no proceder\u00e1 en los casos de prestaci\u00f3n de servicios a contribuyentes gravados por el Impuesto a las Rentas de las Actividades Econ\u00f3micas (IRAE).<\/li>\n\n\n\n<li>La ley prev\u00e9 que si se modifican los beneficios tributarios, el Estado ser\u00e1 responsable de resarcir los da\u00f1os y perjuicios generados a las empresas con contrato de usuario.<\/li>\n\n\n\n<li>En caso de que el explotador de la Zona Franca pierda su calidad de tal, el Estado debe garantizar a las empresas instaladas la provisi\u00f3n de la infraestructura y dem\u00e1s servicios necesarios para operar, durante toda la vigencia del contrato de usuario.<\/li>\n<\/ol>\n","protected":false},"excerpt":{"rendered":"<p>La operaci\u00f3n Milei-Galper\u00edn para negar el da\u00f1o del modelo Un ex empleado de Macri que trabaja para Mercado Libre circul\u00f3 en X un informe que instala que la firma es la que menos mora tiene y ni menciona las tasas usurarias que cobran mientras reciben millonarios subsidios en Argentina y esquivan impuestos en el Uruguay. [&hellip;]<\/p>\n","protected":false},"author":3,"featured_media":3345,"comment_status":"closed","ping_status":"closed","sticky":false,"template":"","format":"standard","meta":{"sync_status":"","episode_type":"","audio_file":"","castos_file_data":"","podmotor_file_id":"","cover_image":"","cover_image_id":"","duration":"","filesize":"","filesize_raw":"","date_recorded":"","explicit":"","block":"","footnotes":""},"categories":[21],"tags":[],"class_list":["post-3344","post","type-post","status-publish","format-standard","has-post-thumbnail","hentry","category-economia"],"_links":{"self":[{"href":"https:\/\/fmmural91.uno\/2024\/wp-json\/wp\/v2\/posts\/3344","targetHints":{"allow":["GET"]}}],"collection":[{"href":"https:\/\/fmmural91.uno\/2024\/wp-json\/wp\/v2\/posts"}],"about":[{"href":"https:\/\/fmmural91.uno\/2024\/wp-json\/wp\/v2\/types\/post"}],"author":[{"embeddable":true,"href":"https:\/\/fmmural91.uno\/2024\/wp-json\/wp\/v2\/users\/3"}],"replies":[{"embeddable":true,"href":"https:\/\/fmmural91.uno\/2024\/wp-json\/wp\/v2\/comments?post=3344"}],"version-history":[{"count":1,"href":"https:\/\/fmmural91.uno\/2024\/wp-json\/wp\/v2\/posts\/3344\/revisions"}],"predecessor-version":[{"id":3346,"href":"https:\/\/fmmural91.uno\/2024\/wp-json\/wp\/v2\/posts\/3344\/revisions\/3346"}],"wp:featuredmedia":[{"embeddable":true,"href":"https:\/\/fmmural91.uno\/2024\/wp-json\/wp\/v2\/media\/3345"}],"wp:attachment":[{"href":"https:\/\/fmmural91.uno\/2024\/wp-json\/wp\/v2\/media?parent=3344"}],"wp:term":[{"taxonomy":"category","embeddable":true,"href":"https:\/\/fmmural91.uno\/2024\/wp-json\/wp\/v2\/categories?post=3344"},{"taxonomy":"post_tag","embeddable":true,"href":"https:\/\/fmmural91.uno\/2024\/wp-json\/wp\/v2\/tags?post=3344"}],"curies":[{"name":"wp","href":"https:\/\/api.w.org\/{rel}","templated":true}]}}