{"id":3347,"date":"2026-08-26T08:44:26","date_gmt":"2026-08-26T11:44:26","guid":{"rendered":"https:\/\/fmmural91.uno\/2024\/?p=3347"},"modified":"2026-08-26T08:44:27","modified_gmt":"2026-08-26T11:44:27","slug":"la-grave-avanzada-oficialista-contra-la-libertad-de-expresion-en-argentina","status":"publish","type":"post","link":"https:\/\/fmmural91.uno\/2024\/la-grave-avanzada-oficialista-contra-la-libertad-de-expresion-en-argentina\/","title":{"rendered":"La grave avanzada oficialista contra la libertad de expresi\u00f3n en Argentina"},"content":{"rendered":"\n<h1 class=\"wp-block-heading\">La mordaza avanza y la libertad retrocede<\/h1>\n\n\n\n<p class=\"wp-block-paragraph\">Tras una semana con Milei publicando enardecido una catarata de insultos a la prensa, Luis \u201cToto\u201d Caputo profundiz\u00f3 el avance autoritario del Gobierno al pedir \u201cuna ley que castigue periodistas\u201d.<\/p>\n\n\n\n<p class=\"wp-block-paragraph\">Por\u00a0Ayel\u00e9n Berdi\u00f1as   &#8211;   Fuente: <a href=\"https:\/\/www.pagina12.com.ar\/\">https:\/\/www.pagina12.com.ar\/<\/a>   26 de agosto, 2026.<\/p>\n\n\n\n<p class=\"wp-block-paragraph\">En una arremetida del Gobierno contra la prensa, el ministro de Econom\u00eda, Luis Caputo, pidi\u00f3 el endurecimiento de las leyes que regulan la libertad de expresi\u00f3n. A trav\u00e9s de sus redes sociales plante\u00f3 la modificaci\u00f3n hacia \u201cuna ley que castigue\u201d a los periodistas que publican \u201cinformaci\u00f3n inexacta\u201d contra funcionarios, profundizando as\u00ed el sesgo autoritario de La Libertad Avanza. De esta manera, Caputo dio cuenta de su ignorancia absoluta sobre la jurisprudencia vigente en Argentina. Fiel a su pr\u00e1ctica, y agravado por el inusitado aluvi\u00f3n de insultos y descalificativos a la prensa de la \u00faltima semana, el presidente Javier Milei apoy\u00f3 esa propuesta de castigo y dio un paso m\u00e1s: calific\u00f3 a los periodistas de \u201cmierdas humanas\u201d. Tras un mes de reclusi\u00f3n en Olivos, el Presidente reprodujo m\u00e1s de 350 mensajes en los \u00faltimos ocho d\u00edas contra la prensa y los medios de comunicaci\u00f3n que presenten contenido con una mirada cr\u00edtica o disidente al Gobierno. Legisladores de la oposici\u00f3n presentaron un cuarto proyecto desde la Comisi\u00f3n de Libertad de Expresi\u00f3n para frenar \u201cla peligrosa marea de agresi\u00f3n oficial\u201d. Especialistas en comunicaci\u00f3n y constitucionalistas advierten sobre los riesgos que propone la catarata de agravios para el ejercicio de la vida democr\u00e1tica y el derecho a informar.<\/p>\n\n\n\n<p class=\"wp-block-paragraph\">La noticia que enfureci\u00f3 a Luis Caputo habla de una maniobra empresarial que le permiti\u00f3 al Grupo Lenor hacerse de las tareas de control de los surtidores de combustible, luego de que el ministro de Desregulaci\u00f3n, Federico Sturzenegger, le sacara esa \u00f3rbita al Instituto Nacional de Tecnolog\u00eda Industrial (INTI). La publicaci\u00f3n sostuvo que el titular de ese grupo empresarial, Julio Made, ten\u00eda alguna relaci\u00f3n con el ministro de Econom\u00eda, raz\u00f3n por la cual este sali\u00f3 a cruzar la versi\u00f3n, incluyendo una propuesta de nueva normativa contra los periodistas. Caputo habl\u00f3 de castigos para los comunicadores que publiquen informaci\u00f3n inexacta, y as\u00ed, demostr\u00f3 desconocer toda la ley vigente. \u201cNo solo ignora la Constituci\u00f3n, sino tambi\u00e9n toda la jurisprudencia vigente en Argentina. Si el Gobierno tiene pruebas de que hay informaci\u00f3n falsa, tiene todo el derecho de ir a la Justicia y presentar las pruebas. Pero ac\u00e1 se advierte una conducta hacia los periodistas y medios en general que es sostenida, cotidiana, desde el comienzo de este Gobierno\u201d, apunt\u00f3 el especialista en comunicaci\u00f3n, Mart\u00edn Becerra. \u201cLo que esos funcionarios no terminan de entender, o pareciera incomodarles, es que sus acciones est\u00e1n sometidas al escrutinio p\u00fablico y en ese sentido manifestaciones de tal tenor, son una muestra m\u00e1s de la intolerancia de quienes las profieren\u201d, opin\u00f3 para este diario el abogado Eduardo Tavani, integrante de la Asamblea Permanente por los Derechos Humanos (APDH).<\/p>\n\n\n\n<h2 class=\"wp-block-heading\"><strong>La ley ignorada<\/strong><\/h2>\n\n\n\n<p class=\"wp-block-paragraph\">\u201cLo que propone el ministro de Econom\u00eda denota su desconocimiento absoluto al sistema constitucional y convencional argentino. Lo primero que hace este sistema es proteger la libertad de expresi\u00f3n sin censura previa por temor a expresarse. Hay que garantizar al m\u00e1ximo la libertad de expresi\u00f3n e inhibir la censura previa, por ejemplo, por temor\u201d, expres\u00f3 a&nbsp;<strong>P\u00e1gina\/12<\/strong>&nbsp;el abogado constitucionalista, Andr\u00e9s Gil Dom\u00ednguez. \u201cCaputo ignora lo que dice la Constituci\u00f3n en su art\u00edculo 14, lo dice el art\u00edculo 13 de la Convenci\u00f3n Americana sobre Derechos Humanos, toda la jurisprudencia de la Corte Suprema de Justicia, la doctrina de la real malicia, toda la jurisprudencia de la Corte Interamericana de Derechos Humanos. Desconoce absolutamente todos los est\u00e1ndares de protecci\u00f3n del funcionamiento del sistema democr\u00e1tico argentino\u201d, agreg\u00f3.<\/p>\n\n\n\n<p class=\"wp-block-paragraph\">En la arena pol\u00edtica, la oposici\u00f3n present\u00f3 el cuarto proyecto desde la Comisi\u00f3n de Libertad de Expresi\u00f3n contra la escalada de insultos y agresiones del Gobierno, junto con la denuncia de la no convocatoria de la comisi\u00f3n. \u201cHasta hicimos una autoconvocatoria de diputados opositores donde escuchamos a muchos periodistas insultados por Milei\u201d, le expres\u00f3 a este diario el diputado nacional y vicepresidente 1\u00b0 de dicha comisi\u00f3n, Nicol\u00e1s Trotta. Adem\u00e1s, para el diputado, Milei presenta un proceso de fuerte degradaci\u00f3n al cargo que ostenta como Presidente en su uso de la palabra. \u201cNo hay que generar un marco de naturalizaci\u00f3n sobre los dichos del Presidente. Los \u00faltimos d\u00edas se agrav\u00f3, adem\u00e1s, y eso conlleva a que se corran los l\u00edmites. Con el accionar de Caputo empiezan a plantear posibles accionares sobre el periodismo, y la posici\u00f3n del Ejecutivo es cada vez m\u00e1s agresiva\u201d, destac\u00f3.<\/p>\n\n\n\n<p class=\"wp-block-paragraph\">Para Diego de Charras, profesor de Derecho a la Comunicaci\u00f3n y vicedecano de la Facultad de Ciencias Sociales (FSOC) de la UBA, basta repasar la historia para comprender la gravedad del ataque a la prensa: \u201cLa tentaci\u00f3n de los gobiernos a obligar a los periodistas a dar informaci\u00f3n considerada veraz es muy t\u00edpica de gobiernos autoritarios. Sin ir m\u00e1s lejos, la ley de radiodifusi\u00f3n de la \u00faltima dictadura militar dec\u00eda que la informaci\u00f3n deb\u00eda ser \u2018veraz, oportuna y objetiva\u2019. Esto contradice todos los est\u00e1ndares de libertad de expresi\u00f3n. Los Estados no le pueden poner restricciones al ejercicio del trabajo de prensa\u201d.<\/p>\n\n\n\n<h2 class=\"wp-block-heading\"><strong>Insultos sin l\u00edmite<\/strong><\/h2>\n\n\n\n<p class=\"wp-block-paragraph\">Tan solo el martes, Milei acumul\u00f3 en su cuenta de X m\u00e1s de 20 publicaciones con insultos a periodistas y medios. \u201cSoretes\u201d, \u201cbasuras humanas\u201d, \u201camontonamiento de mierda\u201d, \u201cdomando soretes pelotudos\u201d, fueron algunas de las citas que eligi\u00f3 agregar. La lista de periodistas insultados desde el inicio de la gesti\u00f3n es interminable. A los casos reiterados de agresiones a Hugo Alconada Mon, Mar\u00eda O\u2019Donnell, Julia Mengolini, M\u00f3nica Guti\u00e9rrez, se sumaron esta semana los ataques enardecidos a Marcelo Bonelli, a quien defini\u00f3 como \u201cmierda humana mal cagada\u201d y al periodista Manuel Jove, a quien acus\u00f3 de \u201cbasura humana\u201d y \u201ccavern\u00edcola\u201d tras dar al aire un debate sobre la industria nacional.<\/p>\n\n\n\n<p class=\"wp-block-paragraph\">\u201cZurda 12\u2033 o \u201clos zurdos de P\u00e1gina\/12\u2033 fueron en reiteradas ocasiones las definiciones que encontr\u00f3 Milei para citar a este diario. Vale recordar, adem\u00e1s, que la periodista y acreditada en Casa Rosada para<strong>&nbsp;P\u00e1gina\/12<\/strong>, Melisa Molina, fue expulsada de uno de los eventos de \u201cLa Derecha Fest\u201d, que ten\u00eda a Milei y otros integrantes de Las Fuerzas del Cielo como oradores principales. Con la entrada en la mano, la invitaron a retirarse y cuando la periodista pidi\u00f3 explicaciones, la respuesta fue que \u201cdesde Buenos Aires\u201d no quer\u00edan que el diario pueda estar dentro del sal\u00f3n para realizar la cobertura.<\/p>\n\n\n\n<h2 class=\"wp-block-heading\"><strong>El ataque como estrategia de la distracci\u00f3n<\/strong><\/h2>\n\n\n\n<p class=\"wp-block-paragraph\">Bukele en El Salvador, Bolsonaro en Brasil, Trump en los Estados Unidos, son algunos de los ejemplos de l\u00edderes de la derecha a nivel mundial que dispararon contra la prensa en momentos de tensi\u00f3n social por los fracasos de las respectivas gestiones de gobierno. \u201cDelegan responsabilidad en un tercero, como periodistas notorios, actores investidos de poder a los ojos de la opini\u00f3n p\u00fablica. Dispersan el foco de forma estrat\u00e9gica para no tomar cargos sobre el malestar social actual, que tras m\u00e1s de dos a\u00f1os y medio de gesti\u00f3n, son responsabilidad del Gobierno. El trasfondo es ese y al n\u00facleo duro de esta gesti\u00f3n no le cae nada mal\u201d, apunt\u00f3 Becerra.<\/p>\n\n\n\n<p class=\"wp-block-paragraph\">En l\u00ednea con la preocupaci\u00f3n regional que suscita la postura del Gobierno frente a la prensa, Mariela Belski, directora ejecutiva de Amnist\u00eda Internacional Argentina, reflexion\u00f3 para este diario: \u201cUna prensa independiente y cr\u00edtica es un pilar indispensable del Estado de derecho y el periodismo cumple un rol clave en exigirle rendici\u00f3n de cuentas al poder. Medidas que entorpezcan o limiten la tarea de la prensa son incompatibles con los est\u00e1ndares internacionales de libertad de expresi\u00f3n. No puede haber periodismo libre si trabaja bajo amenaza, intimidaci\u00f3n, represalias o castigo. El camino no es silenciar a la prensa, es garantizar que pueda trabajar sin miedo\u201d.<\/p>\n","protected":false},"excerpt":{"rendered":"<p>La mordaza avanza y la libertad retrocede Tras una semana con Milei publicando enardecido una catarata de insultos a la prensa, Luis \u201cToto\u201d Caputo profundiz\u00f3 el avance autoritario del Gobierno al pedir \u201cuna ley que castigue periodistas\u201d. Por\u00a0Ayel\u00e9n Berdi\u00f1as &#8211; Fuente: https:\/\/www.pagina12.com.ar\/ 26 de agosto, 2026. En una arremetida del Gobierno contra la prensa, el [&hellip;]<\/p>\n","protected":false},"author":3,"featured_media":3348,"comment_status":"closed","ping_status":"closed","sticky":false,"template":"","format":"standard","meta":{"sync_status":"","episode_type":"","audio_file":"","castos_file_data":"","podmotor_file_id":"","cover_image":"","cover_image_id":"","duration":"","filesize":"","filesize_raw":"","date_recorded":"","explicit":"","block":"","footnotes":""},"categories":[116],"tags":[],"class_list":["post-3347","post","type-post","status-publish","format-standard","has-post-thumbnail","hentry","category-sociedad"],"_links":{"self":[{"href":"https:\/\/fmmural91.uno\/2024\/wp-json\/wp\/v2\/posts\/3347","targetHints":{"allow":["GET"]}}],"collection":[{"href":"https:\/\/fmmural91.uno\/2024\/wp-json\/wp\/v2\/posts"}],"about":[{"href":"https:\/\/fmmural91.uno\/2024\/wp-json\/wp\/v2\/types\/post"}],"author":[{"embeddable":true,"href":"https:\/\/fmmural91.uno\/2024\/wp-json\/wp\/v2\/users\/3"}],"replies":[{"embeddable":true,"href":"https:\/\/fmmural91.uno\/2024\/wp-json\/wp\/v2\/comments?post=3347"}],"version-history":[{"count":1,"href":"https:\/\/fmmural91.uno\/2024\/wp-json\/wp\/v2\/posts\/3347\/revisions"}],"predecessor-version":[{"id":3349,"href":"https:\/\/fmmural91.uno\/2024\/wp-json\/wp\/v2\/posts\/3347\/revisions\/3349"}],"wp:featuredmedia":[{"embeddable":true,"href":"https:\/\/fmmural91.uno\/2024\/wp-json\/wp\/v2\/media\/3348"}],"wp:attachment":[{"href":"https:\/\/fmmural91.uno\/2024\/wp-json\/wp\/v2\/media?parent=3347"}],"wp:term":[{"taxonomy":"category","embeddable":true,"href":"https:\/\/fmmural91.uno\/2024\/wp-json\/wp\/v2\/categories?post=3347"},{"taxonomy":"post_tag","embeddable":true,"href":"https:\/\/fmmural91.uno\/2024\/wp-json\/wp\/v2\/tags?post=3347"}],"curies":[{"name":"wp","href":"https:\/\/api.w.org\/{rel}","templated":true}]}}