{"id":3350,"date":"2026-08-26T08:51:05","date_gmt":"2026-08-26T11:51:05","guid":{"rendered":"https:\/\/fmmural91.uno\/2024\/?p=3350"},"modified":"2026-08-26T08:51:06","modified_gmt":"2026-08-26T11:51:06","slug":"el-gobierno-busca-la-media-sancion-de-la-reforma-del-bcra-y-de-inocencia-fiscal-ii","status":"publish","type":"post","link":"https:\/\/fmmural91.uno\/2024\/el-gobierno-busca-la-media-sancion-de-la-reforma-del-bcra-y-de-inocencia-fiscal-ii\/","title":{"rendered":"El Gobierno busca la media sanci\u00f3n de la reforma del BCRA y de Inocencia Fiscal II"},"content":{"rendered":"\n<h1 class=\"wp-block-heading\">Diputados, entre la agenda libertaria y la de las problem\u00e1ticas sociales<\/h1>\n\n\n\n<p class=\"wp-block-paragraph\">La oposici\u00f3n intentar\u00e1 un apartamiento de reglamento para emplazar los proyectos sobre familias endeudadas y la pr\u00f3rroga de la Emergencia en Discapacidad. La visita del Papa y su impacto en el temario legislativo.<\/p>\n\n\n\n<p class=\"wp-block-paragraph\"><a href=\"https:\/\/www.pagina12.com.ar\/autores\/paula-marussich\">Por\u00a0Paula Marussich<\/a>   &#8211;   Fuente: <a href=\"https:\/\/www.pagina12.com.ar\/\">https:\/\/www.pagina12.com.ar\/<\/a>   26 de agosto, 2026.<\/p>\n\n\n\n<p class=\"wp-block-paragraph\"><br>Mientras el oficialismo ordena la tropa para darle media sanci\u00f3n a<strong>&nbsp;la reforma de la Carta Org\u00e1nica del Banco Central y el Proyecto de Inocencia Fiscal II&nbsp;<\/strong>desde el mediod\u00eda, la oposici\u00f3n se prepara para avanzar con una agenda alineada con los padecimientos populares, entre ellos, el endeudamiento masivo de millones de familias y el incumplimiento de la Emergencia en Discapacidad. La ofensiva opositora cuenta con un primer obst\u00e1culo: Mart\u00edn&nbsp;<strong>Menem exigir\u00e1 las tres cuartas partes de los votos del recinto para emplazar los expedientes por no ser parte del temario<\/strong>. Aun no contando con los votos, ser\u00e1 un primer testeo de adhesiones para llamar a una sesi\u00f3n especial el pr\u00f3ximo 9 de septiembre.&nbsp;<strong>La potencial visita del Papa Le\u00f3n XIV al Instituto Don Orione, en Claypole,<\/strong>&nbsp;donde viven unas 400 personas con discapacidad, ya opera como el instrumento de presi\u00f3n menos pensado para un gobierno capaz de vetar la ayuda a quienes m\u00e1s la necesitan. Para Milei, la agenda de la oposici\u00f3n solo busca \u201cgenerar divisi\u00f3n en la sociedad y ser utilizados como ejes de confrontaci\u00f3n pol\u00edtica\u201d.<\/p>\n\n\n\n<p class=\"wp-block-paragraph\">Lejos de convalidar cualquier paliativo para los millones de endeudados, el Gobierno volvi\u00f3 a rechazar cualquier tipo de asistencia bajo&nbsp;<strong>el ins\u00f3lito argumento de que hacerlo ser\u00eda \u201csalvar a los bancos\u201d.<\/strong>&nbsp;La explicaci\u00f3n corri\u00f3 por cuenta del vocero presidencial,<strong>&nbsp;Adri\u00e1n Ravier, quien ayer asegur\u00f3 que \u201clas l\u00edneas de cr\u00e9dito se incrementaron en 2025, en concreto con el ataque pol\u00edtico del Congreso,<\/strong>&nbsp;que vot\u00f3 con mucha irresponsabilidad proyectos de ley que no ten\u00edan un financiamiento claro\u201d. Con esta declaraci\u00f3n, el Gobierno dio en las \u00faltimas 72 horas tres se\u00f1ales concretas de que no ayudar\u00e1 a quienes contrajeron deudas a salir del laberinto al que la propia administraci\u00f3n libertaria los empuj\u00f3 con la desregulaci\u00f3n de las tasas de inter\u00e9s, la depreciaci\u00f3n de los ingresos y el aumento sin l\u00edmite de los gastos fijos.<\/p>\n\n\n\n<p class=\"wp-block-paragraph\">Mientras trabaja en criterio<strong>s para unificar los 28 proyectos que se acumulan en la C\u00e1mara Baja<\/strong>, la oposici\u00f3n podr\u00eda impulsar hoy un apartamiento de reglamento para forzar el tratamiento en comisiones tanto de los proyectos de desendeudamiento como de la pr\u00f3rroga de la Emergencia en Discapacidad. A diferencia de 2025, cuando la oposici\u00f3n us\u00f3 incluso las sesiones del oficialismo para emplazar sus propias iniciativas, el presidente de la C\u00e1mara, Mart\u00edn Menem, exige ahora tres cuartos de los votos para ampliar el temario. \u201cNosotros vemos un escenario donde no vamos a tener los votos, pero vamos a llevar el tema al recinto para tener un poroteo un poco m\u00e1s fino de con qui\u00e9n contamos\u201d, explicaron desde el bloque Provincias Unidas a&nbsp;<strong>P\u00e1gina\/12<\/strong>.<\/p>\n\n\n\n<p class=\"wp-block-paragraph\">En efecto,&nbsp;<strong>la sesi\u00f3n ser\u00e1 una prueba de fuego para el nuevo bloque Argentina Federal,<\/strong>&nbsp;que responde a los gobernadores Hugo Passalacqua y Gustavo S\u00e1enz, y que promete menos alineamiento con la Casa Rosada y gui\u00f1os al peronismo. Con ese resultado, los bloques Uni\u00f3n por la Patria, la Izquierda, la Coalici\u00f3n C\u00edvica y los bloques provinciales que se alineen detr\u00e1s de esta agenda se reunir\u00e1n el jueves para avanzar en una sesi\u00f3n especial el pr\u00f3ximo 9 de septiembre.<\/p>\n\n\n\n<p class=\"wp-block-paragraph\">El otro tema con el que la oposici\u00f3n busca avanzar es con&nbsp;<strong>la pr\u00f3rroga de la Emergencia en Discapacidad.<\/strong>&nbsp;Luego de vetarla y de que el Congreso insistiera con dos tercios en ambas c\u00e1maras, el Gobierno reglament\u00f3 la Emergencia en Discapacidad por orden judicial. As\u00ed y todo, los familiares y las organizaciones denuncian una y otra vez la falta de recursos y las trabas con las que se encuentran a diario para acceder a prestaciones b\u00e1sicas. El proyecto prorroga hasta el 31 de diciembre de 2027 la emergencia declarada por la Ley 27.793. Seg\u00fan explic\u00f3 el diputado Juan Marino, vicepresidente de la Comisi\u00f3n de Discapacidad: \u201cEl proyecto responde a un reclamo generalizado de las organizaciones de y para personas con discapacidad, y cuenta con las firmas de los bloques Uni\u00f3n por la Patria, Provincias Unidas, Defendamos C\u00f3rdoba, Innovaci\u00f3n Federal, Frente de Izquierda, Encuentro Federal, Coalici\u00f3n C\u00edvica, Primero San Luis\u201d. La transversalidad de las firmas da cuenta de un futuro rev\u00e9s para el Gobierno. \u201cEs un tema en el que estamos invictos\u201d, confi\u00f3 un diputado de UxP a&nbsp;<strong>P\u00e1gina\/12<\/strong>.<\/p>\n\n\n\n<h3 class=\"wp-block-heading\">La presi\u00f3n menos pensada<\/h3>\n\n\n\n<p class=\"wp-block-paragraph\">El Gobierno busca salir airoso de la visita de Le\u00f3n XIV y capitalizar su paso por la Argentina. Pero la agenda que delinea el Vaticano muestra enormes diferencias con el presidente de ultraderecha. Milei es un fan confeso de los tecnomillonarios a los que el pont\u00edfice combate. En su \u00faltima enc\u00edclica, Le\u00f3n XIV reclama humanizar la tecnolog\u00eda y advierte que los algoritmos no son neutrales.<\/p>\n\n\n\n<p class=\"wp-block-paragraph\">Por otra parte, la Iglesia sigue de cerca la crisis en discapacidad. D\u00edas atr\u00e1s se supo que el Instituto Don Orione de Claypole aparece entre los lugares que el Papa podr\u00eda visitar durante su estad\u00eda en el pa\u00eds. El 30 de agosto llegar\u00e1 una segunda misi\u00f3n de avanzada del Vaticano para recorrer los posibles escenarios de la visita prevista para noviembre.<strong>&nbsp;La presencia de Le\u00f3n XIV<\/strong>&nbsp;en uno de los ocho institutos Don Orione que hay en el pa\u00eds, donde viven unas 400 personas con discapacidad que no cuentan con una red familiar capaz de sostener sus cuidados,<strong>&nbsp;podr\u00eda convertirse en la mayor vidriera para una agenda que Milei castiga y esconde debajo de la alfombra.<\/strong><\/p>\n\n\n\n<h3 class=\"wp-block-heading\">La sesi\u00f3n<\/h3>\n\n\n\n<p class=\"wp-block-paragraph\">Sin mayores contratiempos, el oficialismo se encamina a aprobar la reforma al Banco Central \u2014un tema que obsesiona al presidente Javier Milei desde que el Fondo Monetario Internacional (FMI) lo incorpor\u00f3 a su men\u00fa de exigencias\u2014 y la Inocencia Fiscal II. Tambi\u00e9n se tratar\u00e1 la adhesi\u00f3n de la Argentina al Tratado de Cooperaci\u00f3n en Materia de Patentes (PCT). La oposici\u00f3n descuenta que el oficialismo reunir\u00e1 el qu\u00f3rum y aprobar\u00e1 la reforma, aunque adelantan que \u201cel blindaje a Bausili puede tener menos votos que la ley en general\u201d.<\/p>\n\n\n\n<p class=\"wp-block-paragraph\"><strong>\u201cHemos trabajado durante 20 d\u00edas, creemos que tenemos los n\u00fameros, pero no hay que ser exitistas\u201d,<\/strong>&nbsp;dijo el jefe de la bancada libertaria,<strong>&nbsp;Gabriel Bornoroni,<\/strong>&nbsp;tras asistir a una cumbre de legisladores en la Casa Rosada que encabez\u00f3 el propio Milei. Seg\u00fan trascendi\u00f3, \u201cMilei explic\u00f3 que una de las principales estrategias de la oposici\u00f3n consiste en instalar determinados temas como \u2018mercados repugnantes\u2019, capaces de generar divisi\u00f3n en la sociedad y ser utilizados como ejes de confrontaci\u00f3n pol\u00edtica\u201d.<\/p>\n\n\n\n<p class=\"wp-block-paragraph\">Seg\u00fan inform\u00f3 la Casa Rosada, \u201cMilei se refiri\u00f3 a los cuestionamientos sobre la morosidad y sostuvo que es necesario analizar los datos y las causas detr\u00e1s de cada situaci\u00f3n, sin convertirlas en un problema macroecon\u00f3mico. Destac\u00f3 la consistencia de la pol\u00edtica fiscal y monetaria y remarc\u00f3 que la Argentina lleva 27 meses consecutivos de crecimiento\u201d.<\/p>\n","protected":false},"excerpt":{"rendered":"<p>Diputados, entre la agenda libertaria y la de las problem\u00e1ticas sociales La oposici\u00f3n intentar\u00e1 un apartamiento de reglamento para emplazar los proyectos sobre familias endeudadas y la pr\u00f3rroga de la Emergencia en Discapacidad. La visita del Papa y su impacto en el temario legislativo. Por\u00a0Paula Marussich &#8211; Fuente: https:\/\/www.pagina12.com.ar\/ 26 de agosto, 2026. Mientras el [&hellip;]<\/p>\n","protected":false},"author":3,"featured_media":3351,"comment_status":"closed","ping_status":"closed","sticky":false,"template":"","format":"standard","meta":{"sync_status":"","episode_type":"","audio_file":"","castos_file_data":"","podmotor_file_id":"","cover_image":"","cover_image_id":"","duration":"","filesize":"","filesize_raw":"","date_recorded":"","explicit":"","block":"","footnotes":""},"categories":[24],"tags":[],"class_list":["post-3350","post","type-post","status-publish","format-standard","has-post-thumbnail","hentry","category-politica"],"_links":{"self":[{"href":"https:\/\/fmmural91.uno\/2024\/wp-json\/wp\/v2\/posts\/3350","targetHints":{"allow":["GET"]}}],"collection":[{"href":"https:\/\/fmmural91.uno\/2024\/wp-json\/wp\/v2\/posts"}],"about":[{"href":"https:\/\/fmmural91.uno\/2024\/wp-json\/wp\/v2\/types\/post"}],"author":[{"embeddable":true,"href":"https:\/\/fmmural91.uno\/2024\/wp-json\/wp\/v2\/users\/3"}],"replies":[{"embeddable":true,"href":"https:\/\/fmmural91.uno\/2024\/wp-json\/wp\/v2\/comments?post=3350"}],"version-history":[{"count":1,"href":"https:\/\/fmmural91.uno\/2024\/wp-json\/wp\/v2\/posts\/3350\/revisions"}],"predecessor-version":[{"id":3352,"href":"https:\/\/fmmural91.uno\/2024\/wp-json\/wp\/v2\/posts\/3350\/revisions\/3352"}],"wp:featuredmedia":[{"embeddable":true,"href":"https:\/\/fmmural91.uno\/2024\/wp-json\/wp\/v2\/media\/3351"}],"wp:attachment":[{"href":"https:\/\/fmmural91.uno\/2024\/wp-json\/wp\/v2\/media?parent=3350"}],"wp:term":[{"taxonomy":"category","embeddable":true,"href":"https:\/\/fmmural91.uno\/2024\/wp-json\/wp\/v2\/categories?post=3350"},{"taxonomy":"post_tag","embeddable":true,"href":"https:\/\/fmmural91.uno\/2024\/wp-json\/wp\/v2\/tags?post=3350"}],"curies":[{"name":"wp","href":"https:\/\/api.w.org\/{rel}","templated":true}]}}