{"id":3368,"date":"2026-08-26T09:33:11","date_gmt":"2026-08-26T12:33:11","guid":{"rendered":"https:\/\/fmmural91.uno\/2024\/?p=3368"},"modified":"2026-08-26T09:33:12","modified_gmt":"2026-08-26T12:33:12","slug":"debe-5-millones-tiene-4-hijos-y-penso-en-suicidarse-lo-unico-que-pido-es-trabajo","status":"publish","type":"post","link":"https:\/\/fmmural91.uno\/2024\/debe-5-millones-tiene-4-hijos-y-penso-en-suicidarse-lo-unico-que-pido-es-trabajo\/","title":{"rendered":"Debe 5 millones, tiene 4 hijos y pens\u00f3 en suicidarse: \u201cLo \u00fanico que pido es trabajo\u201d"},"content":{"rendered":"\n<p class=\"wp-block-paragraph\">Una mujer de Misiones relat\u00f3 que pens\u00f3 en quitarse la vida por no poder pagar servicios b\u00e1sicos. Su testimonio expone la crisis de endeudamiento y el aumento de\u00a0tarifas y cr\u00e9ditos usurarios en la era de Milei.\u00a0<\/p>\n\n\n\n<p class=\"wp-block-paragraph\">Fuente: <a href=\"https:\/\/www.eldestapeweb.com\/\">https:\/\/www.eldestapeweb.com\/<\/a>   26 de agosto, 2026.<\/p>\n\n\n\n<p class=\"wp-block-paragraph\"><strong><a target=\"_blank\" href=\"https:\/\/www.eldestapeweb.com\/economia\/-no-puede-negar-los-datos-la-alarmante-advertencia-por-las-cifras-de-morosidad-y-endeudamiento-2026823233310\" rel=\"noopener\">El caso de Natalia, una mujer de Arist\u00f3bulo del Valle, provincia de Misiones, expuso&nbsp;la realidad de millones de argentinos atravesados por las deudas<\/a>.<\/strong>&nbsp;La mujer relat\u00f3 que&nbsp;<strong>pens\u00f3 en quitarse la vida porque no puede pagar los servicios b\u00e1sico&nbsp;y hasta dej\u00f3 una carta a sus hijos<\/strong>. \u201cYa no puedo pagar la luz ni el agua. Pens\u00e9 en quitarme la vida, pero mis hijos me necesitan\u201d, confes\u00f3.<\/p>\n\n\n\n<p class=\"wp-block-paragraph\">En una entrevista en&nbsp;<em>Cr\u00f3nica TV<\/em>, Natalia cont\u00f3 que planeaba arrojarse desde el puente de Cu\u00f1apir\u00fa&nbsp;-de m\u00e1s de 80 metros de altura -pero vecinos y familiares lograron detenerla a tiempo.<strong>&nbsp;Explic\u00f3 que todo comenz\u00f3 con una deuda de un pr\u00e9stamo de 300.000 pesos para pagar boletas de luz y agua. \u201cAhora me est\u00e1n cobrando 5 millones. El inter\u00e9s sube cada mes\u201d<\/strong>,<strong>&nbsp;<\/strong>denunci\u00f3<\/p>\n\n\n\n<p class=\"wp-block-paragraph\">La mujer detall\u00f3 que\u00a0<strong>debi\u00f3 vender hasta la garrafa de gas<\/strong>\u00a0y que cocina con agua de arroyo en un fuego improvisado. \u201cNo tenemos nada en la casa, mis hijos van a comer a lo de la madrina\u201d, agreg\u00f3. Natalia que cont\u00f3 que sus hijos realizan changas y hasta pescan anguilas para vender y comprar pan o harina.<strong>\u00a0\u201cVivimos de lo que se pueda, pero no alcanza<\/strong>\u201d, lament\u00f3.\u00a0<\/p>\n\n\n\n<p class=\"wp-block-paragraph\">Natalia&nbsp;insisti\u00f3 en que su mayor pedido es trabajo.&nbsp;<strong>\u201cYo lo \u00fanico que pido es trabajo para mi familia. Un d\u00eda hay, al otro llueve, y semanas enteras no se consigue nada\u201d<\/strong>, expres\u00f3.<\/p>\n\n\n\n<p class=\"wp-block-paragraph\">El relato se cruza con las \u00faltimas declaraciones del presidente Javier Milei que hab\u00eda afirmado que&nbsp;<strong>la gente se endeud\u00f3 para comprar televisores<\/strong>&nbsp;durante el Mundial de Estados Unidos 2026. \u201cYo no tengo tele. La deuda fue para pagar la luz\u201d, le respondi\u00f3. Y cerr\u00f3:<strong>&nbsp;\u201cYo no quiero vivir as\u00ed, no tengo nada en mi casa. Solo quiero trabajo\u201d.<\/strong><\/p>\n\n\n\n<h2 class=\"wp-block-heading\">La crisis de salud mental<\/h2>\n\n\n\n<p class=\"wp-block-paragraph\"><strong>El endeudamiento familiar en Argentina se dispar\u00f3 en los \u00faltimos meses. Informes de&nbsp;<em>CEOP Latam<\/em>&nbsp;se\u00f1alan que m\u00e1s del 60% de los hogares tiene deudas vinculadas a servicios b\u00e1sicos o cr\u00e9ditos de consumo, no a bienes suntuarios.<\/strong><\/p>\n\n\n\n<p class=\"wp-block-paragraph\">La<em>&nbsp;Asociaci\u00f3n Civil por la Igualdad y la Justicia (ACIJ)&nbsp;<\/em>advirti\u00f3 que<strong>&nbsp;la quita de subsidios y el aumento de tarifas<\/strong>&nbsp;golpean especialmente a sectores vulnerables. Por ejemplo, en la provincia de&nbsp;<strong>Misiones<\/strong>, de donde es oriunda Natalia,&nbsp;<strong>el costo de la energ\u00eda se multiplic\u00f3 por cinco desde 2025.<\/strong><\/p>\n\n\n\n<p class=\"wp-block-paragraph\">En esta l\u00ednea, la Direcci\u00f3n Nacional de Salud Mental en Argentina registr\u00f3 que<strong>&nbsp;el 40% de las llamadas a l\u00edneas de emergencia en 2025 estuvieron relacionadas con problemas financieros y deudas impagables<\/strong>.&nbsp;<\/p>\n\n\n\n<blockquote class=\"wp-block-quote is-layout-flow wp-block-quote-is-layout-flow\">\n<p class=\"wp-block-paragraph\"><em>Para quienes atraviesan una crisis emocional o tienen pensamientos de suicidio, el Centro de Asistencia al Suicida (CAS) brinda asistencia personal, confidencial y an\u00f3nima de manera gratuita en la&nbsp;<strong>l\u00ednea 135<\/strong>&nbsp;(desde CABA y Gran Buenos Aires) o a trav\u00e9s de los n\u00fameros&nbsp;<strong>(011) 5275-1135 y 0800-345-1435<\/strong>&nbsp;desde todo el pa\u00eds, en el horario de 8 a 24 todos los d\u00edas. Asimismo,&nbsp;<\/em><strong><em>ante una emergencia o riesgo inminente, se debe llamar al 911 o al 107 del servicio SAME.&nbsp;<\/em><\/strong><\/p>\n<\/blockquote>\n\n\n\n<ul class=\"wp-block-list\">\n<li><a href=\"https:\/\/www.eldestapeweb.com\/tag\/endeudamiento-familiar\">Endeudamiento Familiar<\/a><\/li>\n\n\n\n<li><a href=\"https:\/\/www.eldestapeweb.com\/tag\/deuda\">Deuda<\/a><\/li>\n\n\n\n<li><a href=\"https:\/\/www.eldestapeweb.com\/tag\/suicidio\">Suicidio<\/a><\/li>\n\n\n\n<li><a href=\"https:\/\/www.eldestapeweb.com\/tag\/suicidios-en-argentina\">suicidios en Argentina<\/a><\/li>\n\n\n\n<li><a href=\"https:\/\/www.eldestapeweb.com\/tag\/crisis-economica\">Crisis Econ\u00f3mica<\/a><\/li>\n\n\n\n<li><a href=\"https:\/\/www.eldestapeweb.com\/tag\/javier-milei-presidente\">Javier Milei presidente<\/a><\/li>\n<\/ul>\n","protected":false},"excerpt":{"rendered":"<p>Una mujer de Misiones relat\u00f3 que pens\u00f3 en quitarse la vida por no poder pagar servicios b\u00e1sicos. Su testimonio expone la crisis de endeudamiento y el aumento de\u00a0tarifas y cr\u00e9ditos usurarios en la era de Milei.\u00a0 Fuente: https:\/\/www.eldestapeweb.com\/ 26 de agosto, 2026. El caso de Natalia, una mujer de Arist\u00f3bulo del Valle, provincia de Misiones, [&hellip;]<\/p>\n","protected":false},"author":3,"featured_media":3369,"comment_status":"closed","ping_status":"closed","sticky":false,"template":"","format":"standard","meta":{"sync_status":"","episode_type":"","audio_file":"","castos_file_data":"","podmotor_file_id":"","cover_image":"","cover_image_id":"","duration":"","filesize":"","filesize_raw":"","date_recorded":"","explicit":"","block":"","footnotes":""},"categories":[116],"tags":[],"class_list":["post-3368","post","type-post","status-publish","format-standard","has-post-thumbnail","hentry","category-sociedad"],"_links":{"self":[{"href":"https:\/\/fmmural91.uno\/2024\/wp-json\/wp\/v2\/posts\/3368","targetHints":{"allow":["GET"]}}],"collection":[{"href":"https:\/\/fmmural91.uno\/2024\/wp-json\/wp\/v2\/posts"}],"about":[{"href":"https:\/\/fmmural91.uno\/2024\/wp-json\/wp\/v2\/types\/post"}],"author":[{"embeddable":true,"href":"https:\/\/fmmural91.uno\/2024\/wp-json\/wp\/v2\/users\/3"}],"replies":[{"embeddable":true,"href":"https:\/\/fmmural91.uno\/2024\/wp-json\/wp\/v2\/comments?post=3368"}],"version-history":[{"count":1,"href":"https:\/\/fmmural91.uno\/2024\/wp-json\/wp\/v2\/posts\/3368\/revisions"}],"predecessor-version":[{"id":3370,"href":"https:\/\/fmmural91.uno\/2024\/wp-json\/wp\/v2\/posts\/3368\/revisions\/3370"}],"wp:featuredmedia":[{"embeddable":true,"href":"https:\/\/fmmural91.uno\/2024\/wp-json\/wp\/v2\/media\/3369"}],"wp:attachment":[{"href":"https:\/\/fmmural91.uno\/2024\/wp-json\/wp\/v2\/media?parent=3368"}],"wp:term":[{"taxonomy":"category","embeddable":true,"href":"https:\/\/fmmural91.uno\/2024\/wp-json\/wp\/v2\/categories?post=3368"},{"taxonomy":"post_tag","embeddable":true,"href":"https:\/\/fmmural91.uno\/2024\/wp-json\/wp\/v2\/tags?post=3368"}],"curies":[{"name":"wp","href":"https:\/\/api.w.org\/{rel}","templated":true}]}}