{"id":3371,"date":"2026-08-27T08:28:55","date_gmt":"2026-08-27T11:28:55","guid":{"rendered":"https:\/\/fmmural91.uno\/2024\/?p=3371"},"modified":"2026-08-27T08:28:56","modified_gmt":"2026-08-27T11:28:56","slug":"pidieron-una-sesion-especial-para-septiembre","status":"publish","type":"post","link":"https:\/\/fmmural91.uno\/2024\/pidieron-una-sesion-especial-para-septiembre\/","title":{"rendered":"Pidieron una sesi\u00f3n especial para septiembre"},"content":{"rendered":"\n<h1 class=\"wp-block-heading\">Golpe opositor en Diputados: Hay qu\u00f3rum para el endeudamiento familiar y discapacidad<\/h1>\n\n\n\n<p class=\"wp-block-paragraph\">Los bloques que resisten a Milei en la C\u00e1mara baja lograron reunir 133 votos este mi\u00e9rcoles. Pese a que no se logr\u00f3 meter los proyectos, garantizaron el qu\u00f3rum para avanzar con los proyectos para el 9 de septiembre.<\/p>\n\n\n\n<p class=\"wp-block-paragraph\"><a href=\"https:\/\/www.pagina12.com.ar\/autores\/paula-marussich\">Por\u00a0Paula Marussich<\/a>   &#8211;   Fuente: <a href=\"https:\/\/www.pagina12.com.ar\/\">https:\/\/www.pagina12.com.ar\/<\/a>   27 de agosto, 2026.<\/p>\n\n\n\n<p class=\"wp-block-paragraph\">La oposici\u00f3n en Diputados no logr\u00f3 juntar los tres cuartos de los votos para incluir el desendeudamiento y la pr\u00f3rroga de la Emergencia en Discapacidad en el temario de la sesi\u00f3n, pero midi\u00f3 apoyos y se encamina a sesionar el pr\u00f3ximo 9 de septiembre para emplazar los proyectos.&nbsp;<strong>A pesar del bloqueo de los libertarios y sus aliados, la votaci\u00f3n nominal para incluir ambas iniciativas cosech\u00f3 133 votos. Una mayor\u00eda que ya atormenta a la Casa Rosada. Con ese n\u00famero, la oposici\u00f3n tiene garantizado el qu\u00f3rum para una sesi\u00f3n especial y la aprobaci\u00f3n de los proyectos que el oficialismo rechaza.<\/strong>&nbsp;Solamente los libertarios y el PRO se opusieron a buscar una soluci\u00f3n legislativa a los millones de endeudados y al colectivo de personas con discapacidad. En su debut, el bloque Argentina Federal, que responde a los gobernadores Hugo Passalacqua y Gustavo S\u00e1enz, abandon\u00f3 el alineamiento con el gobierno de Milei.&nbsp;<strong>La oposici\u00f3n<\/strong>&nbsp;<strong>agrupada en el Sal\u00f3n Pasos Perdidos fue la foto pol\u00edtica del d\u00eda. Desde all\u00ed dieron una conferencia de prensa y convocaron a la sesi\u00f3n especial.<\/strong><\/p>\n\n\n\n<p class=\"wp-block-paragraph\">El d\u00eda despu\u00e9s de la arenga de Javier Milei a su tropa legislativa en Casa Rosada, en la que volvi\u00f3 a desestimar el drama social de los endeudados, la oposici\u00f3n hizo una demostraci\u00f3n de fuerzas y avanz\u00f3 con su estrategia para llevar los proyectos al recinto.&nbsp;<strong>El n\u00famero entusiasm\u00f3 a los bloques opositores, que proyectaban unos 122 votos en la antesala de la marat\u00f3nica sesi\u00f3n en la que el oficialismo logr\u00f3 aprobar la reforma de la Carta Org\u00e1nica del Banco Central.<\/strong>&nbsp;Apenas se conoci\u00f3 la nueva mayor\u00eda, los mensajes entre los bloques comenzaron a circular y se convoc\u00f3 a una conferencia de prensa para anunciar el llamado a una sesi\u00f3n especial el pr\u00f3ximo 9 de septiembre. \u201cVamos a bajar nuestras bander\u00edas partidarias y nos vamos a juntar, y<strong>&nbsp;vamos a reunir m\u00e1s votos para que le podamos dar una respuesta al conjunto de los argentinos\u201d<\/strong>, dijo el radical Pablo Juliano desde el Sal\u00f3n Pasos Perdidos, donde diputados de todos los bloques, a excepci\u00f3n del oficialismo y el PRO, se mostraron a favor de legislar sobre un problema que afecta a 20 millones de argentinos, aunque el Presidente lo niegue.<\/p>\n\n\n\n<p class=\"wp-block-paragraph\">\u201cEstamos ac\u00e1 todos los bloques, dejando de lado nuestras diferencias, pero entendiendo que hay una realidad superior, que es el sufrimiento del pueblo argentino\u201d, dijo la diputada de Defendamos C\u00f3rdoba Natalia de la Sota, quien tambi\u00e9n es impulsora del proyecto que plantea la pr\u00f3rroga de la Ley de Emergencia en Discapacidad. El jefe de Uni\u00f3n por la Patria, Germ\u00e1n Mart\u00ednez, adelant\u00f3 que los pr\u00f3ximos d\u00edas<strong>&nbsp;\u201cnos dedicaremos a que, con todos estos bloques, con diputados y con especialistas, podamos ir generando los consensos necesarios para que, en el momento en el que lleguemos a la sesi\u00f3n, ya tengamos una propuesta que hacerle y que presente una soluci\u00f3n efectiva a este drama que viven las familias argentinas\u201d.<\/strong><\/p>\n\n\n\n<p class=\"wp-block-paragraph\">La jornada dej\u00f3 una foto pol\u00edtica que muestra una nueva correlaci\u00f3n de fuerzas en la C\u00e1mara Baja. Alrededor de Mart\u00ednez se ubicaron Nicol\u00e1s Massot, de Provincias Unidas; Marcela Pagano; Myriam Bregman; Maximiliano Ferraro, de la Coalici\u00f3n C\u00edvica, y Natalia de la Sota, entre otros. Adem\u00e1s del peronismo, la izquierda, la Coalici\u00f3n C\u00edvica y Provincias Unidas, se sumaron al pedido de apartamiento del reglamento los diputados de Catamarca, Misiones, Salta, Tucum\u00e1n y Neuqu\u00e9n. En total fueron 133 votos a favor de tratar los proyectos para los endeudados y la pr\u00f3rroga de la Emergencia en Discapacidad. El n\u00famero puede crecer si se tiene en cuenta que el cordob\u00e9s Brugge anunci\u00f3 que se sumar\u00e1 a la alianza opositora, aunque lleg\u00f3 tarde a la votaci\u00f3n, al igual que la diputada Pagano. Uni\u00f3n por la Patria, adem\u00e1s, tuvo dos ausentes.<\/p>\n\n\n\n<p class=\"wp-block-paragraph\">Solo el oficialismo y el PRO votaron en contra. La UCR, el MID, la radical Karina Banfi y los sanjuaninos de Producci\u00f3n y Trabajo ayudaron al Gobierno con abstenciones.<\/p>\n\n\n\n<p class=\"wp-block-paragraph\"><strong>La ley que viene<\/strong><\/p>\n\n\n\n<p class=\"wp-block-paragraph\">Seg\u00fan adelant\u00f3 Juliano, en las \u00faltimas horas se sumaron m\u00e1s proyectos y ya son 48 las iniciativas para paliar el drama de los endeudados. A pesar de que algunas contemplan la creaci\u00f3n de un fondo para dar garant\u00edas parciales a las entidades, el objetivo es avanzar con un proyecto \u201cque no tenga costo fiscal\u201d, explicaron a este diario. Solo de esta manera, el proyecto podr\u00eda eludir la Comisi\u00f3n de Presupuesto, que preside Bertie Benegas Lynch. El primer consenso es avanzar en \u201cmecanismos de resoluci\u00f3n de conflictos no judiciales\u201d. \u201cQue laburen los jueces\u201d, dijo un legislador a este diario.<\/p>\n\n\n\n<p class=\"wp-block-paragraph\">Antes, los legisladores deber\u00e1n establecer cu\u00e1l es el universo de deudores al que se les va a dar respuesta: si se va a legislar para los 20 millones de personas que contrajeron al menos una deuda o para los 6 millones que est\u00e1n en mora. Adem\u00e1s, deber\u00e1n definir a qui\u00e9nes ir\u00e1 dirigida la ayuda. Hay al menos cuatro segmentos identificados: quienes se endeudaron con tarjetas de cr\u00e9dito bancarias; quienes les deben a billeteras virtuales; quienes tienen problemas con tarjetas comerciales o no bancarias y, finalmente, quienes tomaron cr\u00e9dito irregular. Del cruce de estas dos variables \u2014universo de deudores y segmento\u2014 saldr\u00e1 la letra del proyecto que la oposici\u00f3n buscar\u00e1 aprobar.<\/p>\n\n\n\n<p class=\"wp-block-paragraph\">A priori, la sesi\u00f3n del pr\u00f3ximo 9 de septiembre ser\u00e1 para emplazar el proyecto a comisiones. Es la \u00fanica forma de obligar a los libertarios a que discutan los temas que bloquean. La Comisi\u00f3n de Finanzas es presidida por el libertario Santiago Pauli; en cambio, la de Defensa del Consumidor la preside el diputado de UxP Hugo Yasky. Aqu\u00ed, el camino estar\u00eda allanado. Una vez que se consiga el dictamen, el proyecto puede volver al recinto para ser aprobado con mayor\u00eda simple. Esta sesi\u00f3n ser\u00e1 en los primeros d\u00edas de octubre.<\/p>\n\n\n\n<p class=\"wp-block-paragraph\">\u201cInsistimos con el tema de la morosidad desde el principio del a\u00f1o parlamentario. Solicitamos dos sesiones especiales y en dos oportunidades pedimos ampliar el temario. No se pudo. Esta es la quinta vez. Sabemos que son 20 millones de personas los endeudados; en mora son 6 millones. Esto no puede estar ausente. No es posible que no se puedan abrir las comisiones\u201d, dijo Germ\u00e1n Mart\u00ednez antes de dar paso a la votaci\u00f3n nominal que abre una luz de esperanza a los millones de endeudados.<\/p>\n","protected":false},"excerpt":{"rendered":"<p>Golpe opositor en Diputados: Hay qu\u00f3rum para el endeudamiento familiar y discapacidad Los bloques que resisten a Milei en la C\u00e1mara baja lograron reunir 133 votos este mi\u00e9rcoles. Pese a que no se logr\u00f3 meter los proyectos, garantizaron el qu\u00f3rum para avanzar con los proyectos para el 9 de septiembre. Por\u00a0Paula Marussich &#8211; Fuente: https:\/\/www.pagina12.com.ar\/ [&hellip;]<\/p>\n","protected":false},"author":3,"featured_media":3372,"comment_status":"closed","ping_status":"closed","sticky":false,"template":"","format":"standard","meta":{"sync_status":"","episode_type":"","audio_file":"","castos_file_data":"","podmotor_file_id":"","cover_image":"","cover_image_id":"","duration":"","filesize":"","filesize_raw":"","date_recorded":"","explicit":"","block":"","footnotes":""},"categories":[21,116],"tags":[],"class_list":["post-3371","post","type-post","status-publish","format-standard","has-post-thumbnail","hentry","category-economia","category-sociedad"],"_links":{"self":[{"href":"https:\/\/fmmural91.uno\/2024\/wp-json\/wp\/v2\/posts\/3371","targetHints":{"allow":["GET"]}}],"collection":[{"href":"https:\/\/fmmural91.uno\/2024\/wp-json\/wp\/v2\/posts"}],"about":[{"href":"https:\/\/fmmural91.uno\/2024\/wp-json\/wp\/v2\/types\/post"}],"author":[{"embeddable":true,"href":"https:\/\/fmmural91.uno\/2024\/wp-json\/wp\/v2\/users\/3"}],"replies":[{"embeddable":true,"href":"https:\/\/fmmural91.uno\/2024\/wp-json\/wp\/v2\/comments?post=3371"}],"version-history":[{"count":1,"href":"https:\/\/fmmural91.uno\/2024\/wp-json\/wp\/v2\/posts\/3371\/revisions"}],"predecessor-version":[{"id":3373,"href":"https:\/\/fmmural91.uno\/2024\/wp-json\/wp\/v2\/posts\/3371\/revisions\/3373"}],"wp:featuredmedia":[{"embeddable":true,"href":"https:\/\/fmmural91.uno\/2024\/wp-json\/wp\/v2\/media\/3372"}],"wp:attachment":[{"href":"https:\/\/fmmural91.uno\/2024\/wp-json\/wp\/v2\/media?parent=3371"}],"wp:term":[{"taxonomy":"category","embeddable":true,"href":"https:\/\/fmmural91.uno\/2024\/wp-json\/wp\/v2\/categories?post=3371"},{"taxonomy":"post_tag","embeddable":true,"href":"https:\/\/fmmural91.uno\/2024\/wp-json\/wp\/v2\/tags?post=3371"}],"curies":[{"name":"wp","href":"https:\/\/api.w.org\/{rel}","templated":true}]}}