{"id":3377,"date":"2026-08-27T08:39:32","date_gmt":"2026-08-27T11:39:32","guid":{"rendered":"https:\/\/fmmural91.uno\/2024\/?p=3377"},"modified":"2026-08-27T08:39:33","modified_gmt":"2026-08-27T11:39:33","slug":"diputados-aprobo-tambien-la-inocencia-fiscal-ii","status":"publish","type":"post","link":"https:\/\/fmmural91.uno\/2024\/diputados-aprobo-tambien-la-inocencia-fiscal-ii\/","title":{"rendered":"Diputados aprob\u00f3 tambi\u00e9n la Inocencia Fiscal II"},"content":{"rendered":"\n<h1 class=\"wp-block-heading\">Los aliados volvieron a jugar para Milei: media sanci\u00f3n para la reforma del Banco Central<\/h1>\n\n\n\n<p class=\"wp-block-paragraph\">La sesi\u00f3n estuvo marcada por tensiones y denuncias de atropello en la votaci\u00f3n, mientras la oposici\u00f3n advirti\u00f3 sobre riesgos de una nueva crisis financiera y critic\u00f3 la estrategia para perpetuar a las actuales autoridades del BCRA.<\/p>\n\n\n\n<p class=\"wp-block-paragraph\"><a href=\"https:\/\/www.pagina12.com.ar\/autores\/eva-moreira\">Por\u00a0Eva Moreira<\/a>   &#8211;   Fuente: <a href=\"https:\/\/www.pagina12.com.ar\/\">https:\/\/www.pagina12.com.ar\/<\/a>   27 de agosto, 2026.<\/p>\n\n\n\n<p class=\"wp-block-paragraph\">En una sesi\u00f3n marat\u00f3nica,<strong>&nbsp;el oficialismo logr\u00f3 darle media sanci\u00f3n a la ley que reforma la Carta Org\u00e1nica del Banco Central<\/strong>&nbsp;&#8211;que permitir\u00eda la perpetuidad de Santiago Bausilli al mando&#8211; con el acompa\u00f1amiento de los bloques aliados. Consigui\u00f3 144 votos afirmativos, 102 en contra y 9 abstenciones.&nbsp;<strong>Hubo cruces por el modo en que llevaron adelante la votaci\u00f3n en particular<\/strong>, donde la presidencia de la C\u00e1mara baja atropell\u00f3 a la oposici\u00f3n e impuso una votaci\u00f3n por t\u00edtulos y no por art\u00edculos. Al cierre de esta edici\u00f3n, la sesi\u00f3n continu\u00f3 con la aprobaci\u00f3n de Inocencia Fiscal II y de otros 14 proyectos, muchos de ellos iniciativa de legisladores aliados.&nbsp;<strong>Esa fue la estrategia del gobierno para asegurarse las voluntades necesarias.<\/strong><\/p>\n\n\n\n<p class=\"wp-block-paragraph\">La discusi\u00f3n por la reforma del BCRA casi termina a las pi\u00f1as. La oposici\u00f3n pretend\u00eda que el pol\u00e9mico art\u00edculo 13, que habilita el uso de las reservas como garant\u00eda se votara por separado y de forma nominal. \u201cNadie habl\u00f3 del articulo 13\u201d, se quej\u00f3 Julia Strada de la pobre defensa que hizo el oficialismo de la norma. Myriam Bregman tambi\u00e9n cuestion\u00f3 que no accedieran a separar el tratamiento de uno de los puntos m\u00e1s criticados. \u201cYa que est\u00e1n entregando todo, pongan los deditos\u201d, arremeti\u00f3 contra Mart\u00edn Menem.<\/p>\n\n\n\n<p class=\"wp-block-paragraph\">El proyecto impulsado por el Gobierno obtuvo 144 votos a favor, 102 en contra y 9 abstenciones. La Libertad Avanza cont\u00f3 con el acompa\u00f1amiento de sus aliados de siempre; el interbloque Fuerza del Cambio, el Pro, la UCR, el MID, Jos\u00e9 Luis Garrido y Karina Banfi. Tambi\u00e9n levantaron la mano los representantes de Neuqu\u00e9n, San Juan, Tucum\u00e1n Misiones y Salta. Estos dos \u00faltimos presentaron antes de la sesi\u00f3n un nuevo bloque Argentina Federal con la presencia del gobernador misionero Hugo Passalacqua en el Congreso. El nuevo bloque marca un distanciamiento con el antiguo cacique local Carlos Rovira y preve\u00eda un endurecimiento en la relaci\u00f3n con el gobierno. Pero esto no se percibi\u00f3 en la sesi\u00f3n.<\/p>\n\n\n\n<p class=\"wp-block-paragraph\">Tambi\u00e9n se sumaron a la iniciativa del gobierno 12 de los 18 diputados de Provincias Unidas. Los cordobeses Carolina Basualdo, Ignacio Garc\u00eda Aresca, Carlos Guti\u00e9rrez, Juan Schiaretti y Alejandra Torres; los juje\u00f1os Jorge Rizzotti e In\u00e9s Zigar\u00e1n; los santafesinos Gisela Scaglia y Jos\u00e9 N\u00fa\u00f1ez; el chubutense Jorge \u201cLoma\u201d \u00c1vila; la mendocina Lourdes Arrieta; y el rionegrino Sergio Capozzi. Tambi\u00e9n vot\u00f3 a favor Maximiliano Ferraro de la Coalici\u00f3n C\u00edvica. El resto de las abstenciones fueron de los 3 diputados de Elijo Catamarca; Nicol\u00e1s Massot de Encuentro Federal; y Mart\u00edn Lousteau, Pablo Juliano, Mariela Coletta y Juan Br\u00fcgge de Provincias Unidas. Adem\u00e1s, M\u00f3nica Frade de la Coalici\u00f3n Civica.<\/p>\n\n\n\n<p class=\"wp-block-paragraph\">Pero la votaci\u00f3n en particular se pic\u00f3. La oposici\u00f3n pretend\u00eda que el pol\u00e9mico art\u00edculo 13, que habilita el uso de las reservas como garant\u00eda se votara por separado y de forma nominal. El presidente de la C\u00e1mara hizo caso omiso a la moci\u00f3n de la oposici\u00f3n y ni si quiera la puso a consideraci\u00f3n del recinto. El debate casi termina a las pi\u00f1as, con Aldo Leiva contenido por sus compa\u00f1eros de bancada.<\/p>\n\n\n\n<p class=\"wp-block-paragraph\">Finalmente, la votaci\u00f3n en particular, logr\u00f3 una holgada mayor\u00eda. El t\u00edtulo I, obtuvo 138 votos a favor 110 en contra y 7 abstenciones. El Titulo II, logr\u00f3 142 afirmativos, 107 negativos y 6 abstenciones.<\/p>\n\n\n\n<p class=\"wp-block-paragraph\"><strong>Los cuestionamientos al proyecto<\/strong><\/p>\n\n\n\n<p class=\"wp-block-paragraph\">El debate por la reforma tuvo las principales criticas por parte de Uni\u00f3n por la Patria y la Izquierda, quienes cuestionaron la intenci\u00f3n de encorsetar al banco central en una pol\u00edtica que est\u00e1 dando muestras de fracaso. En este sentido, se pronunci\u00f3 el legislador Itai Hagman que hizo hincapi\u00e9 en que \u201cse esta incubando una nueva crisis financiera\u201d con estas modificaciones al Carta org\u00e1nica del BCRA. \u201cEl banco central podr\u00eda tener un rol muy importante para que este esquema macroecon\u00f3mico no nos lleve a una nueva crisis financiera como la que ha tenido la argentina de manera recurrente\u201d, sostuvo el diputado de UxP.<\/p>\n\n\n\n<p class=\"wp-block-paragraph\">En ese sentido, record\u00f3 que despu\u00e9s de la crisis de 2001 se determinaron \u201calgunas regulaciones macroprudenciales que hoy se est\u00e1n quitando. Por ejemplo, la que le proh\u00edbe a los bancos prestar d\u00f3lares a empresas que no generan d\u00f3lares\u201d, subray\u00f3 y afirm\u00f3 que \u201cest\u00e1n incubando una nueva crisis financiera\u201d.<\/p>\n\n\n\n<p class=\"wp-block-paragraph\">Agust\u00edn Rossi marc\u00f3 las intenciones que hay detr\u00e1s de las modificaciones que pretende el gobierno. \u201cEl \u00fanico objetivo es que las autoridades actuales del Banco Central sigan ejerciendo la pol\u00edtica monetaria en los pr\u00f3ximos a\u00f1os independientemente si el gobierno pierde\u201d. De esta forma cuestion\u00f3 la cl\u00e1usula de remoci\u00f3n del presidente del organismo que figura en el proyecto. La propuesta de ejecutivo pretende que la remoci\u00f3n del presidente y de los directores de la entidad requiera la aprobaci\u00f3n de los dos tercios de los votos de ambas c\u00e1maras del Congreso. Por lo que Rossi cuestion\u00f3 la falta de racionalidad y se pregunt\u00f3 por qu\u00e9 una fuerza que gana las elecciones debe gobernar con la pol\u00edtica monetaria del que perdi\u00f3.<\/p>\n\n\n\n<p class=\"wp-block-paragraph\">Otro de los cuestionamientos gir\u00f3 en torno a la independencia del banco central que el oficialismo dice querer sostener, pero existen sobradas muestras de que no ocurre. \u201cque Caputo y Bausili que son socios en la actividad privada hace mucho menos cre\u00edble este esp\u00edritu que quieren sostener de una potencial autonom\u00eda\u201d del organismo\u201d, reflexion\u00f3 el santafecino.<\/p>\n\n\n\n<p class=\"wp-block-paragraph\">El diputado Miguel \u00c1ngel Pichetto tambi\u00e9n carg\u00f3 contra el proyecto oficial por este punto. \u201cEstoy totalmente en contra de esta propuesta, estoy en contra del sistema de designaci\u00f3n, que, por simple mayor\u00eda, y para removerlo necesitan dos tercios\u201d, subray\u00f3 el rionegrino. \u201c\u00bfDe qu\u00e9 autonom\u00eda me hablan? Pretenden plantear este debate de la Carta Org\u00e1nica y mantenerlo al presidente del Banco Central, que es el socio y amigo del ministro Caputo\u201d, agreg\u00f3 el integrante del bloque Encuentro Federal.<\/p>\n\n\n\n<p class=\"wp-block-paragraph\">Romina del Pla sintetiz\u00f3 la propuesta del Ejecutivo: \u201cEstamos frente a la carta org\u00e1nica del Fondo Monetario internacional\u201d. La legisladora del frente de izquierda carg\u00f3 contra el articulo 14 del proyecto \u201cque dice que el Central no va a poder las utilidades para otra cosa que para cancelar esta deuda externa, p\u00fablica, usuraria, fraudulenta y al servicio de los negociados financieros que han hecho los banqueros. Pero para jubilados, universitarios y problemas varios que tiene este pa\u00eds, no\u201d, subray\u00f3.<\/p>\n\n\n\n<p class=\"wp-block-paragraph\">Martin Lousteau, quien se abstuvo al momento de la votaci\u00f3n, sostuvo en el recinto que \u201ccon esta carta org\u00e1nica el gobierno pudo bajar la inflaci\u00f3n\u201d. Por lo que para el radical el gobierno encontr\u00f3 instrumentos dentro de la Carta Org\u00e1nica vigente para llevar adelante la pol\u00edtica para lo cual lo eligieron. De esta forma, defendi\u00f3 la actual las herramientas que hoy tiene el organismo. \u201cNo tener herramientas es un gran peligro\u201d, advirti\u00f3 y manifest\u00f3 que en ese caso \u201cvamos a dar con tierra con cualquier reforma\u201d. Otro de los puntos que cuestion\u00f3 el ex ministro de econom\u00eda es aquel que permite que el BCRA \u201calquile d\u00f3lares cuando le falte y que para alquilar esos d\u00f3lares ponga en garant\u00eda las reservas\u201d.<\/p>\n\n\n\n<p class=\"wp-block-paragraph\">El presidente del bloque de Uni\u00f3n por la Patria, Germ\u00e1n Mart\u00ednez, tambi\u00e9n se refiri\u00f3 al pol\u00e9mico art\u00edculo 13 que permite poner como garant\u00eda las reservas argentinas, y lo caracteriz\u00f3 como un \u201cesc\u00e1ndalo\u201d. En tanto, advirti\u00f3 que \u201ccon lo \u00fanico con lo que no se puede volver atr\u00e1s con cualquier reforma de ley o con una resoluci\u00f3n administrativa, es con lo que est\u00e1n haciendo con las reservas como garant\u00eda\u201d, por lo que le pidi\u00f3 a los aliados del gobierno que \u201cno entren en esta trampa mortal para los intereses de la patria\u201d.<\/p>\n\n\n\n<p class=\"wp-block-paragraph\">Desde el oficialismo, defendieron la reforma haciendo hincapi\u00e9 en el flajelo de la inflaci\u00f3n. El jefe de bloque de la bancada libertaria, Gabriel Bornoroni festej\u00f3 que Milei se animara a \u201cponerle un candado al banco central, y que el principal objetivo que tenga el organismo sea preservar el valor de la moneda. \u201cConfiamos en lo que dice Milei porque todos los \u00edndices dicen que estamos en el camino correcto\u201d, sentenci\u00f3 en el recinto.<\/p>\n","protected":false},"excerpt":{"rendered":"<p>Los aliados volvieron a jugar para Milei: media sanci\u00f3n para la reforma del Banco Central La sesi\u00f3n estuvo marcada por tensiones y denuncias de atropello en la votaci\u00f3n, mientras la oposici\u00f3n advirti\u00f3 sobre riesgos de una nueva crisis financiera y critic\u00f3 la estrategia para perpetuar a las actuales autoridades del BCRA. Por\u00a0Eva Moreira &#8211; Fuente: [&hellip;]<\/p>\n","protected":false},"author":3,"featured_media":3378,"comment_status":"closed","ping_status":"closed","sticky":false,"template":"","format":"standard","meta":{"sync_status":"","episode_type":"","audio_file":"","castos_file_data":"","podmotor_file_id":"","cover_image":"","cover_image_id":"","duration":"","filesize":"","filesize_raw":"","date_recorded":"","explicit":"","block":"","footnotes":""},"categories":[24],"tags":[],"class_list":["post-3377","post","type-post","status-publish","format-standard","has-post-thumbnail","hentry","category-politica"],"_links":{"self":[{"href":"https:\/\/fmmural91.uno\/2024\/wp-json\/wp\/v2\/posts\/3377","targetHints":{"allow":["GET"]}}],"collection":[{"href":"https:\/\/fmmural91.uno\/2024\/wp-json\/wp\/v2\/posts"}],"about":[{"href":"https:\/\/fmmural91.uno\/2024\/wp-json\/wp\/v2\/types\/post"}],"author":[{"embeddable":true,"href":"https:\/\/fmmural91.uno\/2024\/wp-json\/wp\/v2\/users\/3"}],"replies":[{"embeddable":true,"href":"https:\/\/fmmural91.uno\/2024\/wp-json\/wp\/v2\/comments?post=3377"}],"version-history":[{"count":1,"href":"https:\/\/fmmural91.uno\/2024\/wp-json\/wp\/v2\/posts\/3377\/revisions"}],"predecessor-version":[{"id":3379,"href":"https:\/\/fmmural91.uno\/2024\/wp-json\/wp\/v2\/posts\/3377\/revisions\/3379"}],"wp:featuredmedia":[{"embeddable":true,"href":"https:\/\/fmmural91.uno\/2024\/wp-json\/wp\/v2\/media\/3378"}],"wp:attachment":[{"href":"https:\/\/fmmural91.uno\/2024\/wp-json\/wp\/v2\/media?parent=3377"}],"wp:term":[{"taxonomy":"category","embeddable":true,"href":"https:\/\/fmmural91.uno\/2024\/wp-json\/wp\/v2\/categories?post=3377"},{"taxonomy":"post_tag","embeddable":true,"href":"https:\/\/fmmural91.uno\/2024\/wp-json\/wp\/v2\/tags?post=3377"}],"curies":[{"name":"wp","href":"https:\/\/api.w.org\/{rel}","templated":true}]}}