{"id":3386,"date":"2026-08-27T08:55:29","date_gmt":"2026-08-27T11:55:29","guid":{"rendered":"https:\/\/fmmural91.uno\/2024\/?p=3386"},"modified":"2026-08-28T14:21:52","modified_gmt":"2026-08-28T17:21:52","slug":"teme-por-su-vida","status":"publish","type":"post","link":"https:\/\/fmmural91.uno\/2024\/teme-por-su-vida\/","title":{"rendered":"Teme por su vida"},"content":{"rendered":"\n<h1 class=\"wp-block-heading\">Nadia Beller no declar\u00f3 y reclam\u00f3 mayor protecci\u00f3n<\/h1>\n\n\n\n<p class=\"wp-block-paragraph\">La abogada, v\u00edctima de la tentativa de femicidio, iba a declarar este mi\u00e9rcoles sobre el enriquecimiento il\u00edcito de Fernando Cerimedo. Sin embargo, pidi\u00f3 el rango de testigo protegido, porque teme por su seguridad. Fuerte impacto en el gobierno boliviano.<\/p>\n\n\n\n<p class=\"wp-block-paragraph\"><a href=\"https:\/\/www.pagina12.com.ar\/autores\/raul-kollmann\">Por\u00a0Ra\u00fal Kollmann<\/a>   &#8211;   Fuente: <a href=\"https:\/\/www.pagina12.com.ar\/\">https:\/\/www.pagina12.com.ar\/<\/a>   27 de agosto, 2026.<\/p>\n\n\n\n<p class=\"wp-block-paragraph\">La abogada Nadia Beller, a\u00fan convaleciente por el ataque de sicarios que habr\u00edan sido enviados por Fernando Cerimedo, no declar\u00f3 este mi\u00e9rcoles en la causa por el enriquecimiento il\u00edcito del consultor argentino. La mujer pidi\u00f3 que se reprograme la audiencia cuando le den el estatus de&nbsp;<strong>testigo protegido<\/strong>, o sea, que no se revele ni su domicilio ni el contenido de su declaraci\u00f3n. Beller afirma que est\u00e1 en peligro y que lo va a estar todav\u00eda m\u00e1s despu\u00e9s de la declaraci\u00f3n. En las \u00faltimas horas, la letrada revel\u00f3 que tiene un audio del di\u00e1logo entre Cerimedo y la esposa del presidente boliviano, Bibi Urquidi, en el que hablan de la venta de combustible en el mercado negro cuando justamente en Bolivia hab\u00eda faltante de nafta y gasoil. Beller tambi\u00e9n sostiene que Cerimedo interven\u00eda en transacciones de oro. Asimismo, este mi\u00e9rcoles, el presidente Rodrigo Paz orden\u00f3 una \u201cinvestigaci\u00f3n minuciosa\u201d sobre el papel del consultor en su gobierno, un giro en su postura hasta el momento, ya que alegaban que la tentativa de femicidio fue \u201cun asunto de pareja\u201d. Igualmente, la Fiscal\u00eda de La Paz llam\u00f3 a declarar a Ximena Galarza, directora general de Comunicaci\u00f3n, que, seg\u00fan parece, ten\u00eda contratado a Cerimedo. Reci\u00e9n en los pr\u00f3ximos d\u00edas se barajar\u00e1 la posibilidad de que declare en la causa por los desfalcos en Discapacidad, aqu\u00ed en Buenos Aires.<\/p>\n\n\n\n<p class=\"wp-block-paragraph\"><strong>Sin protecci\u00f3n<\/strong><\/p>\n\n\n\n<p class=\"wp-block-paragraph\">Beller ven\u00eda manifestando su enojo porque se hab\u00eda filtrado el lugar donde est\u00e1 viviendo el postoperatorio despu\u00e9s del intento de femicidio. Se trata de la vivienda de un familiar. A ra\u00edz de esa filtraci\u00f3n, la mujer y su abogado, Jerjes Justiniano, pidieron tener la calidad de testigo protegido. Se menciona que no debe revelarse el domicilio, pero habr\u00eda otras exigencias que no figuran en el acta.<\/p>\n\n\n\n<p class=\"wp-block-paragraph\">Ante el planteo, presentado en un \u201cmemorial de previo y especial pronunciamiento\u201d, el fiscal N\u00e9stor Torres Tapia le orden\u00f3 al personal de la Fuerza Especial de Lucha contra el Crimen (FELCC) que abandone la vivienda donde iban a tomar la declaraci\u00f3n y qued\u00f3 planteada una reprogramaci\u00f3n. En el acta no figuran ni las condiciones ni cu\u00e1ndo se tomar\u00eda el nuevo testimonio.<\/p>\n\n\n\n<p class=\"wp-block-paragraph\">Como se sabe, la causa por enriquecimiento il\u00edcito no tramita en Santa Cruz de la Sierra, donde se produjo la tentativa de asesinato y donde vive Beller, sino en La Paz. La fiscal\u00eda a cargo ha mantenido bastante reserva: por ejemplo, pese a la consulta de&nbsp;<strong>P\u00e1gina\/12<\/strong>, no quiso revelar la totalidad de dinero que se le encontr\u00f3 a Cerimedo en los cinco allanamientos que se hicieron. Se mencionan cifras millonarias que despu\u00e9s no se confirmaron. De todas maneras, Beller cont\u00f3 que Cerimedo usaba vuelos privados en forma constante y se mov\u00eda en el mayor de los lujos.<\/p>\n\n\n\n<h3 class=\"wp-block-heading\"><strong>Y la primera dama<\/strong><\/h3>\n\n\n\n<p class=\"wp-block-paragraph\">En la previa a su declaraci\u00f3n, Beller habl\u00f3 de una de las pruebas que va a aportar. La abogada cont\u00f3: \u201cTengo un audio de una conversaci\u00f3n entre \u00e9l (Fernando Cerimedo) y ella (Bibi Urquidi, esposa del presidente Rodrigo Paz) sobre designaciones en Yacimientos Petrol\u00edferos Fiscales Bolivianos (YPFB) de gente que est\u00e1 haciendo las cosas mal, que ya fue denunciada. Es otra de las razones por la que me quiso ejecutar. Hubo cobros por la venta de di\u00e9sel y la existencia de un mercado negro de combustible que sal\u00eda de YPFB. En el audio, Fernando dice que Bibi sab\u00eda de todo eso porque le recrimina la incorporaci\u00f3n de esas personas que vend\u00edan el combustible. Fernando les dijo que no roben ahorita, que hab\u00eda que esperar dos o tres a\u00f1os. No me acuerdo exactamente de la conversaci\u00f3n\u201d.<\/p>\n\n\n\n<p class=\"wp-block-paragraph\">El presidente Rodrigo Paz sali\u00f3 ayer al cruce de estos dichos de Beller. \u201cNo hay nada. Son esc\u00e1ndalos, sin pruebas. Mi esposa ha sido intachable como parte de una familia construida sobre la base de cuatro chicos, tres mujeres y un chango\u201d.<\/p>\n\n\n\n<h3 class=\"wp-block-heading\"><strong>Presidencia y algo m\u00e1s<\/strong><\/h3>\n\n\n\n<p class=\"wp-block-paragraph\">Pese a los dichos presidenciales, la fiscal\u00eda de La Paz, la que investiga el enriquecimiento il\u00edcito, llam\u00f3 a declarar a Ximena Galarza, la mujer clave en la comunicaci\u00f3n del gobierno boliviano. Todo indica que exist\u00edan contratos y alg\u00fan flujo de dinero hacia Cerimedo, pero los montos que recib\u00eda el consultor eran mucho mayores que los que figuraban en los papeles. La citaci\u00f3n de Galarza parece brusca: \u201cEn caso de inasistencia, se expedir\u00e1 mandamiento de APREHENSI\u00d3N en su contra\u201d. Las may\u00fasculas figuran en el original de la citaci\u00f3n.<\/p>\n\n\n\n<p class=\"wp-block-paragraph\">En medio de la tormenta pol\u00edtica desatada en Bolivia por la tentativa de femicidio y porque aparece preso e involucrado un consultor del gobierno, el presidente Paz orden\u00f3 que se inicie una investigaci\u00f3n \u201cminuciosa\u201d del papel de Cerimedo. A priori neg\u00f3 que el consultor tuviera un contrato, pero la investigaci\u00f3n ordenada constituye un giro en lo que el gobierno boliviano ven\u00eda diciendo hasta ahora: \u201cTodo esto es un asunto de pareja\u201d, hab\u00edan explicado desde el ri\u00f1\u00f3n presidencial.<\/p>\n\n\n\n<p class=\"wp-block-paragraph\">La impresi\u00f3n es que el mandatario se ve venir una tormenta con las averiguaciones de la fiscal\u00eda y perciben que Beller tiene una larga serie de grabaciones. Seg\u00fan afirman quienes la conocen, la abogada suele registrar y grabar casi todas las conversaciones o di\u00e1logos que mantiene.<\/p>\n\n\n\n<p class=\"wp-block-paragraph\"><strong>El vicepresidente aprovecha<\/strong><\/p>\n\n\n\n<p class=\"wp-block-paragraph\">El actual vicepresidente de Bolivia, Edmand Lara, est\u00e1 enfrentado con el presidente Paz y, como tal, no le perdona el v\u00ednculo con Cerimedo. De hecho, le asegur\u00f3 a&nbsp;<strong>P\u00e1gina\/12<\/strong>&nbsp;durante una entrevista que el consultor argentino sol\u00eda dar \u00f3rdenes en las reuniones de gabinete en las que participaba: \u201c<a href=\"https:\/\/www.pagina12.com.ar\/2026\/08\/22\/edmand-lara-sobre-el-rol-de-cerimedo-tenia-poder-en-el-gobierno-y-la-policia\/\">Ten\u00eda un cargo, pero no figuraba en ninguna planilla, no ten\u00eda ning\u00fan memorando. Nunca supimos de d\u00f3nde se le pagaba\u201d<\/a>, afirm\u00f3.<\/p>\n\n\n\n<p class=\"wp-block-paragraph\">Poco antes de que Paz se despegara de Cerimedo, Lara asegur\u00f3 ante los medios bolivianos que \u201cdebe ser complicado para el presidente Paz salir y dar la cara y decir por qu\u00e9 Fernando Cerimedo era su asesor. Lo digo porque no solo est\u00e1 involucrado en una tentativa de femicidio, sino tambi\u00e9n por enriquecimiento il\u00edcito\u201d, dijo. Luego afirm\u00f3 que un senador, al que no identific\u00f3, dijo que \u201cCerimedo movi\u00f3 200 millones de d\u00f3lares en unos pocos meses\u201d. Por \u00faltimo, Lara se\u00f1al\u00f3 que \u201cpara el Presidente debe ser dif\u00edcil salir a dar la cara y, si no lo hace, su prestigio y credibilidad van a seguir cayendo\u201d.<\/p>\n","protected":false},"excerpt":{"rendered":"<p>Nadia Beller no declar\u00f3 y reclam\u00f3 mayor protecci\u00f3n La abogada, v\u00edctima de la tentativa de femicidio, iba a declarar este mi\u00e9rcoles sobre el enriquecimiento il\u00edcito de Fernando Cerimedo. Sin embargo, pidi\u00f3 el rango de testigo protegido, porque teme por su seguridad. Fuerte impacto en el gobierno boliviano. Por\u00a0Ra\u00fal Kollmann &#8211; Fuente: https:\/\/www.pagina12.com.ar\/ 27 de agosto, [&hellip;]<\/p>\n","protected":false},"author":3,"featured_media":3387,"comment_status":"closed","ping_status":"closed","sticky":false,"template":"","format":"standard","meta":{"sync_status":"","episode_type":"","audio_file":"","castos_file_data":"","podmotor_file_id":"","cover_image":"","cover_image_id":"","duration":"","filesize":"","filesize_raw":"","date_recorded":"","explicit":"","block":"","footnotes":""},"categories":[19],"tags":[],"class_list":["post-3386","post","type-post","status-publish","format-standard","has-post-thumbnail","hentry","category-internacionales"],"_links":{"self":[{"href":"https:\/\/fmmural91.uno\/2024\/wp-json\/wp\/v2\/posts\/3386","targetHints":{"allow":["GET"]}}],"collection":[{"href":"https:\/\/fmmural91.uno\/2024\/wp-json\/wp\/v2\/posts"}],"about":[{"href":"https:\/\/fmmural91.uno\/2024\/wp-json\/wp\/v2\/types\/post"}],"author":[{"embeddable":true,"href":"https:\/\/fmmural91.uno\/2024\/wp-json\/wp\/v2\/users\/3"}],"replies":[{"embeddable":true,"href":"https:\/\/fmmural91.uno\/2024\/wp-json\/wp\/v2\/comments?post=3386"}],"version-history":[{"count":1,"href":"https:\/\/fmmural91.uno\/2024\/wp-json\/wp\/v2\/posts\/3386\/revisions"}],"predecessor-version":[{"id":3388,"href":"https:\/\/fmmural91.uno\/2024\/wp-json\/wp\/v2\/posts\/3386\/revisions\/3388"}],"wp:featuredmedia":[{"embeddable":true,"href":"https:\/\/fmmural91.uno\/2024\/wp-json\/wp\/v2\/media\/3387"}],"wp:attachment":[{"href":"https:\/\/fmmural91.uno\/2024\/wp-json\/wp\/v2\/media?parent=3386"}],"wp:term":[{"taxonomy":"category","embeddable":true,"href":"https:\/\/fmmural91.uno\/2024\/wp-json\/wp\/v2\/categories?post=3386"},{"taxonomy":"post_tag","embeddable":true,"href":"https:\/\/fmmural91.uno\/2024\/wp-json\/wp\/v2\/tags?post=3386"}],"curies":[{"name":"wp","href":"https:\/\/api.w.org\/{rel}","templated":true}]}}