{"id":3392,"date":"2026-08-27T09:17:07","date_gmt":"2026-08-27T12:17:07","guid":{"rendered":"https:\/\/fmmural91.uno\/2024\/?p=3392"},"modified":"2026-08-28T14:11:38","modified_gmt":"2026-08-28T17:11:38","slug":"diputados-le-dio-a-milei-la-media-sancion-de-la-peruanizacion-del-bcra","status":"publish","type":"post","link":"https:\/\/fmmural91.uno\/2024\/diputados-le-dio-a-milei-la-media-sancion-de-la-peruanizacion-del-bcra\/","title":{"rendered":"Diputados le dio a Milei la media sanci\u00f3n de la peruanizaci\u00f3n del BCRA"},"content":{"rendered":"\n<p class=\"wp-block-paragraph\">La Libertad Avanza y aliados aprobaron en la C\u00e1mara baja la reforma de la carta org\u00e1nica de la entidad monetaria, que restringe sus funciones a la \u00abdefensa de la moneda\u00bb. Pasar\u00e1 al Senado<\/p>\n\n\n\n<p class=\"wp-block-paragraph\"><a href=\"https:\/\/www.eldestapeweb.com\/perfil\/federico-pokorowski\">Por\u00a0Federico Pokorowski<\/a>   &#8211;   Fuente: <a href=\"https:\/\/www.eldestapeweb.com\/\">https:\/\/www.eldestapeweb.com\/<\/a>   27 de agosto, 2026.<\/p>\n\n\n\n<p class=\"wp-block-paragraph\"><strong>La C\u00e1mara de\u00a0<a href=\"https:\/\/www.eldestapeweb.com\/politica\/oposicion-hara-sesion-especial-discutir-endeudamiento-discapacidad-2026826171928\">Diputados\u00a0<\/a>le dio media sanci\u00f3n por mayor\u00eda al proyecto de reforma a la peruana del Banco Central de la Rep\u00fablica Argentina (BCRA),\u00a0<\/strong>con el voto de\u00a0<strong>La Libertad Avanza (LLA)<\/strong>\u00a0y los bloques aliados. La iniciativa, que propone restringir las acciones de la entidad monetaria solo a la \u00abdefensa de la moneda\u00bb, pas\u00f3 al Senado.<\/p>\n\n\n\n<p class=\"wp-block-paragraph\"><strong>El expediente cont\u00f3 con&nbsp;<a href=\"https:\/\/www.eldestapeweb.com\/politica\/uno-uno-diputados-apoyaron-aprobacion-reforma-bcra-milei-202682618338\">144 votos a favor<\/a>, 102 en contra y 9 abstenciones.<\/strong>&nbsp;Las manos en alto en respaldo al proyecto fueron las de LLA, el PRO, la Uni\u00f3n C\u00edvica Radical (UCR), Movimiento de Integraci\u00f3n y Desarrollo (MID) y bloques provinciales como Argentina Federal (que hoy abandon\u00f3 la denominaci\u00f3n Innovaci\u00f3n Federal y hab\u00edan anunciado que adoptar\u00edan un perf\u00edl m\u00e1s opositor), Independencia, Por Santa Cruz, Producci\u00f3n y Trabajo, Adelante Buenos Aires&nbsp;y Provincias Unidas, salvo por los socialistas<strong>&nbsp;Esteban Paul\u00f3n&nbsp;<\/strong>y&nbsp;<strong>Pablo Far\u00edas<\/strong>. La Coalici\u00f3n C\u00edvica vot\u00f3 dividida:&nbsp;<strong>Maximiliano Ferraro&nbsp;<\/strong>a favor y<strong>&nbsp;Monica Frade&nbsp;<\/strong>se abstuvo.<\/p>\n\n\n\n<figure class=\"wp-block-embed\"><div class=\"wp-block-embed__wrapper\">\nhttps:\/\/www.eldestapeweb.com\/politica\/oposicion-hara-sesion-especial-discutir-endeudamiento-discapacidad-2026826171928\n<\/div><\/figure>\n\n\n\n<h2 class=\"wp-block-heading\">Qu\u00e9 dice el proyecto<\/h2>\n\n\n\n<p class=\"wp-block-paragraph\">La reforma de la carta org\u00e1nica del BCRA es un tema importante para el presidente Javier Milei, al punto que consider\u00f3 necesario anunciarlo por cadena nacional.&nbsp;<strong>El texto&nbsp;propone que&nbsp;la entidad financiera opere como su similar de Per\u00fa.&nbsp;<\/strong><\/p>\n\n\n\n<p class=\"wp-block-paragraph\">Con esto, la \u00fanica funci\u00f3n que tendr\u00e1 ser\u00e1&nbsp;&nbsp;\u00abpreservar el valor de la moneda\u00bb y no otras acciones como la promoci\u00f3n del empleo o la industria. Adem\u00e1s,&nbsp;<strong>propone la entronizaci\u00f3n de sus autoridades, ya que&nbsp;la remoci\u00f3n de su c\u00fapula se podr\u00e1 lograr solo con&nbsp;dos tercios de las dos c\u00e1maras.<\/strong><\/p>\n\n\n\n<h2 class=\"wp-block-heading\">Diputados aprob\u00f3 la reforma de la carta Org\u00e1nica del BCRA: lo que se dijo<\/h2>\n\n\n\n<h2 class=\"wp-block-heading\">&nbsp;<\/h2>\n\n\n\n<p class=\"wp-block-paragraph\">\u00abCada vez que al Estado le faltaba plata, se met\u00eda mano en el BCRA\u00bb por lo que \u00abla consecuencia de esta es la inflaci\u00f3n\u00bb, afirm\u00f3 el diputado de LLA&nbsp;<strong>Santiago Pauli,<\/strong>&nbsp;miembro informante del oficialismo, que sentenci\u00f3: \u00abQueremos erradicar la posibilidad de que cualquier gobierno emita indiscriminadamente\u00bb. El jefe de la bancada mileista,&nbsp;<strong>Gabriel Bornoroni,<\/strong>&nbsp;afirm\u00f3 que le&nbsp;<strong>van a \u00abponer un candado\u00bb a la entidad monetaria nacional.<\/strong><\/p>\n\n\n\n<p class=\"wp-block-paragraph\">Por la negativa, el jefe de la bancada de Uni\u00f3n por la Patria,<strong>\u00a0Germ\u00e1n Mart\u00ednez<\/strong>, denunci\u00f3 que\u00a0<strong>\u00abhay \u00e1lguien por encima de (<\/strong>el presidente del BCRA,\u00a0<strong>Santiago<\/strong><strong>) Bausilli y<\/strong>\u00a0(el\u00a0ministro de Econom\u00eda,\u00a0<strong>Luis<\/strong>)<strong>\u00a0Caputo, que es JP Morgan\u00bb<\/strong>, denunci\u00f3 el santafesino, que defini\u00f3 al proyecto como \u00abun blindaje\u00bb para \u00ablos que est\u00e1n detr\u00e1s\u00bb. El diputado<strong>\u00a0Itai Hagman<\/strong>\u00a0afirm\u00f3 que la intenci\u00f3n del proyecto es \u00abendeudar a la Argentina a trav\u00e9s del Banco Central\u00bb.<\/p>\n\n\n\n<figure class=\"wp-block-image size-full\"><a href=\"https:\/\/fmmural91.uno\/2024\/wp-content\/uploads\/2026\/08\/Captura-de-pantalla-2026-08-27-091212.png\"><img fetchpriority=\"high\" decoding=\"async\" width=\"697\" height=\"480\" src=\"https:\/\/fmmural91.uno\/2024\/wp-content\/uploads\/2026\/08\/Captura-de-pantalla-2026-08-27-091212.png\" alt=\"\" class=\"wp-image-3393\" srcset=\"https:\/\/fmmural91.uno\/2024\/wp-content\/uploads\/2026\/08\/Captura-de-pantalla-2026-08-27-091212.png 697w, https:\/\/fmmural91.uno\/2024\/wp-content\/uploads\/2026\/08\/Captura-de-pantalla-2026-08-27-091212-559x385.png 559w\" sizes=\"(max-width: 697px) 100vw, 697px\" \/><\/a><\/figure>\n\n\n\n<p class=\"wp-block-paragraph\"><\/p>\n\n\n\n<p class=\"wp-block-paragraph\">A su turno, el diputado de Encuentro Federal&nbsp;<strong>Miguel \u00c1ngel Pichetto&nbsp;<\/strong>tild\u00f3 de \u00abtrampa cazabobos\u00bb al proyecto de reforma de la carta Org\u00e1nica del BCRA, que afirm\u00f3 que conducir\u00e1 a&nbsp;la \u00abperuanizaci\u00f3n del BCRA\u00bb. Para el ex candidato a presidente, la entidad monetaria debe ser una \u00abherramienta que conduzca al desarrollo\u00bb y \u00abdebe estar subordinado a la pol\u00edtica del pa\u00eds\u00bb. Tambi\u00e9n cuestion\u00f3 que el proyecto entronice a las autoridades de la entidad:&nbsp;<strong>\u00abPretende mantener a Bausilli, amigo y socio del ministro Caputo\u00bb.<\/strong><\/p>\n\n\n\n<p class=\"wp-block-paragraph\">En la misma linea, el diputado de Provincias Unidas&nbsp;<strong>Esteban Paul\u00f3n<\/strong>&nbsp;record\u00f3 que desde la asunci\u00f3n de Milei, Bausilli es titular del BCRA en comisi\u00f3n, ya que el Jefe de Estadp nunca envi\u00f3 al Senado su pliego.&nbsp;&nbsp;<strong>\u00ab\u00bfO ser\u00e1 que el Presidente llegar\u00e1 al final del mandato y cinco minutos antes meta el pliego de Bausilli y se lo deje como clavo al que sigue?\u00bb,<\/strong>&nbsp;especul\u00f3.<\/p>\n\n\n\n<p class=\"wp-block-paragraph\">Sobre el final,&nbsp;Mart\u00ednez, pidi\u00f3 una moci\u00f3n para que se aparte el art\u00edculo 13 de la reforma de la carta Org\u00e1nica del BCRA. Este, que forma parte del&nbsp;capitulo I, sustituye el art\u00edculo 33 de la Carta Org\u00e1nica del BCRA actual. Con la nueva redacci\u00f3n, se establecer\u00eda qque \u00ablos bienes que integran las reservas son inembargables\u00bb y&nbsp;<strong>\u00abel Banco podr\u00e1&nbsp;mantener una parte de sus activos externos en dep\u00f3sitos u otras operaciones a inter\u00e9s, en&nbsp;instituciones bancarias del exterior, en oro, en activos financieros l\u00edquidos, o en papeles de&nbsp;reconocida solvencia y liquidez pagaderos en oro o en moneda extranjera, pudiendo&nbsp;utilizarlos como garant\u00eda en operaciones propias de banca central\u201d.<\/strong><\/p>\n\n\n\n<p class=\"wp-block-paragraph\">El titular de la C\u00e1mara,<strong>&nbsp;Mart\u00edn Menem,<\/strong>&nbsp;hab\u00eda avanzado en la votaci\u00f3n por t\u00edtulos. Eso enerv\u00f3 al peronismo, que se le fue al humo al riojano.<strong>&nbsp;\u00abNo me levant\u00e9s el dedito, que no te da\u00bb, le espet\u00f3 Mart\u00ednez al riojano.<\/strong>&nbsp;En el revuelo, el diputado de Uni\u00f3n por la Patria&nbsp;<strong>Aldo Leiva<\/strong>&nbsp;fue a buscar a su par de LLA&nbsp;<strong>Nicol\u00e1s Mayoraz,&nbsp;<\/strong>que se hab\u00eda referido a \u00e9l como \u00abpayaso\u00bb.<\/p>\n\n\n\n<ul class=\"wp-block-list\">\n<li><a href=\"https:\/\/www.eldestapeweb.com\/tag\/banco-central\">Banco Central<\/a><\/li>\n\n\n\n<li><a href=\"https:\/\/www.eldestapeweb.com\/tag\/congreso\">Congreso<\/a><\/li>\n\n\n\n<li><a href=\"https:\/\/www.eldestapeweb.com\/tag\/diputados\">Diputados<\/a><\/li>\n\n\n\n<li><a href=\"https:\/\/www.eldestapeweb.com\/tag\/javier-milei-presidente\">Javier Milei presidente<\/a><\/li>\n\n\n\n<li><a href=\"https:\/\/www.eldestapeweb.com\/tag\/originales\">Originales<\/a><\/li>\n<\/ul>\n","protected":false},"excerpt":{"rendered":"<p>La Libertad Avanza y aliados aprobaron en la C\u00e1mara baja la reforma de la carta org\u00e1nica de la entidad monetaria, que restringe sus funciones a la \u00abdefensa de la moneda\u00bb. Pasar\u00e1 al Senado Por\u00a0Federico Pokorowski &#8211; Fuente: https:\/\/www.eldestapeweb.com\/ 27 de agosto, 2026. La C\u00e1mara de\u00a0Diputados\u00a0le dio media sanci\u00f3n por mayor\u00eda al proyecto de reforma a [&hellip;]<\/p>\n","protected":false},"author":3,"featured_media":3394,"comment_status":"closed","ping_status":"closed","sticky":false,"template":"","format":"standard","meta":{"sync_status":"","episode_type":"","audio_file":"","castos_file_data":"","podmotor_file_id":"","cover_image":"","cover_image_id":"","duration":"","filesize":"","filesize_raw":"","date_recorded":"","explicit":"","block":"","footnotes":""},"categories":[18],"tags":[],"class_list":["post-3392","post","type-post","status-publish","format-standard","has-post-thumbnail","hentry","category-nacionales"],"_links":{"self":[{"href":"https:\/\/fmmural91.uno\/2024\/wp-json\/wp\/v2\/posts\/3392","targetHints":{"allow":["GET"]}}],"collection":[{"href":"https:\/\/fmmural91.uno\/2024\/wp-json\/wp\/v2\/posts"}],"about":[{"href":"https:\/\/fmmural91.uno\/2024\/wp-json\/wp\/v2\/types\/post"}],"author":[{"embeddable":true,"href":"https:\/\/fmmural91.uno\/2024\/wp-json\/wp\/v2\/users\/3"}],"replies":[{"embeddable":true,"href":"https:\/\/fmmural91.uno\/2024\/wp-json\/wp\/v2\/comments?post=3392"}],"version-history":[{"count":1,"href":"https:\/\/fmmural91.uno\/2024\/wp-json\/wp\/v2\/posts\/3392\/revisions"}],"predecessor-version":[{"id":3395,"href":"https:\/\/fmmural91.uno\/2024\/wp-json\/wp\/v2\/posts\/3392\/revisions\/3395"}],"wp:featuredmedia":[{"embeddable":true,"href":"https:\/\/fmmural91.uno\/2024\/wp-json\/wp\/v2\/media\/3394"}],"wp:attachment":[{"href":"https:\/\/fmmural91.uno\/2024\/wp-json\/wp\/v2\/media?parent=3392"}],"wp:term":[{"taxonomy":"category","embeddable":true,"href":"https:\/\/fmmural91.uno\/2024\/wp-json\/wp\/v2\/categories?post=3392"},{"taxonomy":"post_tag","embeddable":true,"href":"https:\/\/fmmural91.uno\/2024\/wp-json\/wp\/v2\/tags?post=3392"}],"curies":[{"name":"wp","href":"https:\/\/api.w.org\/{rel}","templated":true}]}}