{"id":3396,"date":"2026-08-27T09:28:45","date_gmt":"2026-08-27T12:28:45","guid":{"rendered":"https:\/\/fmmural91.uno\/2024\/?p=3396"},"modified":"2026-08-28T14:20:33","modified_gmt":"2026-08-28T17:20:33","slug":"vivir-con-la-minima-el-alquiler-empuja-a-los-jubilados-a-seguir-trabajando","status":"publish","type":"post","link":"https:\/\/fmmural91.uno\/2024\/vivir-con-la-minima-el-alquiler-empuja-a-los-jubilados-a-seguir-trabajando\/","title":{"rendered":"Vivir con la m\u00ednima: el alquiler empuja a los jubilados a seguir trabajando"},"content":{"rendered":"\n<p class=\"wp-block-paragraph\">La tasa de actividad entre los mayores de 60 a\u00f1os que alquilan es 17 puntos superior a la de quienes tienen vivienda propia. Con jubilaciones cada vez m\u00e1s deterioradas, el alquiler se lleva m\u00e1s de la mitad de los ingresos en 7 de cada 10 hogares.<\/p>\n\n\n\n<p class=\"wp-block-paragraph\">Por <a href=\"https:\/\/www.eldestapeweb.com\/perfil\/eugenia-rodriguez\">Eugenia Rodr\u00edguez<\/a>   &#8211;   Fuente: <a href=\"https:\/\/www.eldestapeweb.com\/\">https:\/\/www.eldestapeweb.com\/<\/a>   27 de agosto, 2026.<\/p>\n\n\n\n<p class=\"wp-block-paragraph\">Para una parte cada vez m\u00e1s importante de los&nbsp;<a target=\"_blank\" href=\"https:\/\/www.eldestapeweb.com\/tag\/adultos-mayores\" rel=\"noopener\">adultos mayores<\/a>,&nbsp;<strong>el alquiler se convirti\u00f3, junto con otros gastos esenciales, en un rubro que empuja a prolongar la vida laboral incluso despu\u00e9s de los 60 a\u00f1os<\/strong>. La combinaci\u00f3n entre ingresos previsionales que perdieron poder de compra y el costo creciente de la vivienda gener\u00f3 una situaci\u00f3n cr\u00edtica:<strong>&nbsp;mientras el 27% de las personas de 60 a\u00f1os o m\u00e1s que viven en hogares propietarios permanece activo en el mercado laboral, entre quienes alquilan esa proporci\u00f3n trep\u00f3 al 44%.&nbsp;<\/strong><\/p>\n\n\n\n<p class=\"wp-block-paragraph\">Los datos surgen de fuentes oficiales y evidencian c\u00f3mo<strong>&nbsp;las personas inquilinas en edad jubilatoria se ven obligadas a sostener su participaci\u00f3n en el mercado laboral&nbsp;<\/strong>para poder afrontar el pago de un techo para vivir. Sin embargo, a\u00fan as\u00ed,&nbsp;la situaci\u00f3n no mejora ya que el&nbsp;<a target=\"_blank\" href=\"https:\/\/www.eldestapeweb.com\/tag\/alquileres\" rel=\"noopener\">alquiler<\/a>&nbsp;se lleva una parte&nbsp;desproporcionada del ingreso:&nbsp;<strong>siete de cada diez hogares encabezados por quienes cobran una jubilaci\u00f3n o pensi\u00f3n destinan m\u00e1s de la mitad de sus ingresos al alquiler.<\/strong><\/p>\n\n\n\n<p class=\"wp-block-paragraph\">En relaci\u00f3n,&nbsp;lo anterior tuvo lugar en una coyuntura donde&nbsp;<strong>cada jubilado acumula, en&nbsp;promedio, una p\u00e9rdida de&nbsp;7,3 millones de pesos<\/strong>,<strong>&nbsp;desde noviembre de 2023, inicio de la gesti\u00f3n de Javier Milei.&nbsp;<\/strong><\/p>\n\n\n\n<h2 class=\"wp-block-heading\">Ser jubilado y alquilar, misi\u00f3n imposible&nbsp;<\/h2>\n\n\n\n<p class=\"wp-block-paragraph\">En los aglomerados urbanos de Argentina, donde viven aproximadamente 30 millones de personas,&nbsp;<strong>el porcentaje que vive en hogares inquilinos se mantiene en poco m\u00e1s del 18,0% (en 2007 era de 13,0%) dando cuenta de un crecimiento relativo durante estos casi veinte a\u00f1os del 33,0%<\/strong>, aunque hay aglomerados donde esa suba super\u00f3 el 50%.&nbsp;Las variaciones m\u00e1s significativas se dieron en&nbsp;<strong>la Ciudad de Buenos Aires (del 22,9% al 35,0%), en los partidos del Gran Buenos Aires (del 10,0% al 15,8%), en el Gran Rosario (del 14% al 19,8%),<\/strong>&nbsp;en el aglomerado Neuqu\u00e9n-Plottier (del 17,0% al 22,2%) y en el aglomerado urbano Ushuaia-R\u00edo Grande (del 21,8% al 27%).<\/p>\n\n\n\n<p class=\"wp-block-paragraph\">As\u00ed se desprende de la plataforma digital&nbsp;<em>VivenData&nbsp;<\/em>elaborada por la Asociaci\u00f3n Civil por la Igualdad y la Justicia ACIJ (ACIJ) en base al procesamiento de la Encuesta Permanente de Hogares (EPH-INDEC), un relevamiento trimestral que refleja aspectos vinculados a las&nbsp;<strong>condiciones de vida de la poblaci\u00f3n que reside en 31 aglomerados de todo el pa\u00eds y alcanza al 80% de su poblaci\u00f3n urbana<\/strong>. La plataforma&nbsp;permite cruzar distintas dimensiones, como r\u00e9gimen de tenencia (propietarios o inquilinos), edad, sexo, nivel de ingresos, tasa de desocupaci\u00f3n, entre otros.<\/p>\n\n\n\n<p class=\"wp-block-paragraph\">En ese sentido, del informe al que accedi\u00f3 este portal se desprende&nbsp;un aspecto no menor vinculado a&nbsp;<strong>la situaci\u00f3n econ\u00f3mica de los hogares inquilinos: en estos \u00faltimos a\u00f1os aument\u00f3&nbsp;significativamente&nbsp;la tasa de actividad (quienes trabajan o buscan trabajo) de&nbsp;quienes alquilan.&nbsp;<\/strong>En concreto se observ\u00f3 que la tasa de actividad<strong>&nbsp;es m\u00e1s alta en hogares inquilinos (66,8%) que en hogares propietarios (52,9%).<\/strong><\/p>\n\n\n\n<p class=\"wp-block-paragraph\">No obstante, otro&nbsp;aspecto m\u00e1s que relevante aparece&nbsp;cuando se cruza la tasa de actividad con la&nbsp;edad:&nbsp;<strong>entre las personas de 60 a\u00f1os o m\u00e1s la tasa de actividad escal\u00f3 al 27,7%, es decir, los adultos mayores se ven obligados a&nbsp;seguir trabajando para subsistir.&nbsp;<\/strong>A su vez, al cruzar esos datos con el r\u00e9gimen de propiedad de vivienda se desprende que&nbsp;esa situaci\u00f3n se agrava para aquellos&nbsp;<a target=\"_blank\" href=\"https:\/\/www.eldestapeweb.com\/economia\/calle-destino-cada-vez-familias-jubilados-no-pueden-costear-vivienda-2026723053\" rel=\"noopener\">jubilados<\/a>&nbsp;que alquilan:&nbsp;<strong>mientras que entre quienes son propietarios de su vivienda, el 26,5% permanece activo, ese porcentaje escala al 43,8% en los adultos mayores que alquilan (17,3 puntos m\u00e1s).<\/strong>&nbsp;De hecho, la brecha entre ambos grupos es incluso mayor que la que se observa en el total de la poblaci\u00f3n (sin distinci\u00f3n de edad): 66,8% en hogares inquilinos versus 52,9% en hogares propietarios.&nbsp;<\/p>\n\n\n\n<p class=\"wp-block-paragraph\"><strong>\u201cUna hip\u00f3tesis es que las personas inquilinas en edad jubilatoria deben sostener su participaci\u00f3n en el mercado laboral para poder afrontar el pago del alquiler\u201d<\/strong>, se\u00f1alaron los especialistas de&nbsp;<em>ACIJ.<\/em>&nbsp;<\/p>\n\n\n\n<p class=\"wp-block-paragraph\">Cabe destacar que, si bien la&nbsp;<a target=\"_blank\" href=\"https:\/\/www.eldestapeweb.com\/tag\/inquilinos\" rel=\"noopener\">poblaci\u00f3n inquilina<\/a>&nbsp;de esa edad a nivel nacional ronda el 7,0%,&nbsp;<strong>para aglomerados como Gran C\u00f3rdoba, Ushuaia-R\u00edo Grande y CABA ya supera el 10% y viene creciendo sostenidamente.<\/strong>&nbsp;Por ejemplo, en CABA la incidencia de personas mayores de 60 a\u00f1os en hogares inquilinos casi se duplic\u00f3 entre 2007 y la actualidad, pasando del 5,8% al 10,6%.<\/p>\n\n\n\n<p class=\"wp-block-paragraph\">Dichos&nbsp;n\u00fameros ponen sobre la mesa c\u00f3mo los<strong>&nbsp;adultos mayores que alquilan est\u00e1n particularmente afectados<\/strong>&nbsp;por la p\u00e9rdida de poder adquisitivo de las jubilaciones:&nbsp;<strong>destinan m\u00e1s ingresos a pagar el alquiler, y cada vez m\u00e1s jubilados tienen que volver a trabajar para tener un ingreso extra.&nbsp;<\/strong><\/p>\n\n\n\n<p class=\"wp-block-paragraph\">Sin embargo, este aumento de la actividad y empleo no conllev\u00f3 una mejora en las condiciones de alquiler:&nbsp;<strong>el 70% de los hogares encabezados por mayores de 60 a\u00f1os que reciben una pensi\u00f3n o una jubilaci\u00f3n declararon que tienen que destinar m\u00e1s de la mitad de sus ingresos a pagar el alquiler.<\/strong>&nbsp;As\u00ed se desprende de la&nbsp;Encuesta Inquilina 2025<em>&nbsp;<\/em>de ACIJ que indic\u00f3 e<strong>&nbsp;entre 2024 y 2025 creci\u00f3 de 30% a 47% el porcentaje de hogares sostenidos por personas de m\u00e1s de 60 a\u00f1os que declararon&nbsp;trabajar.<\/strong><\/p>\n\n\n\n<h2 class=\"wp-block-heading\">Ingresos por el piso<\/h2>\n\n\n\n<p class=\"wp-block-paragraph\">La situaci\u00f3n de las y los&nbsp;<a target=\"_blank\" href=\"https:\/\/www.eldestapeweb.com\/politica\/medio-derrota-gobierno-senado-jubilados-protestaron-frente-congreso-20268516570\" rel=\"noopener\">jubilados que cada mi\u00e9rcoles se movilizan al Congreso nacional<\/a>&nbsp;en reclamo de mejores condiciones de vida y enfrentan la respuesta represiva de las fuerzas de seguridad, se torna cada vez m\u00e1s alarmante en materia de poder adquisitivo: l<strong>as jubilaciones perdieron el 23% del poder de compra desde que gobierna Javier Milei.<\/strong>&nbsp;Esto implic\u00f3 una<strong>&nbsp;p\u00e9rdida acumulada cercana a los 7,3 millones de pesos por cada jubilado desde entonces<\/strong>, seg\u00fan un informe elaborado por el Mirador de la Actualidad del Trabajo y la Econom\u00eda (MATE).<\/p>\n\n\n\n<p class=\"wp-block-paragraph\">En particular,&nbsp;<strong>quienes&nbsp;cobran la m\u00ednima perdieron el 30% de su poder de compra y acumulan una p\u00e9rdida equivalente a 8,4 jubilaciones de 2023.<\/strong><\/p>\n\n\n\n<p class=\"wp-block-paragraph\">Por \u00faltimo, esto ocurre en un escenario donde las condiciones de vida de las personas mayores muestran una vejez atravesada por ingresos que no alcanzan siquiera a cubrir lo b\u00e1sico:&nbsp;<strong>el valor de la Canasta B\u00e1sica de los Jubilados que releva la Defensor\u00eda de la Tercera Edad de CABA se ubic\u00f3 en agosto en $1.824.682<\/strong>&nbsp;(incluye alimentaci\u00f3n $410.600;<a target=\"_blank\" href=\"https:\/\/www.eldestapeweb.com\/tag\/medicamentos\" rel=\"noopener\">&nbsp;medicamentos<\/a>&nbsp;$503.600; Limpieza $116.008; Vivienda $360.150; Transporte $99.684; Vestimenta $63.250, Recreaci\u00f3n $120.000 y Servicios $151.350). Esto es,&nbsp;<strong>casi cuatro veces m\u00e1s que lo que cobra un jubilado de la m\u00ednima en nuestro pa\u00eds a\u00fan con el extra de un bono de $70.000 que se mantiene congelado en ese monto hace m\u00e1s de un a\u00f1o y recorta cada vez m\u00e1s la cantidad de beneficiarios.&nbsp;<\/strong><\/p>\n\n\n\n<ul class=\"wp-block-list\">\n<li><a href=\"https:\/\/www.eldestapeweb.com\/tag\/crisis-economica\">Crisis Econ\u00f3mica<\/a><\/li>\n\n\n\n<li><a href=\"https:\/\/www.eldestapeweb.com\/tag\/jubilados\">Jubilados<\/a><\/li>\n\n\n\n<li><a href=\"https:\/\/www.eldestapeweb.com\/tag\/alquileres\">Alquileres<\/a><\/li>\n\n\n\n<li><a href=\"https:\/\/www.eldestapeweb.com\/tag\/inflacion\">Inflaci\u00f3n<\/a><\/li>\n\n\n\n<li><a href=\"https:\/\/www.eldestapeweb.com\/tag\/trabajo\">Trabajo<\/a><\/li>\n\n\n\n<li><a href=\"https:\/\/www.eldestapeweb.com\/tag\/canasta-basica\">Canasta B\u00e1sica<\/a><\/li>\n\n\n\n<li><a href=\"https:\/\/www.eldestapeweb.com\/tag\/vivienda\">Vivienda<\/a><\/li>\n\n\n\n<li><a href=\"https:\/\/www.eldestapeweb.com\/tag\/precarizacion-laboral\">Precarizaci\u00f3n laboral<\/a><\/li>\n\n\n\n<li><a href=\"https:\/\/www.eldestapeweb.com\/tag\/originales\">Originales<\/a><\/li>\n\n\n\n<li><a href=\"https:\/\/www.eldestapeweb.com\/tag\/javier-milei-presidente\">Javier Milei presidente<\/a><\/li>\n<\/ul>\n","protected":false},"excerpt":{"rendered":"<p>La tasa de actividad entre los mayores de 60 a\u00f1os que alquilan es 17 puntos superior a la de quienes tienen vivienda propia. Con jubilaciones cada vez m\u00e1s deterioradas, el alquiler se lleva m\u00e1s de la mitad de los ingresos en 7 de cada 10 hogares. Por Eugenia Rodr\u00edguez &#8211; Fuente: https:\/\/www.eldestapeweb.com\/ 27 de agosto, [&hellip;]<\/p>\n","protected":false},"author":3,"featured_media":3397,"comment_status":"closed","ping_status":"closed","sticky":false,"template":"","format":"standard","meta":{"sync_status":"","episode_type":"","audio_file":"","castos_file_data":"","podmotor_file_id":"","cover_image":"","cover_image_id":"","duration":"","filesize":"","filesize_raw":"","date_recorded":"","explicit":"","block":"","footnotes":""},"categories":[18],"tags":[],"class_list":["post-3396","post","type-post","status-publish","format-standard","has-post-thumbnail","hentry","category-nacionales"],"_links":{"self":[{"href":"https:\/\/fmmural91.uno\/2024\/wp-json\/wp\/v2\/posts\/3396","targetHints":{"allow":["GET"]}}],"collection":[{"href":"https:\/\/fmmural91.uno\/2024\/wp-json\/wp\/v2\/posts"}],"about":[{"href":"https:\/\/fmmural91.uno\/2024\/wp-json\/wp\/v2\/types\/post"}],"author":[{"embeddable":true,"href":"https:\/\/fmmural91.uno\/2024\/wp-json\/wp\/v2\/users\/3"}],"replies":[{"embeddable":true,"href":"https:\/\/fmmural91.uno\/2024\/wp-json\/wp\/v2\/comments?post=3396"}],"version-history":[{"count":1,"href":"https:\/\/fmmural91.uno\/2024\/wp-json\/wp\/v2\/posts\/3396\/revisions"}],"predecessor-version":[{"id":3398,"href":"https:\/\/fmmural91.uno\/2024\/wp-json\/wp\/v2\/posts\/3396\/revisions\/3398"}],"wp:featuredmedia":[{"embeddable":true,"href":"https:\/\/fmmural91.uno\/2024\/wp-json\/wp\/v2\/media\/3397"}],"wp:attachment":[{"href":"https:\/\/fmmural91.uno\/2024\/wp-json\/wp\/v2\/media?parent=3396"}],"wp:term":[{"taxonomy":"category","embeddable":true,"href":"https:\/\/fmmural91.uno\/2024\/wp-json\/wp\/v2\/categories?post=3396"},{"taxonomy":"post_tag","embeddable":true,"href":"https:\/\/fmmural91.uno\/2024\/wp-json\/wp\/v2\/tags?post=3396"}],"curies":[{"name":"wp","href":"https:\/\/api.w.org\/{rel}","templated":true}]}}