{"id":3400,"date":"2026-08-27T09:52:30","date_gmt":"2026-08-27T12:52:30","guid":{"rendered":"https:\/\/fmmural91.uno\/2024\/?p=3400"},"modified":"2026-08-27T09:52:31","modified_gmt":"2026-08-27T12:52:31","slug":"lula-presiona-para-reducir-la-jornada-laboral-antes-de-las-elecciones","status":"publish","type":"post","link":"https:\/\/fmmural91.uno\/2024\/lula-presiona-para-reducir-la-jornada-laboral-antes-de-las-elecciones\/","title":{"rendered":"Lula presiona para reducir la jornada laboral antes de las elecciones"},"content":{"rendered":"\n<p class=\"wp-block-paragraph\">El presidente de Brasil volvi\u00f3 a la carga para aprobar la semana pr\u00f3xima el proyecto que ya recibi\u00f3 media sanci\u00f3n del Congreso, de cara a los comicios de octubre.<\/p>\n\n\n\n<p class=\"wp-block-paragraph\">Fuente: <a href=\"https:\/\/www.eldestapeweb.com\/\">https:\/\/www.eldestapeweb.com\/<\/a>   27 de agosto, 2026.<\/p>\n\n\n\n<p class=\"wp-block-paragraph\">El presidente de&nbsp;<strong>Brasil Luiz In\u00e1cio Lula da Silva<\/strong>, cuestion\u00f3 a sectores de la oposici\u00f3n y del \u00e1mbito econ\u00f3mico, a los que se\u00f1al\u00f3 por ir en contra de los intereses de los trabajadores.<strong>&nbsp;<\/strong>Y,&nbsp;<a href=\"https:\/\/www.eldestapeweb.com\/politica\/juez-laboral-hoy-mucho-barato-despedir-trabajador-argentina-20268259307\">a contramano de Javier Milei<\/a>,&nbsp;volvi\u00f3 a asegurar que&nbsp;<strong>buscar\u00e1 acelerar en el Congreso, antes de las elecciones&nbsp;del 4 de octubre,<\/strong>&nbsp;la aprobaci\u00f3n de la iniciativa que plantea una&nbsp;<strong>reducci\u00f3n de la jornada laboral sin disminuci\u00f3n de los salarios.<\/strong><\/p>\n\n\n\n<p class=\"wp-block-paragraph\">Esta semana, a trav\u00e9s de una publicaci\u00f3n en la red social X (ex Twitter), Lula sostuvo: \u00abHay gente que juega en contra de los intereses de los trabajadores y trabajadoras de Brasil, pero nuestro Gobierno se est\u00e1 movilizando para aprobar el fin de la jornada 6&#215;1, sin reducci\u00f3n del salario.&nbsp;<strong>El pueblo trabajador que mueve este pa\u00eds merece tener m\u00e1s tiempo para el ocio, para cuidar la salud y para acompa\u00f1ar el crecimiento de los hijos<\/strong>. Se trata de tiempo para la familia\u00bb.<\/p>\n\n\n\n<p class=\"wp-block-paragraph\">El proyecto apunta a&nbsp;<strong>eliminar el esquema denominado 6&#215;1<\/strong>, bajo el cual se trabajan seis d\u00edas y se descansa uno, y a&nbsp;<strong>llevar la jornada laboral a 40 horas por semana&nbsp;<\/strong>sin aplicar una reducci\u00f3n salarial.<\/p>\n\n\n\n<p class=\"wp-block-paragraph\">Al contrario, en Argentina&nbsp;<strong>el gobierno de Javier Milei mantuvo la jornada laboral de 40 horas semanales<\/strong>&nbsp;(ocho horas cinco d\u00edas a la semana) en la Ley de Modernizaci\u00f3n Laboral sancionada en febrero pasado.<\/p>\n\n\n\n<p class=\"wp-block-paragraph\">Y, al mismo tiempo, aprob\u00f3 la posibilidad de extender la jornada diaria mediante el&nbsp;<strong>\u00abbanco de horas\u00bb<\/strong>, que reemplaza el sistema de pago de horas extra por una compensaci\u00f3n de las horas trabajadas. La \u00fanica restricci\u00f3n que establece es la obligatoriedad de que haya al menos 12 horas de descanso entre cada jornada, as\u00ed como un m\u00ednimo de 35 horas de descanso semanales.<\/p>\n\n\n\n<h2 class=\"wp-block-heading\">El gobierno de Lula quiere tratar la reducci\u00f3n de la jornada laboral la semana pr\u00f3xima en el Senado<\/h2>\n\n\n\n<p class=\"wp-block-paragraph\">La&nbsp;<strong>C\u00e1mara de Diputados<\/strong>&nbsp;de Brasil aprob\u00f3 la enmienda constitucional para&nbsp;<strong>reducir la jornada laboral hacia fines de mayo pasado<\/strong>, aunque posteriormente la iniciativa&nbsp;<strong>permaneci\u00f3 estancada durante varios meses en el Senado<\/strong>. El tratamiento volvi\u00f3 a avanzar luego de que Lula da Silva y el titular de la c\u00e1mara alta, Davi Alcolumbre, reanudaran el di\u00e1logo durante este mes.<\/p>\n\n\n\n<p class=\"wp-block-paragraph\">Alcolumbre gir\u00f3 la iniciativa a la&nbsp;<strong>Comisi\u00f3n de Constituci\u00f3n y Justicia (CCJ)<\/strong>, \u00e1mbito en el que el Gobierno consigui\u00f3 que el senador Omar Aziz, aliado del oficialismo, quedara a cargo como relator.<\/p>\n\n\n\n<p class=\"wp-block-paragraph\"><strong>Aziz<\/strong>, a su vez,&nbsp;se\u00f1al\u00f3 que su intenci\u00f3n es presentar un informe este jueves&nbsp;y explic\u00f3 que a\u00fan analiza si conservar\u00e1 sin cambios la versi\u00f3n que recibi\u00f3 la aprobaci\u00f3n de la C\u00e1mara de Diputados.<\/p>\n\n\n\n<p class=\"wp-block-paragraph\">Antes de la primera vuelta de las elecciones presidenciales, el Congreso dispondr\u00e1 \u00fanicamente de una semana para realizar votaciones, comprendida&nbsp;<strong>entre el 31 de agosto y el 4 de septiembre<\/strong>.<\/p>\n\n\n\n<ul class=\"wp-block-list\">\n<li><a href=\"https:\/\/www.eldestapeweb.com\/tag\/brasil\">Brasil<\/a><\/li>\n\n\n\n<li><a href=\"https:\/\/www.eldestapeweb.com\/tag\/luiz-inacio-lula-da-silva\">Luiz In\u00e1cio Lula da Silva<\/a><\/li>\n\n\n\n<li><a href=\"https:\/\/www.eldestapeweb.com\/tag\/reforma-laboral\">Reforma laboral<\/a><\/li>\n<\/ul>\n","protected":false},"excerpt":{"rendered":"<p>El presidente de Brasil volvi\u00f3 a la carga para aprobar la semana pr\u00f3xima el proyecto que ya recibi\u00f3 media sanci\u00f3n del Congreso, de cara a los comicios de octubre. Fuente: https:\/\/www.eldestapeweb.com\/ 27 de agosto, 2026. El presidente de&nbsp;Brasil Luiz In\u00e1cio Lula da Silva, cuestion\u00f3 a sectores de la oposici\u00f3n y del \u00e1mbito econ\u00f3mico, a los [&hellip;]<\/p>\n","protected":false},"author":3,"featured_media":3401,"comment_status":"closed","ping_status":"closed","sticky":false,"template":"","format":"standard","meta":{"sync_status":"","episode_type":"","audio_file":"","castos_file_data":"","podmotor_file_id":"","cover_image":"","cover_image_id":"","duration":"","filesize":"","filesize_raw":"","date_recorded":"","explicit":"","block":"","footnotes":""},"categories":[19],"tags":[],"class_list":["post-3400","post","type-post","status-publish","format-standard","has-post-thumbnail","hentry","category-internacionales"],"_links":{"self":[{"href":"https:\/\/fmmural91.uno\/2024\/wp-json\/wp\/v2\/posts\/3400","targetHints":{"allow":["GET"]}}],"collection":[{"href":"https:\/\/fmmural91.uno\/2024\/wp-json\/wp\/v2\/posts"}],"about":[{"href":"https:\/\/fmmural91.uno\/2024\/wp-json\/wp\/v2\/types\/post"}],"author":[{"embeddable":true,"href":"https:\/\/fmmural91.uno\/2024\/wp-json\/wp\/v2\/users\/3"}],"replies":[{"embeddable":true,"href":"https:\/\/fmmural91.uno\/2024\/wp-json\/wp\/v2\/comments?post=3400"}],"version-history":[{"count":1,"href":"https:\/\/fmmural91.uno\/2024\/wp-json\/wp\/v2\/posts\/3400\/revisions"}],"predecessor-version":[{"id":3402,"href":"https:\/\/fmmural91.uno\/2024\/wp-json\/wp\/v2\/posts\/3400\/revisions\/3402"}],"wp:featuredmedia":[{"embeddable":true,"href":"https:\/\/fmmural91.uno\/2024\/wp-json\/wp\/v2\/media\/3401"}],"wp:attachment":[{"href":"https:\/\/fmmural91.uno\/2024\/wp-json\/wp\/v2\/media?parent=3400"}],"wp:term":[{"taxonomy":"category","embeddable":true,"href":"https:\/\/fmmural91.uno\/2024\/wp-json\/wp\/v2\/categories?post=3400"},{"taxonomy":"post_tag","embeddable":true,"href":"https:\/\/fmmural91.uno\/2024\/wp-json\/wp\/v2\/tags?post=3400"}],"curies":[{"name":"wp","href":"https:\/\/api.w.org\/{rel}","templated":true}]}}