{"id":3403,"date":"2026-08-27T10:16:37","date_gmt":"2026-08-27T13:16:37","guid":{"rendered":"https:\/\/fmmural91.uno\/2024\/?p=3403"},"modified":"2026-08-27T10:16:39","modified_gmt":"2026-08-27T13:16:39","slug":"con-criticas-por-todos-lados-kast-presento-su-reforma-de-seguridad-la-oposicion-dice-que-lo-convierte-en-un-emperador","status":"publish","type":"post","link":"https:\/\/fmmural91.uno\/2024\/con-criticas-por-todos-lados-kast-presento-su-reforma-de-seguridad-la-oposicion-dice-que-lo-convierte-en-un-emperador\/","title":{"rendered":"Con cr\u00edticas por todos lados, Kast present\u00f3 su reforma de seguridad: la oposici\u00f3n dice que lo convierte en un \u00abemperador\u00bb"},"content":{"rendered":"\n<p class=\"wp-block-paragraph\">El presidente Kast llev\u00f3 al Congreso chileno la Agenda contra el Crimen Organizado y el Terrorismo, un megaproyecto de 20 leyes con la que pretende dar respuesta \u00aba la inseguridad creciente\u00bb en el pa\u00eds trasandino. Entre ellas, quiere implementar una categor\u00eda de estados de excepci\u00f3n de hasta 240 d\u00edas, lo que fue criticado por todo el espectro pol\u00edtico, incluso entre sus aliados.<\/p>\n\n\n\n<p class=\"wp-block-paragraph\">Por <a href=\"https:\/\/www.eldestapeweb.com\/perfil\/francisco-kovacic-gonzalez\">Francisco Kovacic Gonzalez<\/a>   &#8211;   Fuente: <a href=\"https:\/\/www.eldestapeweb.com\/\">https:\/\/www.eldestapeweb.com\/<\/a>   27 de agosto, 2026.<\/p>\n\n\n\n<p class=\"wp-block-paragraph\">El\u00a0<a href=\"https:\/\/www.eldestapeweb.com\/internacionales\/caso-cerimedo-salpica-chile-piden-investigar-lazos-entorno-kast-202682317221?outputType=amp\">presidente chileno<strong>\u00a0Jos\u00e9 Antonio Kast<\/strong><\/a>\u00a0se lanz\u00f3 el fin de semana con la presentaci\u00f3n parlamentaria de su\u00a0<strong>Agenda contra el Crimen Organizado y el Terrorismo (ACOT)<\/strong>, una versi\u00f3n trasandina de la a\u00f1eja\u00a0<strong>Ley Bases de Javier Milei<\/strong>, con la que Kast quiere llevar adelante\u00a0<strong>su prometida\u00a0reforma de seguridad<\/strong>. Se trata de\u00a0<strong>un paquete de 20 leyes\u00a0<\/strong>entre las que propone\u00a0<strong>estados de excepci\u00f3n de hasta 240 d\u00edas<\/strong>\u00a0con la suma del poder p\u00fablico a su favor, permiti\u00e9ndose concentrar poder en su persona\u00a0y restringir derechos como la libertad de protesta y de reuni\u00f3n.\u00a0<strong>Esto implica una reforma constitucional<\/strong>, dado que por la carta magna chilena\u00a0<strong>s\u00f3lo existen cuatro casos para la excepcionalidad presidencial<\/strong>, agreg\u00e1ndose ahora una quinta.\u00a0Las cr\u00edticas le llegaron desde la izquierda hasta de algunos de sus aliados en la derecha, acus\u00e1ndolo de\u00a0<strong>percibirse un nuevo \u00abdictador<\/strong>\u00bb y de querer autoproclamarse<strong>\u00a0\u00abemperador de Chile\u00bb<\/strong>, raz\u00f3n por la cual<strong>\u00a0le retir\u00f3 a la ACOT el car\u00e1cter de tratamiento \u00aburgente\u00bb\u00a0<\/strong>en el Legislativo este martes.<\/p>\n\n\n\n<p class=\"wp-block-paragraph\">Meses despu\u00e9s de asumir al frente del Palacio de la Moneda,<strong>\u00a0el presidente Kast decidi\u00f3 pisar el acelerador\u00a0<\/strong>y comenzar a cumplir con sus promesas. La seguridad\u00a0<strong>fue su punta de lanza durante la campa\u00f1a<\/strong>, tema en el que critic\u00f3 a su antecesor Gabriel Boric se\u00f1al\u00e1ndolo de\u00a0<strong>haber sido \u00abc\u00f3mplice\u00bb<\/strong>\u00a0de los delincuentes que<strong>\u00a0\u00abda\u00f1aron a Chile desde 2022\u00bb<\/strong>. De acuerdo a la versi\u00f3n oficial de La Moneda, la ACOT\u00a0busca enfrentar<strong>\u00a0\u00abgraves alteraciones de seguridad p\u00fablica causadas por organizaciones criminales o terroristas\u00bb<\/strong>, motivo por el que\u00a0consideran necesario\u00a0<strong>crear un nuevo estado de excepci\u00f3n constitucional<\/strong>\u00a0con fuertes restricciones a civiles, permiti\u00e9ndole al jefe de Estado\u00a0<strong>hacerlo\u00a0sin necesidad de pasar por el Congreso.<\/strong><\/p>\n\n\n\n<p class=\"wp-block-paragraph\">Tras anunciar la propuesta, el propio\u00a0<strong>Kast\u00a0<\/strong>afirm\u00f3 el lunes en declaraciones radiales que<strong>\u00a0m\u00e1s all\u00e1 de las diferencias que \u00abpuedan existir en el debate\u00bb<\/strong>, en Chile \u00abhay\u00a0bastante consenso de que al crimen organizado hay que abordarlo de una manera distinta\u00bb. En ese sentido explic\u00f3 que dar\u00e1 comienzo al tratamiento legislativo \u00abpara que todas las opiniones\u00a0sean bienvenidas\u00bb y se pueda as\u00ed \u00abperfeccionar un proyecto\u00bb.<\/p>\n\n\n\n<figure class=\"wp-block-image size-full\"><a href=\"https:\/\/fmmural91.uno\/2024\/wp-content\/uploads\/2026\/08\/Captura-de-pantalla-2026-08-27-095852.png\"><img fetchpriority=\"high\" decoding=\"async\" width=\"692\" height=\"397\" src=\"https:\/\/fmmural91.uno\/2024\/wp-content\/uploads\/2026\/08\/Captura-de-pantalla-2026-08-27-095852.png\" alt=\"\" class=\"wp-image-3404\" srcset=\"https:\/\/fmmural91.uno\/2024\/wp-content\/uploads\/2026\/08\/Captura-de-pantalla-2026-08-27-095852.png 692w, https:\/\/fmmural91.uno\/2024\/wp-content\/uploads\/2026\/08\/Captura-de-pantalla-2026-08-27-095852-559x321.png 559w\" sizes=\"(max-width: 692px) 100vw, 692px\" \/><\/a><\/figure>\n\n\n\n<p class=\"wp-block-paragraph\">Desde diferentes bancadas parlamentarias salieron a criticar al mega proyecto de Kast. El diputado<strong>&nbsp;Marcos Barraza<\/strong>, del Partido Comunista (PC), en di\u00e1logo con&nbsp;<strong><em>El Destape<\/em><\/strong>&nbsp;se\u00f1al\u00f3 que la ley ACOT<strong>&nbsp;\u00abes parte del ADN y del rumbo que ha tomado este Gobierno<\/strong>, que en los hechos expresa una orientaci\u00f3n&nbsp;<strong>protofascista\u00bb<\/strong>. Si bien afirm\u00f3 que el problema de la seguridad p\u00fablica en Chile \u00abes real\u00bb y que \u00abla ciudadan\u00eda se siente agobiada\u00bb, fue duro con la propuesta oficialista al asegurar que&nbsp;las respuestas del Ejecutivo, lejos de entregar mayor seguridad,&nbsp;<strong>\u00abapuntan a una reforma constitucional que busca concentrar poder<\/strong>, debilitar al Estado de derecho y&nbsp;<strong>separar&nbsp;<\/strong>a&nbsp;los poderes del Estado\u00bb.<\/p>\n\n\n\n<p class=\"wp-block-paragraph\">\u00abFrente a distintos conflictos, el Gobierno instala una amenaza,<strong>&nbsp;identifica enemigos internos&nbsp;<\/strong>y desde ah\u00ed pretende justificar retrocesos en derechos y garant\u00edas.&nbsp;<strong>Hoy esa l\u00f3gica se expresa con especial fuerza en la agenda de seguridad\u00bb<\/strong>, afirm\u00f3 Barraza para este medio.<\/p>\n\n\n\n<h2 class=\"wp-block-heading\">El objetivo pol\u00edtico de Kast y la reacci\u00f3n popular&nbsp;a su reforma<\/h2>\n\n\n\n<p class=\"wp-block-paragraph\">Tras la presentaci\u00f3n que hizo el presidente Kast de su \u00abLey Bases\u00bb, distintas voces especializadas en todo el pa\u00eds salieron al cruce de la propuesta. Uno de ellos fue&nbsp;<strong>el polit\u00f3logo Marcelo Mella<\/strong>, quien en conversaci\u00f3n&nbsp;con&nbsp;<em><strong>El Destape&nbsp;<\/strong><\/em>afirm\u00f3 que a partir del problema de seguridad que atraviesa Chile, el Gobierno consider\u00f3 la existencia de&nbsp;<strong>\u00abun nivel de respaldo a las pol\u00edticas m\u00e1s punitivas\u00bb&nbsp;<\/strong>que les permitir\u00eda a estas medidas&nbsp;<strong>\u00abpercibir un apoyo masivo<\/strong>&nbsp;a nivel de opini\u00f3n p\u00fablica y&nbsp;<strong>una presi\u00f3n insostenible para los parlamentarios en general\u00bb<\/strong>.<\/p>\n\n\n\n<p class=\"wp-block-paragraph\">Sin embargo, el analista afirm\u00f3 que \u00abesto no fue as\u00ed\u00bb y que lo que hoy se ve<strong>&nbsp;\u00abes que hay una oposici\u00f3n parlamentaria que el gobierno subestim\u00f3&nbsp;<\/strong>y que ahora aparece<strong>&nbsp;incluso desde los partidos del oficialismo\u00bb<\/strong>.<\/p>\n\n\n\n<p class=\"wp-block-paragraph\">&nbsp;\u00abEvidentemente hubo un error de evaluaci\u00f3n en este tema, que es&nbsp;<strong>uno de los dos temas principales en la encuesta de opini\u00f3n p\u00fablica<\/strong>&nbsp;y uno de los dos temas que llev\u00f3 al Presidente caso a ganar la elecci\u00f3n durante el a\u00f1o pasado\u00bb, agreg\u00f3 Mella a este portal.<\/p>\n\n\n\n<h2 class=\"wp-block-heading\">Los argumentos del oficialismo para defender la reforma constitucional de Kast<\/h2>\n\n\n\n<p class=\"wp-block-paragraph\">A partir de la intenci\u00f3n del presidente Kast de agregar una nueva categor\u00eda constitucional&nbsp;para los estados de excepci\u00f3n, fuentes cercanas al oficialismo describen a la ley ACOT como un primer paso para&nbsp;<strong>avanzar hacia una reforma m\u00e1s grande de la Carta Magna<\/strong>, similar a lo que intent\u00f3 Boric en su momento, aunque con un contenido liberal y af\u00edn al gobierno.<\/p>\n\n\n\n<p class=\"wp-block-paragraph\">El diputado y presidente de la Uni\u00f3n Dem\u00f3crata Independiente (UDI), Guillermo Ram\u00edrez, advirti\u00f3 en conversaci\u00f3n con la&nbsp;<em>CNN Chile&nbsp;<\/em>que desde su bancada y partido&nbsp;<strong>creen que es necesaria una reforma constitucional<\/strong>&nbsp;y que, por esa raz\u00f3n, revisar\u00e1n \u00abde a uno\u00bb los temas de cada ley dentro de la ACOT para evaluar \u00abc\u00f3mo hay que reformar a la Constituci\u00f3n para habilitar esa reforma constitucional\u00bb.<\/p>\n\n\n\n<p class=\"wp-block-paragraph\">\u00abLo que har\u00e1 el Gobierno ahora&nbsp;<strong>es salir a explicar con detalle cu\u00e1l es el contenido de cada proyecto de ley<\/strong>, para que luego en el Congreso haya un acuerdo importante para legislar sobre la materia. A partir de eso se&nbsp;ver\u00e1 qu\u00e9 reforma constitucional se requiere para habilitar el contenido de estas leyes\u00bb, se\u00f1al\u00f3 Ram\u00edrez, quien a finales de la semana pasada dijo que en principio \u00abno estaban los votos de la UDI para permitir la nueva excepcionalidad\u00bb, aunque ahora cambiaron de opini\u00f3n \u00abtras hablar con el comit\u00e9 pol\u00edtico del partido y con el Gobierno\u00bb.<\/p>\n\n\n\n<p class=\"wp-block-paragraph\">\u00abSi t\u00fa me dices: \u2018vamos a interceptar el tel\u00e9fono cuando el crimen organizado o el terrorismo est\u00e9n a punto de cometer un atentado\u2019,<strong>&nbsp;yo te digo: de todas maneras<\/strong>. Ahora, si t\u00fa me dices: &#8216;esto es para que el presidente pueda interceptar tel\u00e9fonos cuando tenga meras dudas&#8217;,<strong>&nbsp;yo te digo: no. Eso no es suficiente\u00bb<\/strong>, reflexion\u00f3 Ram\u00edrez en los \u00faltimos d\u00edas, reafirm\u00e1ndose en la necesidad de&nbsp;<strong>\u00ab<\/strong><strong>una reforma constitucional m\u00e1s grande\u00bb<\/strong>.<\/p>\n\n\n\n<h2 class=\"wp-block-heading\">Las cr\u00edticas de la izquierda al proyecto de Kast<\/h2>\n\n\n\n<p class=\"wp-block-paragraph\">El expresidente&nbsp;<strong>Boric fue el primero en cuestionar la reforma del oficialismo<\/strong>. La describi\u00f3 como<strong>&nbsp;\u00abun estado de sitio de 240 d\u00edas\u00bb&nbsp;<\/strong>que establece&nbsp;<strong>\u00abuna limitaci\u00f3n a las libertades que no se hab\u00edan visto en la democracia chilena\u00bb<\/strong>. A \u00e9l se sum\u00f3 la presidenta de<strong>&nbsp;la coalici\u00f3n&nbsp;progresista Frente Amplio (FA), Gael Yeomans<\/strong>, quien el lunes asegur\u00f3 a la prensa local que \u00abes un gustito ideol\u00f3gico\u00bb que \u00abse quiso dar el Partido Republicano\u00bb.&nbsp;<\/p>\n\n\n\n<p class=\"wp-block-paragraph\">La secretaria general del FA,<strong>&nbsp;Constanza Mart\u00ednez<\/strong>, tambi\u00e9n habl\u00f3 del tema en una conferencia de prensa y asegur\u00f3 que la reforma que impulsa el oficialismo&nbsp;<strong>permitir\u00e1 \u00abdarle facultades de emperador a un Presidente de la Rep\u00fablica\u00bb<\/strong>.<\/p>\n\n\n\n<p class=\"wp-block-paragraph\">Distintos referentes de Chile Vamos, la coalici\u00f3n que conduce Kast, tambi\u00e9n pusieron el grito en el cielo con la iniciativa del mandatario. Uno de ellos fue el presidente&nbsp;<strong>del centroderechista Evoluci\u00f3n Pol\u00edtica (Evopoli), el senador Luciano Cruz-Coke<\/strong>, quien afirm\u00f3 a trav\u00e9s de su cuenta de X que la mega ley concede \u00abpoderes excesivos al presidente que jam\u00e1s querr\u00eda en manos de la oposici\u00f3n. Debe ser corregido\u00bb. Y concluy\u00f3 al asegurar que&nbsp;<strong>\u00abno se justifica en democracia dar atribuciones al ejecutivo sin control del Congreso en 240 d\u00edas\u00bb<\/strong>.<\/p>\n\n\n\n<p class=\"wp-block-paragraph\">\u00abNo consta ni siquiera de todos los apoyos de la derecha,&nbsp;<strong>eso dice bastante. No es una reforma que una\u00bb<\/strong>, se\u00f1al\u00f3 Yeomans el lunes ante las declaraciones de Ram\u00edrez y Coke.<\/p>\n\n\n\n<h2 class=\"wp-block-heading\">Qu\u00e9 dicen los dem\u00e1s art\u00edculos de la ACOT<\/h2>\n\n\n\n<p class=\"wp-block-paragraph\">Aparte de la excepcionalidad de 240 d\u00edas, la ley&nbsp;<strong>ACOT re\u00fane otros 19 proyectos que ya estaban en el Congreso, nueve nuevas iniciativas y una reforma constitucional<\/strong>.&nbsp;Entre las propuestas centrales aparece una&nbsp;<strong>N\u00f3mina Nacional de Organizaciones Criminales<\/strong>, que permitir\u00eda establecer el delito aut\u00f3nomo de pertenecer a una de esas estructuras y aplicar un r\u00e9gimen penitenciario m\u00e1s duro a sus integrantes.<\/p>\n\n\n\n<p class=\"wp-block-paragraph\">Otro de los ejes es \u00ab<strong>seguirle la plata\u00bb al crimen organizado, tal como lo definieron desde La Moneda<\/strong>.&nbsp;La agenda contempla crear una&nbsp;<strong>Agencia de Decomiso y Destrucci\u00f3n de Bienes Il\u00edcitos<\/strong>, con facultades para administrar, liquidar o destruir activos provenientes de actividades criminales, adem\u00e1s de mecanismos para congelar bienes de personas investigadas. En paralelo,<strong>&nbsp;Kast propone c\u00e1rceles y reg\u00edmenes penitenciarios diferenciados para condenados vinculados con organizaciones criminales<\/strong>, con la idea de cortar la capacidad de las bandas para seguir operando desde las prisiones.<\/p>\n\n\n\n<p class=\"wp-block-paragraph\">Tambi\u00e9n est\u00e1 propuesto retrocar las pol\u00edticas de&nbsp;<strong>frontera y despliegue policial<\/strong>, con la propuesta de ley de&nbsp;<strong>\u201cFrontera Cero\u201d<\/strong>, que&nbsp;<strong>ampl\u00eda las facultades de Carabineros y la PDI en zonas fronterizas<\/strong>&nbsp;y establece mecanismos para decomisar y destruir bienes ingresados por pasos no habilitados. A eso s<strong>e suman iniciativas para modernizar a las polic\u00edas<\/strong>, reforzar la investigaci\u00f3n criminal, acelerar el acceso a informaci\u00f3n de telecomunicaciones en causas de crimen organizado y ampliar las herramientas de flagrancia.<\/p>\n\n\n\n<p class=\"wp-block-paragraph\">Tambi\u00e9n hay un cap\u00edtulo directamente vinculado con la protesta y el funcionamiento cotidiano de las ciudades:&nbsp;<strong>Kast impulsa una modificaci\u00f3n de la Ley Antibarricadas<\/strong>&nbsp;para castigar los cortes de tr\u00e1nsito deliberados&nbsp;<strong>incluso cuando no exista violencia<\/strong>, adem\u00e1s de medidas para proteger infraestructura cr\u00edtica de sectores como energ\u00eda, agua y telecomunicaciones.<\/p>\n\n\n\n<p class=\"wp-block-paragraph\">El paquete tambi\u00e9n incluye un nuevo delito por&nbsp;<strong>reclutar menores para actividades criminales<\/strong>, cambios en responsabilidad penal adolescente, juicio oral en ausencia para pr\u00f3fugos y una mayor protecci\u00f3n penal para polic\u00edas. En otras palabras, el estado de excepci\u00f3n de 240 d\u00edas es apenas una pieza de<strong>&nbsp;una ofensiva legislativa bastante m\u00e1s amplia<\/strong>.<\/p>\n\n\n\n<ul class=\"wp-block-list\">\n<li><a href=\"https:\/\/www.eldestapeweb.com\/tag\/chile\">Chile<\/a><\/li>\n\n\n\n<li><a href=\"https:\/\/www.eldestapeweb.com\/tag\/jose-antonio-kast\">Jos\u00e9 Antonio Kast<\/a><\/li>\n<\/ul>\n","protected":false},"excerpt":{"rendered":"<p>El presidente Kast llev\u00f3 al Congreso chileno la Agenda contra el Crimen Organizado y el Terrorismo, un megaproyecto de 20 leyes con la que pretende dar respuesta \u00aba la inseguridad creciente\u00bb en el pa\u00eds trasandino. Entre ellas, quiere implementar una categor\u00eda de estados de excepci\u00f3n de hasta 240 d\u00edas, lo que fue criticado por todo [&hellip;]<\/p>\n","protected":false},"author":3,"featured_media":3405,"comment_status":"closed","ping_status":"closed","sticky":false,"template":"","format":"standard","meta":{"sync_status":"","episode_type":"","audio_file":"","castos_file_data":"","podmotor_file_id":"","cover_image":"","cover_image_id":"","duration":"","filesize":"","filesize_raw":"","date_recorded":"","explicit":"","block":"","footnotes":""},"categories":[19],"tags":[],"class_list":["post-3403","post","type-post","status-publish","format-standard","has-post-thumbnail","hentry","category-internacionales"],"_links":{"self":[{"href":"https:\/\/fmmural91.uno\/2024\/wp-json\/wp\/v2\/posts\/3403","targetHints":{"allow":["GET"]}}],"collection":[{"href":"https:\/\/fmmural91.uno\/2024\/wp-json\/wp\/v2\/posts"}],"about":[{"href":"https:\/\/fmmural91.uno\/2024\/wp-json\/wp\/v2\/types\/post"}],"author":[{"embeddable":true,"href":"https:\/\/fmmural91.uno\/2024\/wp-json\/wp\/v2\/users\/3"}],"replies":[{"embeddable":true,"href":"https:\/\/fmmural91.uno\/2024\/wp-json\/wp\/v2\/comments?post=3403"}],"version-history":[{"count":1,"href":"https:\/\/fmmural91.uno\/2024\/wp-json\/wp\/v2\/posts\/3403\/revisions"}],"predecessor-version":[{"id":3406,"href":"https:\/\/fmmural91.uno\/2024\/wp-json\/wp\/v2\/posts\/3403\/revisions\/3406"}],"wp:featuredmedia":[{"embeddable":true,"href":"https:\/\/fmmural91.uno\/2024\/wp-json\/wp\/v2\/media\/3405"}],"wp:attachment":[{"href":"https:\/\/fmmural91.uno\/2024\/wp-json\/wp\/v2\/media?parent=3403"}],"wp:term":[{"taxonomy":"category","embeddable":true,"href":"https:\/\/fmmural91.uno\/2024\/wp-json\/wp\/v2\/categories?post=3403"},{"taxonomy":"post_tag","embeddable":true,"href":"https:\/\/fmmural91.uno\/2024\/wp-json\/wp\/v2\/tags?post=3403"}],"curies":[{"name":"wp","href":"https:\/\/api.w.org\/{rel}","templated":true}]}}