{"id":3407,"date":"2026-08-27T10:26:06","date_gmt":"2026-08-27T13:26:06","guid":{"rendered":"https:\/\/fmmural91.uno\/2024\/?p=3407"},"modified":"2026-08-28T14:18:32","modified_gmt":"2026-08-28T17:18:32","slug":"paz-admitio-que-cerimedo-trabajo-para-el-gobierno-y-salpico-a-otros-ex-candidatos","status":"publish","type":"post","link":"https:\/\/fmmural91.uno\/2024\/paz-admitio-que-cerimedo-trabajo-para-el-gobierno-y-salpico-a-otros-ex-candidatos\/","title":{"rendered":"Paz admiti\u00f3 que Cerimedo trabaj\u00f3 para el Gobierno y salpic\u00f3 a otros ex candidatos"},"content":{"rendered":"\n<p class=\"wp-block-paragraph\">Rodrigo Paz Pereira reconoci\u00f3 que Fernando Cerimedo trabaj\u00f3 para su espacio y vincul\u00f3 al consultor argentino con otros dirigentes pol\u00edticos de Bolivia. El mandatario intent\u00f3 aclarar el v\u00ednculo y asegur\u00f3 que no tuvo un cargo formal dentro de su Gobierno.<\/p>\n\n\n\n<p class=\"wp-block-paragraph\"><strong>El presidente de Bolivia, Rodrigo Paz Pereira<\/strong>, a trav\u00e9s de un video difundido en sus redes sociales\u00a0<strong>reconoci\u00f3 que el consultor argentino\u00a0<a href=\"https:\/\/www.eldestapeweb.com\/politica\/causa-cerimedo-vocero-milei-intento-despegar-gobierno-ex-asesor-detenido-quedo-expuesto-202682512310\">Fernando Cerimedo<\/a>\u00a0trabaj\u00f3 para su espacio durante la segunda vuelta electoral de 2025<\/strong>\u00a0y que luego colabor\u00f3 en la etapa inicial de su Gobierno. La admisi\u00f3n contradice parcialmente el intento oficial de presentar al detenido argentino como\u00a0<strong>un asesor externo sin v\u00ednculo con el Ejecutivo<\/strong>. Paz sostuvo que Cerimedo particip\u00f3 \u00abcomo estratega internacional\u00bb, aunque aclar\u00f3 que \u00abnunca tuvo un contrato formal ni autorizaci\u00f3n para representar institucionalmente a la Presidencia o al Gobierno\u00bb.<\/p>\n\n\n\n<p class=\"wp-block-paragraph\">En el mismo pronunciamiento,&nbsp;<strong>Paz ampli\u00f3 el alcance de la relaci\u00f3n de Cerimedo con la pol\u00edtica boliviana&nbsp;<\/strong>y mencion\u00f3 que el consultor trabaj\u00f3 \u00abcon otros dirigentes y ex candidatos presidenciales\u00bb, hasta que \u00e9l gan\u00f3 \u00ablas elecciones de la primera vuelta\u00bb, raz\u00f3n por la que desde su partido&nbsp;<strong>\u00ab<\/strong><strong>eligieron contactarlo\u00bb<\/strong>&nbsp;para sumarlo a su equipo.<\/p>\n\n\n\n<p class=\"wp-block-paragraph\">La aclaraci\u00f3n de Paz se produce en medio de la creciente presi\u00f3n pol\u00edtica por el rol que Cerimedo ocup\u00f3 en Bolivia. El consultor argentino hab\u00eda aparecido p\u00fablicamente junto al mandatario en distintos actos y, seg\u00fan una investigaci\u00f3n de Bolivia Verifica, habr\u00eda intervenido como asesor externo en la redacci\u00f3n y modificaci\u00f3n de al menos dos decretos supremos y una ley vinculados a decisiones estrat\u00e9gicas del Ejecutivo.<\/p>\n\n\n\n<h2 class=\"wp-block-heading\">Paz reconoci\u00f3 el v\u00ednculo pero neg\u00f3 que Cerimedo tuviera un cargo oficial<\/h2>\n\n\n\n<p class=\"wp-block-paragraph\">En el mensaje que comparti\u00f3, el presidente boliviano&nbsp;<strong>busc\u00f3 marcar una diferencia entre colaboraci\u00f3n pol\u00edtica y una relaci\u00f3n laboral formal<\/strong>. Seg\u00fan su versi\u00f3n, Cerimedo no ten\u00eda un contrato con el Gobierno porque&nbsp;<strong>su participaci\u00f3n \u00abno era permanente\u00bb<\/strong>&nbsp;y, por lo tanto, no formaba parte de la estructura oficial del Estado.<\/p>\n\n\n\n<p class=\"wp-block-paragraph\">\u00abPor eso nunca hubo un contrato, por eso nunca hubo una relaci\u00f3n de trabajo directa. Adem\u00e1s<strong>&nbsp;jam\u00e1s tuvo la autorizaci\u00f3n<\/strong>&nbsp;para representarme a m\u00ed, a mi familia, a la Presidencia o&nbsp;al Gobierno\u00bb, afirm\u00f3 Paz en el video.&nbsp;Seg\u00fan el mandatario, eso sucedi\u00f3 as\u00ed porque<strong>&nbsp;\u00abesa tarea corresponde exclusivamente a ministros, viceministros o delegados presidenciales\u00bb<\/strong>&nbsp;designados formalmente.<\/p>\n\n\n\n<figure class=\"wp-block-image size-full\"><a href=\"https:\/\/fmmural91.uno\/2024\/wp-content\/uploads\/2026\/08\/Captura-de-pantalla-2026-08-27-102210.png\"><img fetchpriority=\"high\" decoding=\"async\" width=\"690\" height=\"397\" src=\"https:\/\/fmmural91.uno\/2024\/wp-content\/uploads\/2026\/08\/Captura-de-pantalla-2026-08-27-102210.png\" alt=\"\" class=\"wp-image-3408\" srcset=\"https:\/\/fmmural91.uno\/2024\/wp-content\/uploads\/2026\/08\/Captura-de-pantalla-2026-08-27-102210.png 690w, https:\/\/fmmural91.uno\/2024\/wp-content\/uploads\/2026\/08\/Captura-de-pantalla-2026-08-27-102210-559x322.png 559w\" sizes=\"(max-width: 690px) 100vw, 690px\" \/><\/a><\/figure>\n\n\n\n<h3 class=\"wp-block-heading\">Qu\u00e9 dice la investigaci\u00f3n y qu\u00e9 contradicciones hay con las declaraciones de Paz<\/h3>\n\n\n\n<p class=\"wp-block-paragraph\">La explicaci\u00f3n oficial convive con elementos que alimentaron las dudas sobre la verdadera influencia de Cerimedo.&nbsp;<strong>\u00ab\u00c9l ten\u00eda una oficina al lado, en el piso 23 de la Casa de Gobierno de Bolivia, al lado del Presidente\u00bb<\/strong>, asegur\u00f3&nbsp;<strong>Nadia Beller<\/strong>, la ex pareja del consultor pol\u00edtico que<strong>&nbsp;fue v\u00edctima de un intento de atentado de parte de Cerimedo<\/strong>,&nbsp;en una entrevista con&nbsp;<em>TN&nbsp;<\/em>difundida en la noche del domingo.&nbsp;La letrada, quien afirma estar embarazada, relat\u00f3 que conoci\u00f3 a Cerimedo cuando este se desempe\u00f1aba como asesor de Paz.&nbsp;<\/p>\n\n\n\n<p class=\"wp-block-paragraph\">\u00abCuando yo lo conozco a Fernando,<strong>&nbsp;\u00e9l era el asesor del presidente<\/strong>&nbsp;y a m\u00ed se me pide que le comparta sobre los movimientos sociales, sobre cu\u00e1l era el comportamiento, la conducta m\u00e1s o menos sociol\u00f3gica de Bolivia, sobre algunas denuncias previas que hab\u00edan habido sobre cuestiones jur\u00eddicas\u201d, afirm\u00f3 Beller en esa entrevista.<\/p>\n\n\n\n<p class=\"wp-block-paragraph\">La situaci\u00f3n tambi\u00e9n expuso los v\u00ednculos previos de Cerimedo con distintos sectores pol\u00edticos bolivianos. Antes de acercarse al espacio de Paz, el consultor&nbsp;<strong>hab\u00eda tenido contactos con el entonces candidato Jaime Dunn y con Luis Uriona<\/strong>. Tras el triunfo de Paz en la primera vuelta, su participaci\u00f3n en la campa\u00f1a del&nbsp;<strong>Partido Dem\u00f3crata Cristiano adquiri\u00f3 mayor visibilidad<\/strong>.<\/p>\n\n\n\n<p class=\"wp-block-paragraph\">Frente al panorama,&nbsp;<strong>Paz Pereira asegur\u00f3 que su Gobierno respaldar\u00e1 las investigaciones<\/strong>&nbsp;y reclam\u00f3 que el proceso se base en pruebas.&nbsp;<strong>\u00abEl esc\u00e1ndalo no es una prueba\u00bb<\/strong>, sostuvo el mandatario al final de su mensaje.<\/p>\n\n\n\n<ul class=\"wp-block-list\">\n<li><a href=\"https:\/\/www.eldestapeweb.com\/tag\/bolivia\">Bolivia<\/a><\/li>\n\n\n\n<li><a href=\"https:\/\/www.eldestapeweb.com\/tag\/fernando-cerimedo\">Fernando Cerimedo<\/a><\/li>\n<\/ul>\n","protected":false},"excerpt":{"rendered":"<p>Rodrigo Paz Pereira reconoci\u00f3 que Fernando Cerimedo trabaj\u00f3 para su espacio y vincul\u00f3 al consultor argentino con otros dirigentes pol\u00edticos de Bolivia. El mandatario intent\u00f3 aclarar el v\u00ednculo y asegur\u00f3 que no tuvo un cargo formal dentro de su Gobierno. El presidente de Bolivia, Rodrigo Paz Pereira, a trav\u00e9s de un video difundido en sus [&hellip;]<\/p>\n","protected":false},"author":3,"featured_media":3409,"comment_status":"closed","ping_status":"closed","sticky":false,"template":"","format":"standard","meta":{"sync_status":"","episode_type":"","audio_file":"","castos_file_data":"","podmotor_file_id":"","cover_image":"","cover_image_id":"","duration":"","filesize":"","filesize_raw":"","date_recorded":"","explicit":"","block":"","footnotes":""},"categories":[19],"tags":[],"class_list":["post-3407","post","type-post","status-publish","format-standard","has-post-thumbnail","hentry","category-internacionales"],"_links":{"self":[{"href":"https:\/\/fmmural91.uno\/2024\/wp-json\/wp\/v2\/posts\/3407","targetHints":{"allow":["GET"]}}],"collection":[{"href":"https:\/\/fmmural91.uno\/2024\/wp-json\/wp\/v2\/posts"}],"about":[{"href":"https:\/\/fmmural91.uno\/2024\/wp-json\/wp\/v2\/types\/post"}],"author":[{"embeddable":true,"href":"https:\/\/fmmural91.uno\/2024\/wp-json\/wp\/v2\/users\/3"}],"replies":[{"embeddable":true,"href":"https:\/\/fmmural91.uno\/2024\/wp-json\/wp\/v2\/comments?post=3407"}],"version-history":[{"count":1,"href":"https:\/\/fmmural91.uno\/2024\/wp-json\/wp\/v2\/posts\/3407\/revisions"}],"predecessor-version":[{"id":3410,"href":"https:\/\/fmmural91.uno\/2024\/wp-json\/wp\/v2\/posts\/3407\/revisions\/3410"}],"wp:featuredmedia":[{"embeddable":true,"href":"https:\/\/fmmural91.uno\/2024\/wp-json\/wp\/v2\/media\/3409"}],"wp:attachment":[{"href":"https:\/\/fmmural91.uno\/2024\/wp-json\/wp\/v2\/media?parent=3407"}],"wp:term":[{"taxonomy":"category","embeddable":true,"href":"https:\/\/fmmural91.uno\/2024\/wp-json\/wp\/v2\/categories?post=3407"},{"taxonomy":"post_tag","embeddable":true,"href":"https:\/\/fmmural91.uno\/2024\/wp-json\/wp\/v2\/tags?post=3407"}],"curies":[{"name":"wp","href":"https:\/\/api.w.org\/{rel}","templated":true}]}}