{"id":3411,"date":"2026-08-27T10:41:13","date_gmt":"2026-08-27T13:41:13","guid":{"rendered":"https:\/\/fmmural91.uno\/2024\/?p=3411"},"modified":"2026-08-27T13:55:38","modified_gmt":"2026-08-27T16:55:38","slug":"hay-guerra-para-rato-trump-dice-que-no-tiene-apuro-para-negociar-con-iran","status":"publish","type":"post","link":"https:\/\/fmmural91.uno\/2024\/hay-guerra-para-rato-trump-dice-que-no-tiene-apuro-para-negociar-con-iran\/","title":{"rendered":"Hay guerra para rato: Trump dice que no tiene \u00abapuro\u00bb para negociar con Ir\u00e1n"},"content":{"rendered":"\n<p class=\"wp-block-paragraph\">El presidente estadounidense le asegur\u00f3 a Al Jazeera que no tiene \u00abning\u00fan plazo\u00bb para sentarse a negociar y poner fin al conflicto que se profundiz\u00f3 hace meses.<\/p>\n\n\n\n<p class=\"wp-block-paragraph\">Fuente: <a href=\"https:\/\/www.eldestapeweb.com\/\">https:\/\/www.eldestapeweb.com\/<\/a>   27 de agosto, 2026.<\/p>\n\n\n\n<p class=\"wp-block-paragraph\"><a href=\"https:\/\/www.eldestapeweb.com\/internacionales\/ee-uu-sanciona-iran-ofrece-recompensas-altos-cargos-militares-202682565343\">Ir\u00e1n aclar\u00f3 que el plan acordado con Om\u00e1n para gestionar el tr\u00e1fico por el estrecho de Ormuz no supone su reapertura inmediata<\/a>\u00a0y condicion\u00f3 cualquier desbloqueo al levantamiento del bloqueo econ\u00f3mico, el fin de la guerra en todos los frentes y la definici\u00f3n de la situaci\u00f3n en Yemen. Mientras Teher\u00e1n asegura haber extra\u00eddo \u00abvaliosas experiencias\u00bb militares de sus recientes enfrentamientos con Israel y Estados Unidos, el primer ministro israel\u00ed, Benjam\u00edn Netanyahu, descart\u00f3 un acuerdo con los l\u00edderes iran\u00edes y advirti\u00f3 que Israel responder\u00e1 con una fuerza \u00abmucho m\u00e1s\u00bb contundente ante cualquier nuevo ataque.\u00a0<strong>Segu\u00ed el minuto a minuto del conflicto en Ir\u00e1n este martes 25 de agosto en El Destape.<\/strong><\/p>\n\n\n\n<h2 class=\"wp-block-heading\">Las fuerzas israel\u00edes lanzaron proyectiles cerca de la localidad siria de Beit Jinn<\/h2>\n\n\n\n<p class=\"wp-block-paragraph\">Las fuerzas israel\u00edes lanzaron tres proyectiles de artiller\u00eda cerca de la localidad siria de Beit Jinn, al suroeste de Damasco.<\/p>\n\n\n\n<p class=\"wp-block-paragraph\">Seg\u00fan inform\u00f3&nbsp;<em>Al Jazeera<\/em>, los proyectiles fueron lanzados desde los Altos del Gol\u00e1n ocupados hacia una colina estrat\u00e9gica que domina la localidad. Agreg\u00f3 que las fuerzas israel\u00edes ya utilizaron anteriormente esa colina para lanzar incursiones contra Beit Jinn.<\/p>\n\n\n\n<h2 class=\"wp-block-heading\">Ataque con drones en la regi\u00f3n kurda del norte de Irak<\/h2>\n\n\n\n<p class=\"wp-block-paragraph\">Al menos un dron fue derribado cerca de la aldea de Badalyan, en la zona de Soran de la provincia de Erbil, en la regi\u00f3n kurda del norte de Irak.<\/p>\n\n\n\n<p class=\"wp-block-paragraph\">El derribo provoc\u00f3 un incendio, pero hasta el momento no se reportaron v\u00edctimas, inform\u00f3&nbsp;<em>Al Jazeera<\/em>.<\/p>\n\n\n\n<h2 class=\"wp-block-heading\">El ej\u00e9rcito israel\u00ed hiri\u00f3 a una mujer embarazada en Gaza<\/h2>\n\n\n\n<p class=\"wp-block-paragraph\">Un ataque israel\u00ed contra una casa en al-Nazlah, un suburbio de Jabalia al norte de la ciudad de Gaza, dej\u00f3 herida a una mujer palestina embarazada, seg\u00fan inform\u00f3 la agencia de noticias Shehab.<\/p>\n\n\n\n<h2 class=\"wp-block-heading\">El enviado del Consejo de Paz inform\u00f3 a la ONU que Hamas acord\u00f3 desarmarse y entregar el control de Gaza<\/h2>\n\n\n\n<p class=\"wp-block-paragraph\">El Alto Representante de la Junta de Paz para Gaza, Nickolay Mladenov, afirm\u00f3 que Hamas y otras facciones de Gaza acordaron entregar sus armas y el control de la Franja de Gaza a un gobierno de transici\u00f3n reconocido por la ONU.<\/p>\n\n\n\n<p class=\"wp-block-paragraph\">En su intervenci\u00f3n ante el Consejo de Seguridad de la ONU, Mladenov se refiri\u00f3 a las continuas restricciones de Israel a la ayuda humanitaria y advirti\u00f3: \u00abEl&nbsp;invierno est\u00e1 a la vuelta de la esquina, y la pol\u00edtica actual de Israel respecto a los refugios de calidad es inaceptable. La Junta de Paz insta al Estado de Israel a permitir la entrada de mejores refugios a la Franja, por razones de dignidad, salud y seguridad\u00bb.&nbsp;<\/p>\n\n\n\n<p class=\"wp-block-paragraph\">Mladenov afirm\u00f3 que la \u00abautoridad gubernamental plena, tanto civil como de seguridad\u00bb de las facciones armadas de Gaza se transferir\u00e1 al gobierno de transici\u00f3n, y elogi\u00f3 lo que calific\u00f3 como una oportunidad para \u00abmejorar dr\u00e1sticamente la vida de manera sostenible\u00bb para los habitantes de Gaza y \u00abproporcionar seguridad duradera\u00bb a los israel\u00edes.<\/p>\n\n\n\n<h2 class=\"wp-block-heading\">Ir\u00e1n alert\u00f3 que no permitir\u00e1 el paso de barcos militares por Ormuz en el acuerdo que negocia con Om\u00e1n<\/h2>\n\n\n\n<p class=\"wp-block-paragraph\">El gobierno de Ir\u00e1n advirti\u00f3 que, en el acuerdo que negocia con Om\u00e1n para reabrir el estrecho de Ormuz, no permitir\u00e1 el paso de ning\u00fan barco militar, seg\u00fan asegur\u00f3 el vice canciller iran\u00ed, Kazem Gharibabadi.&nbsp;<\/p>\n\n\n\n<h2 class=\"wp-block-heading\">EE.UU.: \u00abLos pol\u00edticos israel\u00edes adoptar\u00e1n la postura que deseen\u00bb sobre los asentamientos en Cisjordania<\/h2>\n\n\n\n<p class=\"wp-block-paragraph\">Un funcionario de la Casa Blanca, que eligi\u00f3 permanecer en el anonimato,&nbsp;declar\u00f3 a Al Jazeera que \u00ablos pol\u00edticos israel\u00edes adoptar\u00e1n la postura que deseen\u00bb cuando se le pregunt\u00f3 si Donald Trump apoya la expansi\u00f3n de los asentamientos en la Cisjordania ocupada.<\/p>\n\n\n\n<p class=\"wp-block-paragraph\">\u00abUna Cisjordania estable garantiza la seguridad de Israel y est\u00e1 en consonancia con el objetivo de esta administraci\u00f3n de lograr la paz en la regi\u00f3n\u00bb, afirm\u00f3 el funcionario.<\/p>\n\n\n\n<h2 class=\"wp-block-heading\">Ir\u00e1n afirm\u00f3 que las instalaciones nucleares atacadas no son seguras para una inspecci\u00f3n de la OIEA<\/h2>\n\n\n\n<p class=\"wp-block-paragraph\">El jefe de energ\u00eda at\u00f3mica de Ir\u00e1n, Mohammad Eslami, declar\u00f3 que la Agencia Internacional de Energ\u00eda At\u00f3mica (OIEA) no podr\u00e1 inspeccionar las instalaciones nucleares iran\u00edes que sufrieron&nbsp;ataques en los \u00faltimos meses hasta que se desarrolle un protocolo de inspecci\u00f3n espec\u00edfico para dichas instalaciones y se garantice su seguridad.<\/p>\n\n\n\n<p class=\"wp-block-paragraph\">En declaraciones difundidas por la agencia de noticias iran\u00ed IRNA, Eslami se\u00f1al\u00f3 que Ir\u00e1n sigue en una situaci\u00f3n de guerra y no cree que la seguridad de las instalaciones nucleares atacadas se haya restablecido por completo.<\/p>\n\n\n\n<h2 class=\"wp-block-heading\">Israel mat\u00f3 a cinco palestinos en Gaza en las \u00faltimas 24 horas<\/h2>\n\n\n\n<p class=\"wp-block-paragraph\">El ej\u00e9rcito israel\u00ed mat\u00f3 a cinco personas en Gaza en las \u00faltimas 24 horas, seg\u00fan el Ministerio de Salud gazat\u00ed. Dos personas tambi\u00e9n fallecieron a causa de las heridas sufridas en ataques israel\u00edes anteriores, agreg\u00f3 el ministerio.<\/p>\n\n\n\n<p class=\"wp-block-paragraph\">Al menos 1,303 palestinos murieron&nbsp;en Gaza desde el \u00abalto al fuego\u00bb del a\u00f1o pasado, sum\u00f3.<\/p>\n\n\n\n<h2 class=\"wp-block-heading\">Un buque iran\u00ed se enfrent\u00f3 a un barco que intentaba pasar por el estrecho de Ormuz<\/h2>\n\n\n\n<p class=\"wp-block-paragraph\">La agencia de noticias iran\u00ed Fars informa que un \u00abgran buque de guerra iran\u00ed\u00bb se enfrent\u00f3 a un barco indio que intentaba atravesar la ruta sur, tambi\u00e9n conocida como el \u00abcorredor de Om\u00e1n\u00bb, en el estrecho de Ormuz.<\/p>\n\n\n\n<p class=\"wp-block-paragraph\">\u00abHace unos momentos, un petrolero indio llamado \u2018HAANA\u2019 intent\u00f3 pasar por la ruta sur del Estrecho de Ormuz, conocida como el corredor de Om\u00e1n, pero fue disuadido tras recibir una advertencia\u00bb, informa Fars.<\/p>\n\n\n\n<h2 class=\"wp-block-heading\">Hay guerra para rato: Trump dice que no tiene \u00abapuro\u00bb para negociar con Ir\u00e1n<\/h2>\n\n\n\n<p class=\"wp-block-paragraph\">El presidente estadounidense, Donald Trump, asegur\u00f3 que no tiene \u00abapuro\u00bb para que se efect\u00faen las negociaciones con Ir\u00e1n.<\/p>\n\n\n\n<p class=\"wp-block-paragraph\">\u00abNo tengo un plazo, ninguno. No tengo prisa. No tengo ning\u00fan plazo en absoluto\u00bb, dijo Trump a Al Jazeera.<\/p>\n\n\n\n<h2 class=\"wp-block-heading\">Israel dice que la Cisjordania palestina es de ellos y aumentan los ataques<\/h2>\n\n\n\n<p class=\"wp-block-paragraph\">El embajador de Israel ante la ONU afirm\u00f3 que los colonos no se van a ir de Cisjordania ocupada y al mismo tiempo un informe revel\u00f3 que los ataques crecieron m\u00e1s del 60%.&nbsp;<\/p>\n\n\n\n<figure class=\"wp-block-image size-full\"><a href=\"https:\/\/fmmural91.uno\/2024\/wp-content\/uploads\/2026\/08\/Captura-de-pantalla-2026-08-27-103714.png\"><img fetchpriority=\"high\" decoding=\"async\" width=\"817\" height=\"502\" src=\"https:\/\/fmmural91.uno\/2024\/wp-content\/uploads\/2026\/08\/Captura-de-pantalla-2026-08-27-103714.png\" alt=\"\" class=\"wp-image-3412\" srcset=\"https:\/\/fmmural91.uno\/2024\/wp-content\/uploads\/2026\/08\/Captura-de-pantalla-2026-08-27-103714.png 817w, https:\/\/fmmural91.uno\/2024\/wp-content\/uploads\/2026\/08\/Captura-de-pantalla-2026-08-27-103714-559x343.png 559w, https:\/\/fmmural91.uno\/2024\/wp-content\/uploads\/2026\/08\/Captura-de-pantalla-2026-08-27-103714-767x471.png 767w\" sizes=\"(max-width: 817px) 100vw, 817px\" \/><\/a><\/figure>\n\n\n\n<p class=\"wp-block-paragraph\">El embajador de<a href=\"https:\/\/www.eldestapeweb.com\/internacionales\/israel-expulso-representantes-paises-bajos-represalia-boicot-ocupacion-palestina-2026825162357\" target=\"_blank\" rel=\"noopener\"><strong>\u00a0Israel\u00a0<\/strong><\/a>ante las Naciones Unidas, Danny Danon, afirm\u00f3 este martes que los israel\u00edes tiene \u00abderecho\u00bb a vivir en Cisjordania ocupada y anunci\u00f3 que los colonos no se van a ir a ninguna parte. Sus declaraciones se dan un d\u00eda despu\u00e9s de que se conociera un informe de la agencia palestina\u00a0<strong><em>WAFA,\u00a0<\/em>que indic\u00f3 que los ataques de los colonos aumentaron un 63% en la primera mitad de a\u00f1o del 2026.\u00a0<\/strong><\/p>\n","protected":false},"excerpt":{"rendered":"<p>El presidente estadounidense le asegur\u00f3 a Al Jazeera que no tiene \u00abning\u00fan plazo\u00bb para sentarse a negociar y poner fin al conflicto que se profundiz\u00f3 hace meses. Fuente: https:\/\/www.eldestapeweb.com\/ 27 de agosto, 2026. Ir\u00e1n aclar\u00f3 que el plan acordado con Om\u00e1n para gestionar el tr\u00e1fico por el estrecho de Ormuz no supone su reapertura inmediata\u00a0y [&hellip;]<\/p>\n","protected":false},"author":3,"featured_media":3413,"comment_status":"closed","ping_status":"closed","sticky":false,"template":"","format":"standard","meta":{"sync_status":"","episode_type":"","audio_file":"","castos_file_data":"","podmotor_file_id":"","cover_image":"","cover_image_id":"","duration":"","filesize":"","filesize_raw":"","date_recorded":"","explicit":"","block":"","footnotes":""},"categories":[19],"tags":[],"class_list":["post-3411","post","type-post","status-publish","format-standard","has-post-thumbnail","hentry","category-internacionales"],"_links":{"self":[{"href":"https:\/\/fmmural91.uno\/2024\/wp-json\/wp\/v2\/posts\/3411","targetHints":{"allow":["GET"]}}],"collection":[{"href":"https:\/\/fmmural91.uno\/2024\/wp-json\/wp\/v2\/posts"}],"about":[{"href":"https:\/\/fmmural91.uno\/2024\/wp-json\/wp\/v2\/types\/post"}],"author":[{"embeddable":true,"href":"https:\/\/fmmural91.uno\/2024\/wp-json\/wp\/v2\/users\/3"}],"replies":[{"embeddable":true,"href":"https:\/\/fmmural91.uno\/2024\/wp-json\/wp\/v2\/comments?post=3411"}],"version-history":[{"count":1,"href":"https:\/\/fmmural91.uno\/2024\/wp-json\/wp\/v2\/posts\/3411\/revisions"}],"predecessor-version":[{"id":3414,"href":"https:\/\/fmmural91.uno\/2024\/wp-json\/wp\/v2\/posts\/3411\/revisions\/3414"}],"wp:featuredmedia":[{"embeddable":true,"href":"https:\/\/fmmural91.uno\/2024\/wp-json\/wp\/v2\/media\/3413"}],"wp:attachment":[{"href":"https:\/\/fmmural91.uno\/2024\/wp-json\/wp\/v2\/media?parent=3411"}],"wp:term":[{"taxonomy":"category","embeddable":true,"href":"https:\/\/fmmural91.uno\/2024\/wp-json\/wp\/v2\/categories?post=3411"},{"taxonomy":"post_tag","embeddable":true,"href":"https:\/\/fmmural91.uno\/2024\/wp-json\/wp\/v2\/tags?post=3411"}],"curies":[{"name":"wp","href":"https:\/\/api.w.org\/{rel}","templated":true}]}}