{"id":3430,"date":"2026-08-28T08:59:54","date_gmt":"2026-08-28T11:59:54","guid":{"rendered":"https:\/\/fmmural91.uno\/2024\/?p=3430"},"modified":"2026-08-28T14:16:49","modified_gmt":"2026-08-28T17:16:49","slug":"la-comunicacion-libertaria-en-crisis","status":"publish","type":"post","link":"https:\/\/fmmural91.uno\/2024\/la-comunicacion-libertaria-en-crisis\/","title":{"rendered":"La comunicaci\u00f3n libertaria, en crisis"},"content":{"rendered":"\n<h1 class=\"wp-block-heading\">Con Caputo y los trolls en retirada, Milei pierde cada vez m\u00e1s terreno en las redes<\/h1>\n\n\n\n<p class=\"wp-block-paragraph\">Entre febrero de 2025 a junio de 2026, el Presidente pas\u00f3 de su pico a su piso en menciones en redes sociales. La ca\u00edda coincide con la penitencia en que Karina puso a las fuerzas del cielo.<\/p>\n\n\n\n<p class=\"wp-block-paragraph\"><a href=\"https:\/\/www.pagina12.com.ar\/autores\/ayelen-berdinas\">Por\u00a0Ayel\u00e9n Berdi\u00f1as<\/a>   &#8211;   Fuente: <a href=\"https:\/\/www.pagina12.com.ar\/\">https:\/\/www.pagina12.com.ar\/<\/a>   28 de agosto, 2026.<\/p>\n\n\n\n<p class=\"wp-block-paragraph\">La comunicaci\u00f3n libertaria entr\u00f3 en una etapa de crisis. Dos informes recientes de dos consultoras distintas coinciden en la ca\u00edda abrupta de Javier Milei y sus ministros en el terreno digital, consolidando la imagen negativa y con grandes dificultades para recuperar la agenda. En la \u00faltima semana, el Presidente intent\u00f3 reaccionar con cataratas de publicaciones donde insult\u00f3 y agredi\u00f3 a periodistas y opositores sin parar, pero tampoco funcion\u00f3. Puertas adentro del Gobierno reconocen el fuerte repliegue de Santiago Caputo, y con \u00e9l, de Las Fuerzas del Cielo en el manejo del relato y la redes sociales. Esa interna fue expuesta involuntariamente por el vocero presidencial, Adrian Ravier. En su \u00faltimo traspi\u00e9, afirm\u00f3 que Santiago Or\u00eda es el nuevo responsable de la comunicaci\u00f3n del Gobierno, pero horas despu\u00e9s se desdijo. Adem\u00e1s, la fabrica de bots desmantelada del exasesor de Milei, Fernando Cerimedo, podr\u00eda ser la explicaci\u00f3n de las miles de cuentas ficticias que ya no traccionan hacia La Libertad Avanza.<\/p>\n\n\n\n<p class=\"wp-block-paragraph\">En los pasillos de La Rosada reconocieron el repliegue de Caputo con la consecuente retirada del aparato digital en el apoyo a Milei. En medio de la tensi\u00f3n con el Presidente y su hermana, Karina Milei, fuentes cercanas al Gobierno no definen si el asesor sin cargo est\u00e1 en medio de una retirada moment\u00e1nea o acaso definitiva. \u201cNo sabemos si hay un repliegue contextual o si ser\u00e1 permanente\u201d, apuntan. Pero nadie niega que el cortocircuito es cada vez mayor.<\/p>\n\n\n\n<h2 class=\"wp-block-heading\"><strong>Or\u00eda, el \u201camateur\u201d<\/strong><\/h2>\n\n\n\n<p class=\"wp-block-paragraph\">Lejos de negar la tensi\u00f3n entre los equipos de comunciaci\u00f3n oficiales, miran con recelo el aporte de Santiago Or\u00eda, cineasta, realizador y amigo del Presidente. \u201cOr\u00eda es filmaker, pero no tiene ni la gente, ni los equipos, ni el conocimiento para encargarse de la comunicaci\u00f3n digital. Es un amateur\u201d, dispararon desde las filas del Gobierno al ser consultadas por este diario.<\/p>\n\n\n\n<p class=\"wp-block-paragraph\">El \u00faltimo conflicto en la comunicaci\u00f3n estall\u00f3 cuando se public\u00f3 un mensaje en X defendiendo al Gobierno. Aparecieron decenas de respuestas id\u00e9nticas provenientes de diferentes cuentas, todos los mensajes comenzaban con la palabra \u201cReply\u201d, seguida por frases de apoyo al oficialismo y ataques al kirchnerismo y a los llamados \u201ckukas\u201d. La repetici\u00f3n autom\u00e1tica de esa instrucci\u00f3n, utilizada habitualmente en ingl\u00e9s para indicar una respuesta dentro de un sistema automatizado, dej\u00f3 expuesto el error de configuraci\u00f3n en la red de cuentas que replicaban el contenido. Las respuestas se multiplicaron, lo que llev\u00f3 a numerosos usuarios a inferir que se trataba de publicaciones generadas autom\u00e1ticamente a partir de una instrucci\u00f3n que debi\u00f3 ser eliminada antes de la publicaci\u00f3. Los comentarios id\u00e9nticos comenzaron a circular por la red y el episodio se convirti\u00f3 r\u00e1pidamente en tendencia. Enojado, Or\u00eda se despeg\u00f3 del papel\u00f3n con un posteo agresivo, fiel al estilo del Presidente: \u201cCuando viv\u00eds una operaci\u00f3n en carne propia, te das m\u00e1s cuenta del temple de acero y las pelotas de titanio de Javier. Eso me hace admirarlo y querer bancarlo mucho m\u00e1s\u201d.<\/p>\n\n\n\n<h2 class=\"wp-block-heading\"><strong>La influencia de Las fuerzas del Cielo<\/strong><\/h2>\n\n\n\n<p class=\"wp-block-paragraph\">La consultora Sustantiva midi\u00f3 la migraci\u00f3n de influencia del oficialismo argentino en redes sociales. Un posteo t\u00edpico de funcionarios rinde un 49 por ciento menos en relaci\u00f3n a 2023. \u201cEn X sigue s\u00f3lido el nucleo del gobierno, a pesar de la baja de Milei y los funcionarios, especialmente en torno a Parisini y la militancia digital libertaria\u201d, explic\u00f3 para este diario Lucas Malaspina, especialista e integrante de la consultora. El brazo digital de las Fuerzas del Cielo, conducidas pol\u00edticamente por Santiago Caputo, no pierden fuerza en la red social, pero ya no la usan en favor del Presidente.<\/p>\n\n\n\n<p class=\"wp-block-paragraph\">La comunidad libertaria pierde potencia. La consultora Adhoc analiz\u00f3 las principales cuentas digitales que m\u00e1s interacciones generan al hablar sobre Milei, y descubrieron que la gran mayor\u00eda -comandadas por Las fuerzas del Cielo- mencionan cada vez menos al Presidente. Entre las cuentas analizadas aparecen: @ElTrumpista, @usdtermo, @Tv_Libertaria, @laderechadiario, @TraductorTeAma, @agarra_pala, @GordoDan_<\/p>\n\n\n\n<h2 class=\"wp-block-heading\"><strong>Un vocero que no funciona<\/strong><\/h2>\n\n\n\n<p class=\"wp-block-paragraph\">La crisis en la comunicaci\u00f3n oficial alcanz\u00f3 al vocero presidencial, Adri\u00e1n Ravier, tras el \u00faltimo papel\u00f3n en conferencia de prensa, donde afirm\u00f3 que Santiago Or\u00eda es el nuevo encargado de comunicaci\u00f3n del Gobierno, pero horas m\u00e1s tarde volvi\u00f3 sobre sus propios pasos para asegurar que no hab\u00eda cambios en la comunicaci\u00f3n del Gobierno. En su traspi\u00e9, sac\u00f3 a la luz los problemas internos entre el asesor presidencial y el Gobierno, lo que gener\u00f3 mucha molestia con Ravier. \u201cNo sabemos qu\u00e9 va a pasar con \u00e9l, porque lo puso Milei. Quien deber\u00eda decidir algo en relaci\u00f3n a \u00e9l es el propio presidente\u201d, aseguran desde Rosada. Adem\u00e1s, existe un esquema alternativo que comenzaron a barajar: Ravier podr\u00eda pasar a ser vocero espec\u00edficamente del Presidente, pero ya no de la gesti\u00f3n libertaria, que podr\u00eda quedar a cargo de los propios ministros.<\/p>\n\n\n\n<h2 class=\"wp-block-heading\"><strong>Los bots y el Gobierno<\/strong><\/h2>\n\n\n\n<p class=\"wp-block-paragraph\">Tras la detenci\u00f3n de Fernando Cerimedo y el desmantelamiento de una f\u00e1brica de bots en una casa vinculada al exasesor presidencial, las miradas se posaron en el casual cambio de rebote y potencia digital del gobierno nacional. \u201cLas 20 cuentas trolstars que manejaba Caputo y La Derecha Diario publicaban las fake News que eran retuiteadas por los 50.000 bots de Cerimedo\u201d, asegur\u00f3 Juli\u00e1n Mac\u00edas Tovar, especialista que se dedica a la desinformaci\u00f3n de la derecha en todo el habla hispana.<\/p>\n\n\n\n<p class=\"wp-block-paragraph\">El especialista en IA y docente Ariel Garbarz le explic\u00f3 a&nbsp;<strong>P\u00e1gina\/12<\/strong>&nbsp;que si el Gobierno contaba con una granja de bots y ahora dej\u00f3 de tenerla hace falta una pericia t\u00e9cnica que vincule cuentas, infraestructura y per\u00edodos de actividad. \u201cLo que s\u00ed tenemos son indicios muy fuertes y, sobre todo, una coincidencia que merece ser investigada. Cerimedo reconoci\u00f3 p\u00fablicamente en 2023 que hab\u00edan creado alrededor de 50.000 cuentas artificiales para generar contenido e influir en la conversaci\u00f3n de las redes. Ahora, la Fiscal\u00eda boliviana inform\u00f3 que encontr\u00f3 una \u201cmini granja de bots\u201d en una propiedad vinculada a \u00e9l. Y al mismo tiempo podemos medir qu\u00e9 est\u00e1 pasando con el ecosistema digital de Milei: vienen cayendo las menciones, las interacciones y la capacidad de sus principales cuentas para instalar agenda\u00bb.<\/p>\n\n\n\n<h2 class=\"wp-block-heading\"><strong>Gobierno en crisis, imagen en picada<\/strong><\/h2>\n\n\n\n<p class=\"wp-block-paragraph\">\u201cLa fatiga digital es producto de una crisis econ\u00f3mica y pol\u00edtica que se acent\u00faa con los casos de corrupci\u00f3n. Los casos de corrupci\u00f3n marcan un quiebre en un sentido muy claro. Milei ya no es diferente al resto. Eso que ten\u00eda como capital lo perdi\u00f3\u201d, explica para este diario Kevin Grunbaum consultor de Adhoc.<\/p>\n\n\n\n<p class=\"wp-block-paragraph\">La ca\u00edda de Milei en redes ya ven\u00eda de antes: el informe de Ad Hoc ubica el punto de inflexi\u00f3n general alrededor del caso $LIBRA y describe el descenso como \u201cpaulatino y persistente\u201d; incluso las interacciones de una de las principales cuentas oficialistas analizadas cayeron 39% entre mayo y julio. Por eso, el eventual quiebre del 20 de agosto habr\u00eda que estudiarlo como una posible aceleraci\u00f3n o cambio de pendiente, pero no como el comienzo de toda la ca\u00edda.<\/p>\n","protected":false},"excerpt":{"rendered":"<p>Con Caputo y los trolls en retirada, Milei pierde cada vez m\u00e1s terreno en las redes Entre febrero de 2025 a junio de 2026, el Presidente pas\u00f3 de su pico a su piso en menciones en redes sociales. La ca\u00edda coincide con la penitencia en que Karina puso a las fuerzas del cielo. Por\u00a0Ayel\u00e9n Berdi\u00f1as [&hellip;]<\/p>\n","protected":false},"author":3,"featured_media":3431,"comment_status":"closed","ping_status":"closed","sticky":false,"template":"","format":"standard","meta":{"sync_status":"","episode_type":"","audio_file":"","castos_file_data":"","podmotor_file_id":"","cover_image":"","cover_image_id":"","duration":"","filesize":"","filesize_raw":"","date_recorded":"","explicit":"","block":"","footnotes":""},"categories":[18],"tags":[],"class_list":["post-3430","post","type-post","status-publish","format-standard","has-post-thumbnail","hentry","category-nacionales"],"_links":{"self":[{"href":"https:\/\/fmmural91.uno\/2024\/wp-json\/wp\/v2\/posts\/3430","targetHints":{"allow":["GET"]}}],"collection":[{"href":"https:\/\/fmmural91.uno\/2024\/wp-json\/wp\/v2\/posts"}],"about":[{"href":"https:\/\/fmmural91.uno\/2024\/wp-json\/wp\/v2\/types\/post"}],"author":[{"embeddable":true,"href":"https:\/\/fmmural91.uno\/2024\/wp-json\/wp\/v2\/users\/3"}],"replies":[{"embeddable":true,"href":"https:\/\/fmmural91.uno\/2024\/wp-json\/wp\/v2\/comments?post=3430"}],"version-history":[{"count":1,"href":"https:\/\/fmmural91.uno\/2024\/wp-json\/wp\/v2\/posts\/3430\/revisions"}],"predecessor-version":[{"id":3432,"href":"https:\/\/fmmural91.uno\/2024\/wp-json\/wp\/v2\/posts\/3430\/revisions\/3432"}],"wp:featuredmedia":[{"embeddable":true,"href":"https:\/\/fmmural91.uno\/2024\/wp-json\/wp\/v2\/media\/3431"}],"wp:attachment":[{"href":"https:\/\/fmmural91.uno\/2024\/wp-json\/wp\/v2\/media?parent=3430"}],"wp:term":[{"taxonomy":"category","embeddable":true,"href":"https:\/\/fmmural91.uno\/2024\/wp-json\/wp\/v2\/categories?post=3430"},{"taxonomy":"post_tag","embeddable":true,"href":"https:\/\/fmmural91.uno\/2024\/wp-json\/wp\/v2\/tags?post=3430"}],"curies":[{"name":"wp","href":"https:\/\/api.w.org\/{rel}","templated":true}]}}