{"id":3433,"date":"2026-08-28T09:04:37","date_gmt":"2026-08-28T12:04:37","guid":{"rendered":"https:\/\/fmmural91.uno\/2024\/?p=3433"},"modified":"2026-08-28T14:16:10","modified_gmt":"2026-08-28T17:16:10","slug":"la-justicia-argentina-lo-intimo-a-devoler-139-millones","status":"publish","type":"post","link":"https:\/\/fmmural91.uno\/2024\/la-justicia-argentina-lo-intimo-a-devoler-139-millones\/","title":{"rendered":"La justicia argentina lo intim\u00f3 a devoler $139 millones"},"content":{"rendered":"\n<h1 class=\"wp-block-heading\">M\u00e1s problemas para Cerimedo: un banco le reclama una deuda millonaria<\/h1>\n\n\n\n<p class=\"wp-block-paragraph\">Mientras cumple prisi\u00f3n preventiva en Bolivia por atentado contra su expareja, el fundador de La Derecha Diario acumula problemas judiciales en el pa\u00eds. El Banco Galicia lo persigue por el pasivo de una de sus empresas.<\/p>\n\n\n\n<p class=\"wp-block-paragraph\">Fuente: <a href=\"https:\/\/www.pagina12.com.ar\/\">https:\/\/www.pagina12.com.ar\/<\/a>   28 de agosto, 2026.<\/p>\n\n\n\n<p class=\"wp-block-paragraph\">El intento de asesinato de su expareja, el enriquecimiento il\u00edcito y la participaci\u00f3n en diversos episodios de corrupci\u00f3n de ambos lados de la frontera con Bolivia no son los \u00fanicos motivos por los que Fernando Cerimedo debe rendir cuentas ante el Poder Judicial.&nbsp;<strong>El exasesor de Javier Milei fue intimado por un juzgado comercial argentino a pagar 139 millones de pesos en una demanda iniciada por el Banco Galicia<\/strong>, por haber firmado a principios de 2025 un pagar\u00e9 en nombre de su empresa Numen Publicidad y Sondeos,&nbsp;<strong>deuda que nunca sald\u00f3.<\/strong><\/p>\n\n\n\n<p class=\"wp-block-paragraph\">El fundador del portal coprof\u00edlico La Derecha Diario&nbsp;<strong>cumple prisi\u00f3n preventiva en la c\u00e1rcel de Palmasola<\/strong>, en Santa Cruz de la Sierra,&nbsp;<strong>imputado como autor intelectual de la tentativa de femicidio contra la abogada Nadia Beller<\/strong>, hasta entonces su pareja, que el 17 de agosto \u00faltimo recibi\u00f3 tres disparos efectuados por sicarios y sobrevivi\u00f3 para contarlo.&nbsp;<strong>En Bolivia tambi\u00e9n se lo investiga por enriquecimiento il\u00edcito luego de que Beller revelara que como asesor del presidente Rodrigo Paz est\u00e1 involucrado en casos de sobreprecio en la distribuci\u00f3n de combustible<\/strong>, la creaci\u00f3n de un equipo de \u00e9lite policial bajo su mando, pagos a legisladores para que se aprueben ciertas leyes y otras irregularidades. En una tercera causa, se lo investiga por presunto tr\u00e1fico de sustancias controladas y encubrimiento al narcotr\u00e1fico.<\/p>\n\n\n\n<p class=\"wp-block-paragraph\">En nuestro pa\u00eds,&nbsp;<strong>el operador todoterreno de la derecha latinoamericana declar\u00f3 en su momento como testigo en la causa por sobreprecios y coimas en la Agencia Nacional de Discapacidad (ANDIS)<\/strong>, aunque las declaraciones de Beller, que ya manifest\u00f3 su voluntad de testificar en caso de ser citada, podr\u00edan convertirlo tambi\u00e9n en imputado. La abogada cont\u00f3 que Cerimedo y su pareja argentina, Natalia Basil, fueron quienes filtraron los audios de Diego Spagnuolo sobre el 3 por ciento de las coimas para Karina Milei; dijo que el extaxista le cont\u00f3 sobre el involucramiento de la secretaria del presidente en casos de corrupci\u00f3n, pero tambi\u00e9n le mostr\u00f3 un caj\u00f3n repleto de dinero que, seg\u00fan dijo, deb\u00eda entregarle a la gran hermana, con lo cual tambi\u00e9n ser\u00eda parte de la estructura corrupta de la que hablaba. La diputada Marcela Pagano pidi\u00f3 que Beller sea citada como testigo y la mujer aclar\u00f3 que si es citada se presentar\u00e1 a declarar, medida que eval\u00faan por estos d\u00edas el fiscal Franco Piccardi y el juez Ariel Lijo.<\/p>\n\n\n\n<p class=\"wp-block-paragraph\">La mala nueva para Cerimedo, tal vez menor en comparaci\u00f3n, es que&nbsp;<strong>la Justicia Comercial hizo lugar a un pedido del Banco Galicia en una demanda ejecutiva contra el consultor y su empresa Numen Publicidad y Sondeos.<\/strong>&nbsp;<strong>El reclamo se origin\u00f3 en un pagar\u00e9 de 70 millones que Cerimedo aval\u00f3, pero que con intereses y costas ya ascender\u00eda a 139 millones.<\/strong><\/p>\n\n\n\n<p class=\"wp-block-paragraph\">La decisi\u00f3n, que inform\u00f3 ayer el diario Clar\u00edn, tuvo lugar en la causa \u201cBanco de Galicia y Buenos Aires S.A.U. c\/ Numen Publicidad y Sondeos S.R.L. y otro s\/ejecutivo\u201d, que tramita ante el Juzgado Comercial 14, secretar\u00eda 27. El expediente se inici\u00f3 a partir de un pagar\u00e9 por 70 millones de pesos emitido por Numen Publicidad y Sondeos el 10 de febrero de 2025. Seg\u00fan la demanda del banco, Cerimedo figura como aval del documento por la totalidad de las obligaciones asumidas por la sociedad.<\/p>\n\n\n\n<p class=\"wp-block-paragraph\">El Galicia hab\u00eda reclamado el capital m\u00e1s los intereses compensatorios y punitorios. Seg\u00fan la liquidaci\u00f3n presentada en la demanda, al 16 de abril de 2026 el reclamo ascend\u00eda a 138.977.808,22 pesos. La mala nueva para Cerimedo, esta semana, es que juez Pablo Frick orden\u00f3 librar un \u201cmandamiento\u201d para requerir a los demandados (el consultor y la firma) el pago de los 70 millones de capital, m\u00e1s otros 70 millones estimados provisoriamente en concepto de intereses y costas, y orden\u00f3 la inhibici\u00f3n general de bienes de ambos.<\/p>\n\n\n\n<p class=\"wp-block-paragraph\">La resoluci\u00f3n ordena librar los despachos correspondientes para hacer efectiva la medida y tambi\u00e9n contempla la posibilidad de requerir informaci\u00f3n a la Inspecci\u00f3n General de Justicia (IGJ) sobre los datos de inscripci\u00f3n de Numen. Adem\u00e1s, el juzgado dispuso que se libre oficio al Registro \u00danico Laboral y a la ANSES para conocer, en caso de existir, informaci\u00f3n sobre el empleo del demandado. La resoluci\u00f3n establece tambi\u00e9n que Cerimedo y la sociedad quedan citados para oponer excepciones y constituir domicilio dentro del plazo de cinco d\u00edas, bajo el apercibimiento previsto por el C\u00f3digo Procesal.<\/p>\n\n\n\n<p class=\"wp-block-paragraph\">La causa tramita como juicio ejecutivo, un proceso utilizado para reclamar judicialmente obligaciones documentadas en t\u00edtulos que permiten una ejecuci\u00f3n directa, como los pagar\u00e9s. En su presentaci\u00f3n inicial, el Galicia sostuvo que el pagar\u00e9 fue presentado al cobro el 10 de marzo de 2025 y que desde entonces correspond\u00edan intereses punitorios. El documento establec\u00eda, seg\u00fan el banco, un inter\u00e9s compensatorio del 57 por ciento anual y uno punitorio del 28,5 por ciento anual durante la mora. El banco tambi\u00e9n hab\u00eda pedido la inhibici\u00f3n general de bienes porque, seg\u00fan expres\u00f3 en su demanda, desconoc\u00eda la existencia de bienes suficientes de los demandados para cubrir el cr\u00e9dito reclamado.<\/p>\n","protected":false},"excerpt":{"rendered":"<p>M\u00e1s problemas para Cerimedo: un banco le reclama una deuda millonaria Mientras cumple prisi\u00f3n preventiva en Bolivia por atentado contra su expareja, el fundador de La Derecha Diario acumula problemas judiciales en el pa\u00eds. El Banco Galicia lo persigue por el pasivo de una de sus empresas. Fuente: https:\/\/www.pagina12.com.ar\/ 28 de agosto, 2026. El intento [&hellip;]<\/p>\n","protected":false},"author":3,"featured_media":3434,"comment_status":"closed","ping_status":"closed","sticky":false,"template":"","format":"standard","meta":{"sync_status":"","episode_type":"","audio_file":"","castos_file_data":"","podmotor_file_id":"","cover_image":"","cover_image_id":"","duration":"","filesize":"","filesize_raw":"","date_recorded":"","explicit":"","block":"","footnotes":""},"categories":[19],"tags":[],"class_list":["post-3433","post","type-post","status-publish","format-standard","has-post-thumbnail","hentry","category-internacionales"],"_links":{"self":[{"href":"https:\/\/fmmural91.uno\/2024\/wp-json\/wp\/v2\/posts\/3433","targetHints":{"allow":["GET"]}}],"collection":[{"href":"https:\/\/fmmural91.uno\/2024\/wp-json\/wp\/v2\/posts"}],"about":[{"href":"https:\/\/fmmural91.uno\/2024\/wp-json\/wp\/v2\/types\/post"}],"author":[{"embeddable":true,"href":"https:\/\/fmmural91.uno\/2024\/wp-json\/wp\/v2\/users\/3"}],"replies":[{"embeddable":true,"href":"https:\/\/fmmural91.uno\/2024\/wp-json\/wp\/v2\/comments?post=3433"}],"version-history":[{"count":1,"href":"https:\/\/fmmural91.uno\/2024\/wp-json\/wp\/v2\/posts\/3433\/revisions"}],"predecessor-version":[{"id":3435,"href":"https:\/\/fmmural91.uno\/2024\/wp-json\/wp\/v2\/posts\/3433\/revisions\/3435"}],"wp:featuredmedia":[{"embeddable":true,"href":"https:\/\/fmmural91.uno\/2024\/wp-json\/wp\/v2\/media\/3434"}],"wp:attachment":[{"href":"https:\/\/fmmural91.uno\/2024\/wp-json\/wp\/v2\/media?parent=3433"}],"wp:term":[{"taxonomy":"category","embeddable":true,"href":"https:\/\/fmmural91.uno\/2024\/wp-json\/wp\/v2\/categories?post=3433"},{"taxonomy":"post_tag","embeddable":true,"href":"https:\/\/fmmural91.uno\/2024\/wp-json\/wp\/v2\/tags?post=3433"}],"curies":[{"name":"wp","href":"https:\/\/api.w.org\/{rel}","templated":true}]}}