{"id":3436,"date":"2026-08-28T09:09:07","date_gmt":"2026-08-28T12:09:07","guid":{"rendered":"https:\/\/fmmural91.uno\/2024\/?p=3436"},"modified":"2026-08-28T14:15:11","modified_gmt":"2026-08-28T17:15:11","slug":"va-en-contra-de-los-fundamentos-democraticos","status":"publish","type":"post","link":"https:\/\/fmmural91.uno\/2024\/va-en-contra-de-los-fundamentos-democraticos\/","title":{"rendered":"\u00abVa en contra de los fundamentos democr\u00e1ticos\u00bb"},"content":{"rendered":"\n<h1 class=\"wp-block-heading\">Milei, sin freno: volvi\u00f3 a insultar al periodismo y la comunidad de la ORT repudi\u00f3 sus dichos<\/h1>\n\n\n\n<p class=\"wp-block-paragraph\">Exalumnos, profesores y familiares de la escuela repudiaron el discurso del presidente por considerar que representa valores contrarios a la tolerancia y fomenta el odio.<\/p>\n\n\n\n<p class=\"wp-block-paragraph\">A pesar de haber denunciado \u201cadoctrinamiento\u201d en las universidades p\u00fablicas cada vez que tuvo ocasi\u00f3n, el&nbsp;<strong>presidente Javier Milei eligi\u00f3 un auditorio conformado por alumnos de cuarto y quinto a\u00f1o del secundario para presentar su charla titulada \u201c\u00c9tica como pol\u00edtica de Estado\u201d<\/strong>, la cual funcion\u00f3 como un espacio para que el libertario vuelva a descalificar a la oposici\u00f3n,&nbsp;<strong>arengue a los adolescentes para que abucheen a \u201clos periodistas\u201d y vincule al marxismo con el satanismo.&nbsp;<\/strong>La presencia del mandatario, que fue escoltado por su hermana Karina y un gran operativo de seguridad,&nbsp;<strong>despert\u00f3 la indignaci\u00f3n de exalumnos, profesores, trabajadores y familiares de la ORT. \u201cJavier Milei representa aquello que hoy va en contra de los fundamentos democr\u00e1ticos y de convivencia pol\u00edtica que tanto cost\u00f3 recuperar en las \u00faltimas d\u00e9cadas en nuestro pa\u00eds\u201d<\/strong>, expresaron en un comunicado.<\/p>\n\n\n\n<p class=\"wp-block-paragraph\">El plan del jueves por la ma\u00f1ana del referente de La Libertad Avanza radic\u00f3 en leer un discurso sobre \u00e9tica e inteligencia artificial ante un \u201caula abarrotada\u201d de alumnos, seg\u00fan promocion\u00f3 el nuevo jefe de la estrategia digital libertaria, Santiago Or\u00eda. El inmenso vallado apostado sobre las inmediaciones de la sede de Yatay 240 de la ORT y las m\u00faltiples camionetas que conformaron el fuerte operativo de protecci\u00f3n no impidieron que, al ingresar y salir del lugar, Milei escuchara los insultos de los vecinos y trabajadores de la zona que ca\u00edan desde los balcones de los edificios.<\/p>\n\n\n\n<p class=\"wp-block-paragraph\">Al comenzar su alocuci\u00f3n, hizo referencia a las pol\u00edticas de ajuste que lleva adelante su gesti\u00f3n. \u201cRecientemente se filtr\u00f3 una frase m\u00eda que dice que \u2018al populismo no se le gana con m\u00e1s populismo, al populismo se le gana haciendo las cosas bien\u2019. En los \u00faltimos d\u00edas hemos tenido cierta presi\u00f3n para modificar el rumbo y ser m\u00e1s laxos. Eso terminar\u00eda mal. Pero aunque terminara bien, ser\u00eda un contrasentido ganarle al populismo haciendo populismo\u201d, dijo, luego de hacer referencia a la oposici\u00f3n<\/p>\n\n\n\n<p class=\"wp-block-paragraph\">Al referirse a sus \u201cadversarios pol\u00edticos\u201d, desliz\u00f3 que era \u201cgeneroso\u201d de su parte llamarlos as\u00ed, \u201cporque la realidad es que cuando uno ve lo que hacen, llamarlos adversarios es darle una estatura moral que no tienen. Pero igual, por m\u00e1s sucios que sean, eso no justifica que nosotros tengamos que jugar sucio\u201d, dispar\u00f3.<\/p>\n\n\n\n<p class=\"wp-block-paragraph\">Durante la charla, el titular del ejecutivo decidi\u00f3 ignorar la presencia de menores de edad y ni siquiera intent\u00f3 atenuar su habitual tono agresivo. El pasaje m\u00e1s pol\u00e9mico de la ma\u00f1ana lleg\u00f3 cuando hizo referencia a las ideas postuladas por el fil\u00f3sofo Karl Marx. Seg\u00fan postul\u00f3 el hermano de Karina, \u201cel marxismo no es simplemente una teor\u00eda econ\u00f3mica alternativa con errores t\u00e9cnicos corregibles\u201d, sino \u201calgo mucho m\u00e1s serio, se auto declara como una teor\u00eda sat\u00e1nica; Marx era satanista\u201d, garantiz\u00f3.<\/p>\n\n\n\n<p class=\"wp-block-paragraph\">Acto seguido, Milei se justific\u00f3 nombrando, no sin esfuerzo, al drama Oulanem. \u201cEs un anagrama de Emanuel, nombre b\u00edblico de Cristo. Es un himno a la destrucci\u00f3n y el odio contra el creador. Cito textual, \u2018pronto abrazar\u00e9 la eternidad y lanzar\u00e9 gigantescas maldiciones a la humanidad\u201d, ley\u00f3 el Presidente, sin advertir que lo que estaba reproduciendo es un mon\u00f3logo pronunciado por el personaje principal de la obra.<\/p>\n\n\n\n<p class=\"wp-block-paragraph\">Sin quedarse contento con esto, el libertario continu\u00f3: \u201cEsa cosmovisi\u00f3n (por el marxismo) engendra un conjunto de valores morales que son exactamente opuestos a los valores judeocristianos, que son la envidia, el odio, el resentimiento y el trato desigual ante la ley. En su expresi\u00f3n m\u00e1s consecuente, ese sistema implica, en funci\u00f3n del objetivo del grupo, el exterminio f\u00edsico de individuos\u201d, asever\u00f3.<\/p>\n\n\n\n<p class=\"wp-block-paragraph\">Como en cada una de sus participaciones p\u00fablicas, el mandatario no perdi\u00f3 la posibilidad de apuntar contra el periodismo, con el agravante de que, esta vez, sum\u00f3 a su ataque al grupo de estudiantes que ten\u00eda en frente. \u201cEsto le vendr\u00eda bien a los periodistas\u201d, dijo tras leer uno de los pasajes b\u00edblicos que mencion\u00f3. Ante el t\u00edmido abucheo de unos pocos alumnos, el Presidente los exacerb\u00f3: \u201cSi quieren abuchear m\u00e1s fuerte a los periodistas, se los voy a festejar\u201d, areng\u00f3.<\/p>\n\n\n\n<p class=\"wp-block-paragraph\">La visita no cay\u00f3 bien dentro de la comunidad de la ORT. Exalumnos, profesores, trabajadores y familiares de la instituci\u00f3n jud\u00eda de educaci\u00f3n laica difundieron un comunicado en la previa del evento en el que expresaron su \u201cprofundo desagrado\u201d ante la presencia de Milei. \u201cEl rechazo que expresamos en estos p\u00e1rrafos no se basa en diferencias ideol\u00f3gicas\u201d, explicaron. \u201cLa comunidad que supo construir las Escuelas Ort a lo largo de los a\u00f1os se caracteriz\u00f3 por la pluralidad de voces que conforman no solo la esencia de la colectividad jud\u00eda sino a la propia sociedad argentina. Es justamente la invitaci\u00f3n a un claro exponente de la intolerancia lo que nos empuja a expresarnos\u201d, aseguraron.<\/p>\n\n\n\n<p class=\"wp-block-paragraph\">El duro comunicado sigue diciendo que \u201cuna persona que difunde y defiende discursos de odio no puede de ninguna manera utilizar un espacio educativo para hacerlo. Una comunidad que honra a sus v\u00edctimas del terrorismo de Estado con una baldosa en la entrada de la escuela, no puede permanecer indiferente a la invitaci\u00f3n de un negacionista confeso a hablarles a sus alumnos. Es un ejemplo que no podemos dar. Y ser\u00e1 una mancha imborrable en la historia de la instituci\u00f3n\u201d, apuntaron. El texto culmina con una cita de Karl Popper: \u201cNo se puede ser tolerante con los intolerantes\u201d, cerraron.<\/p>\n\n\n\n<p class=\"wp-block-paragraph\">Informe: Thiago Buglione<\/p>\n","protected":false},"excerpt":{"rendered":"<p>Milei, sin freno: volvi\u00f3 a insultar al periodismo y la comunidad de la ORT repudi\u00f3 sus dichos Exalumnos, profesores y familiares de la escuela repudiaron el discurso del presidente por considerar que representa valores contrarios a la tolerancia y fomenta el odio. A pesar de haber denunciado \u201cadoctrinamiento\u201d en las universidades p\u00fablicas cada vez que [&hellip;]<\/p>\n","protected":false},"author":3,"featured_media":3437,"comment_status":"closed","ping_status":"closed","sticky":false,"template":"","format":"standard","meta":{"sync_status":"","episode_type":"","audio_file":"","castos_file_data":"","podmotor_file_id":"","cover_image":"","cover_image_id":"","duration":"","filesize":"","filesize_raw":"","date_recorded":"","explicit":"","block":"","footnotes":""},"categories":[18],"tags":[],"class_list":["post-3436","post","type-post","status-publish","format-standard","has-post-thumbnail","hentry","category-nacionales"],"_links":{"self":[{"href":"https:\/\/fmmural91.uno\/2024\/wp-json\/wp\/v2\/posts\/3436","targetHints":{"allow":["GET"]}}],"collection":[{"href":"https:\/\/fmmural91.uno\/2024\/wp-json\/wp\/v2\/posts"}],"about":[{"href":"https:\/\/fmmural91.uno\/2024\/wp-json\/wp\/v2\/types\/post"}],"author":[{"embeddable":true,"href":"https:\/\/fmmural91.uno\/2024\/wp-json\/wp\/v2\/users\/3"}],"replies":[{"embeddable":true,"href":"https:\/\/fmmural91.uno\/2024\/wp-json\/wp\/v2\/comments?post=3436"}],"version-history":[{"count":1,"href":"https:\/\/fmmural91.uno\/2024\/wp-json\/wp\/v2\/posts\/3436\/revisions"}],"predecessor-version":[{"id":3438,"href":"https:\/\/fmmural91.uno\/2024\/wp-json\/wp\/v2\/posts\/3436\/revisions\/3438"}],"wp:featuredmedia":[{"embeddable":true,"href":"https:\/\/fmmural91.uno\/2024\/wp-json\/wp\/v2\/media\/3437"}],"wp:attachment":[{"href":"https:\/\/fmmural91.uno\/2024\/wp-json\/wp\/v2\/media?parent=3436"}],"wp:term":[{"taxonomy":"category","embeddable":true,"href":"https:\/\/fmmural91.uno\/2024\/wp-json\/wp\/v2\/categories?post=3436"},{"taxonomy":"post_tag","embeddable":true,"href":"https:\/\/fmmural91.uno\/2024\/wp-json\/wp\/v2\/tags?post=3436"}],"curies":[{"name":"wp","href":"https:\/\/api.w.org\/{rel}","templated":true}]}}