{"id":3439,"date":"2026-08-28T09:22:20","date_gmt":"2026-08-28T12:22:20","guid":{"rendered":"https:\/\/fmmural91.uno\/2024\/?p=3439"},"modified":"2026-08-28T09:22:21","modified_gmt":"2026-08-28T12:22:21","slug":"tras-renombrar-el-lago-ontario-y-el-golfo-de-mexico","status":"publish","type":"post","link":"https:\/\/fmmural91.uno\/2024\/tras-renombrar-el-lago-ontario-y-el-golfo-de-mexico\/","title":{"rendered":"Tras renombrar el lago Ontario y el golfo de M\u00e9xico"},"content":{"rendered":"\n<h1 class=\"wp-block-heading\">\u00bfOc\u00e9ano Am\u00e9rica?: Trump dice que eval\u00faa cambiar el nombre del Pac\u00edfico o del Atl\u00e1ntico<\/h1>\n\n\n\n<p class=\"wp-block-paragraph\">El mandatario estadounidense sigue con su extra\u00f1a cruzada geogr\u00e1fica en la que busca bautizar \u201cAm\u00e9rica\u201d a todo. Ya lo hizo con el golfo de M\u00e9xico y con el lago Ontario. \u201cAhora solo nos falta un oc\u00e9ano\u201d, lanz\u00f3.<\/p>\n\n\n\n<p class=\"wp-block-paragraph\">Fuente: <a href=\"https:\/\/www.pagina12.com.ar\/\">https:\/\/www.pagina12.com.ar\/<\/a>   28 de agosto, 2026.<\/p>\n\n\n\n<p class=\"wp-block-paragraph\">El presidente de Estados Unidos,&nbsp;<strong>Donald Trump<\/strong>, insinu\u00f3 que se est\u00e1 planteando&nbsp;<strong>cambiar el nombre al oc\u00e9ano Atl\u00e1ntico o Pac\u00edfico<\/strong>&nbsp;para denominar a alguno de los dos como \u201c<strong>oc\u00e9ano Am\u00e9rica<\/strong>\u201d.<\/p>\n\n\n\n<ul class=\"wp-block-list\">\n<li><a href=\"https:\/\/www.pagina12.com.ar\/2026\/08\/28\/el-primer-ministro-de-canada-le-respondio-a-trump-por-el-cambio-de-nombre-del-lago-ontario\/\"><strong>El primer ministro de Canad\u00e1 le respondi\u00f3 a Trump por el cambio de nombre del Lago Ontario<\/strong><\/a><\/li>\n<\/ul>\n\n\n\n<p class=\"wp-block-paragraph\"><strong>\u201cAhora solo nos falta un oc\u00e9ano. Quiz\u00e1s tengamos que cambiar el nombre del Atl\u00e1ntico y\/o del Pac\u00edfico. Quiz\u00e1s cambiemos\u201d<\/strong>, afirm\u00f3 Trump en el acto en el Despacho Oval en el que firm\u00f3 una orden ejecutiva para renombrar el lago Ontario como lago Am\u00e9rica.<\/p>\n\n\n\n<p class=\"wp-block-paragraph\">A preguntas de los periodistas sobre la nueva denominaci\u00f3n del lago que comparten Estados Unidos y Canad\u00e1,&nbsp;<strong>Trump record\u00f3 que ya hab\u00eda renombrado el golfo de M\u00e9xico, como golfo de Am\u00e9rica<\/strong>, tras una orden ejecutiva del 20 de enero de 2025, el mismo d\u00eda que lleg\u00f3 a la Casa Blanca.<\/p>\n\n\n\n<figure class=\"wp-block-image size-full\"><a href=\"https:\/\/fmmural91.uno\/2024\/wp-content\/uploads\/2026\/08\/Captura-de-pantalla-2026-08-28-092021.png\"><img fetchpriority=\"high\" decoding=\"async\" width=\"941\" height=\"643\" src=\"https:\/\/fmmural91.uno\/2024\/wp-content\/uploads\/2026\/08\/Captura-de-pantalla-2026-08-28-092021.png\" alt=\"\" class=\"wp-image-3440\" srcset=\"https:\/\/fmmural91.uno\/2024\/wp-content\/uploads\/2026\/08\/Captura-de-pantalla-2026-08-28-092021.png 941w, https:\/\/fmmural91.uno\/2024\/wp-content\/uploads\/2026\/08\/Captura-de-pantalla-2026-08-28-092021-559x382.png 559w, https:\/\/fmmural91.uno\/2024\/wp-content\/uploads\/2026\/08\/Captura-de-pantalla-2026-08-28-092021-767x524.png 767w\" sizes=\"(max-width: 941px) 100vw, 941px\" \/><\/a><\/figure>\n\n\n\n<p class=\"wp-block-paragraph\"><strong>\u201cLo cambiamos y ahora se le llama habitualmente golfo de Am\u00e9rica. As\u00ed que, si lo piensa, tenemos un golfo y tenemos un lago\u201d<\/strong>, explic\u00f3 el mandatario que no dud\u00f3 en ampliar sus aspiraciones a alguno de los dos oc\u00e9anos que ba\u00f1an Estados Unidos.<\/p>\n\n\n\n<p class=\"wp-block-paragraph\">Las \u00f3rdenes para el cambio de denominaci\u00f3n&nbsp;<strong>s\u00f3lo afectan a los registros y documentos federales estadounidenses, sin ninguna vinculaci\u00f3n fuera del \u00e1mbito oficial de Estados Unidos.<\/strong><\/p>\n\n\n\n<h2 class=\"wp-block-heading\">Tensi\u00f3n con Canad\u00e1<\/h2>\n\n\n\n<p class=\"wp-block-paragraph\">Si al comienzo del mandato del republicano fue M\u00e9xico el pa\u00eds vecino que vio afectada su nomenclatura geogr\u00e1fica,&nbsp;<strong>ahora le toc\u00f3 el turno a Canad\u00e1, con el que Trump se ha enzarzado en una guerra comercial.<\/strong><\/p>\n\n\n\n<p class=\"wp-block-paragraph\">\u201cSobre el cambio a \u00b4lago de Am\u00e9rica\u00b4 es algo en lo que llevo pensando mucho tiempo\u201d, asegur\u00f3 el mandatario que&nbsp;<strong>ya hab\u00eda lanzado la amenaza sobre el lago Ontario este martes a trav\u00e9s de las redes sociales.<\/strong><\/p>\n\n\n\n<p class=\"wp-block-paragraph\">La \u201cnueva\u201d denominaci\u00f3n de Trump llega en plena escalada en las diferencias arancelarias con Canad\u00e1.<\/p>\n\n\n\n<p class=\"wp-block-paragraph\"><strong>La tensi\u00f3n entre los dos aliados hist\u00f3ricos lleg\u00f3 a su punto m\u00e1s alto el fin de semana<\/strong>, cuando entraron en vigor los nuevos grav\u00e1menes de Washington, ante lo que Carney prometi\u00f3 responder \u201cd\u00f3lar por d\u00f3lar\u201d con represalias que se aplicar\u00e1n a partir del 8 de septiembre.<\/p>\n\n\n\n<p class=\"wp-block-paragraph\"><strong>Trump adem\u00e1s amenaz\u00f3 este lunes con aumentar al 50 % los aranceles sobre todos los veh\u00edculos<\/strong>, partes y acero provenientes del pa\u00eds vecino a partir del 1 de enero de 2027.<\/p>\n\n\n\n<p class=\"wp-block-paragraph\"><strong>Desde su regreso al poder en enero de 2025, el republicano ha hecho continuas referencias a Canad\u00e1 como el \u201cestado 51\u201d<\/strong>&nbsp;de Estados Unidos, algo que el Gobierno canadiense rechaza categ\u00f3ricamente.<\/p>\n","protected":false},"excerpt":{"rendered":"<p>\u00bfOc\u00e9ano Am\u00e9rica?: Trump dice que eval\u00faa cambiar el nombre del Pac\u00edfico o del Atl\u00e1ntico El mandatario estadounidense sigue con su extra\u00f1a cruzada geogr\u00e1fica en la que busca bautizar \u201cAm\u00e9rica\u201d a todo. Ya lo hizo con el golfo de M\u00e9xico y con el lago Ontario. \u201cAhora solo nos falta un oc\u00e9ano\u201d, lanz\u00f3. Fuente: https:\/\/www.pagina12.com.ar\/ 28 de [&hellip;]<\/p>\n","protected":false},"author":3,"featured_media":3441,"comment_status":"closed","ping_status":"closed","sticky":false,"template":"","format":"standard","meta":{"sync_status":"","episode_type":"","audio_file":"","castos_file_data":"","podmotor_file_id":"","cover_image":"","cover_image_id":"","duration":"","filesize":"","filesize_raw":"","date_recorded":"","explicit":"","block":"","footnotes":""},"categories":[19],"tags":[],"class_list":["post-3439","post","type-post","status-publish","format-standard","has-post-thumbnail","hentry","category-internacionales"],"_links":{"self":[{"href":"https:\/\/fmmural91.uno\/2024\/wp-json\/wp\/v2\/posts\/3439","targetHints":{"allow":["GET"]}}],"collection":[{"href":"https:\/\/fmmural91.uno\/2024\/wp-json\/wp\/v2\/posts"}],"about":[{"href":"https:\/\/fmmural91.uno\/2024\/wp-json\/wp\/v2\/types\/post"}],"author":[{"embeddable":true,"href":"https:\/\/fmmural91.uno\/2024\/wp-json\/wp\/v2\/users\/3"}],"replies":[{"embeddable":true,"href":"https:\/\/fmmural91.uno\/2024\/wp-json\/wp\/v2\/comments?post=3439"}],"version-history":[{"count":1,"href":"https:\/\/fmmural91.uno\/2024\/wp-json\/wp\/v2\/posts\/3439\/revisions"}],"predecessor-version":[{"id":3442,"href":"https:\/\/fmmural91.uno\/2024\/wp-json\/wp\/v2\/posts\/3439\/revisions\/3442"}],"wp:featuredmedia":[{"embeddable":true,"href":"https:\/\/fmmural91.uno\/2024\/wp-json\/wp\/v2\/media\/3441"}],"wp:attachment":[{"href":"https:\/\/fmmural91.uno\/2024\/wp-json\/wp\/v2\/media?parent=3439"}],"wp:term":[{"taxonomy":"category","embeddable":true,"href":"https:\/\/fmmural91.uno\/2024\/wp-json\/wp\/v2\/categories?post=3439"},{"taxonomy":"post_tag","embeddable":true,"href":"https:\/\/fmmural91.uno\/2024\/wp-json\/wp\/v2\/tags?post=3439"}],"curies":[{"name":"wp","href":"https:\/\/api.w.org\/{rel}","templated":true}]}}