{"id":3450,"date":"2026-08-28T10:18:02","date_gmt":"2026-08-28T13:18:02","guid":{"rendered":"https:\/\/fmmural91.uno\/2024\/?p=3450"},"modified":"2026-08-28T14:13:35","modified_gmt":"2026-08-28T17:13:35","slug":"kicillof-se-consolida-como-lider-de-la-oposicion-con-el-peronismo-parejo-frente-a-lla","status":"publish","type":"post","link":"https:\/\/fmmural91.uno\/2024\/kicillof-se-consolida-como-lider-de-la-oposicion-con-el-peronismo-parejo-frente-a-lla\/","title":{"rendered":"Kicillof se consolida como l\u00edder de la oposici\u00f3n, con el peronismo parejo frente a LLA"},"content":{"rendered":"\n<p class=\"wp-block-paragraph\">Una encuesta de Synopsis ubica al gobernador bonaerense como principal referente opositor. Fuerza Patria aparece en un empate t\u00e9cnico con LLA, aunque el peronismo registra un menor nivel de rechazo. La oposici\u00f3n todav\u00eda no logra capitalizar el deseo de cambio.<\/p>\n\n\n\n<p class=\"wp-block-paragraph\"><a href=\"https:\/\/www.eldestapeweb.com\/perfil\/fernando-cibeira\">Por\u00a0Fernando Cibeira<\/a>   &#8211;    Fuente: <a href=\"https:\/\/www.eldestapeweb.com\/\">https:\/\/www.eldestapeweb.com\/<\/a>   28 de agosto, 2026.<\/p>\n\n\n\n<p class=\"wp-block-paragraph\"><strong>El gobernador bonaerense Axel Kicillof se consolida como l\u00edder de la oposici\u00f3n, tanto entre los votantes de Fuerza Patria como en el electorado general.\u00a0<\/strong>El peronismo, en tanto, aparece en un escenario de virtual empate t\u00e9cnico con La Libertad Avanza, aunque el oficialismo podr\u00eda inclinar la balanza a su favor mediante una alianza nacional con el PRO y la suma de sus votos. La ventaja de Fuerza Patria es que registra diez puntos menos de rechazo que el partido de Javier Milei.<strong>\u00a0Es decir, el antiperonismo hoy tiene menor peso que el antimile\u00edsmo, golpeado por las consecuencias de la crisis econ\u00f3mica y, en especial, por el deterioro de los salarios.<\/strong><\/p>\n\n\n\n<figure class=\"wp-block-image size-full\"><a href=\"https:\/\/fmmural91.uno\/2024\/wp-content\/uploads\/2026\/08\/Captura-de-pantalla-2026-08-28-100955.png\"><img fetchpriority=\"high\" decoding=\"async\" width=\"686\" height=\"407\" src=\"https:\/\/fmmural91.uno\/2024\/wp-content\/uploads\/2026\/08\/Captura-de-pantalla-2026-08-28-100955.png\" alt=\"\" class=\"wp-image-3451\" srcset=\"https:\/\/fmmural91.uno\/2024\/wp-content\/uploads\/2026\/08\/Captura-de-pantalla-2026-08-28-100955.png 686w, https:\/\/fmmural91.uno\/2024\/wp-content\/uploads\/2026\/08\/Captura-de-pantalla-2026-08-28-100955-559x332.png 559w\" sizes=\"(max-width: 686px) 100vw, 686px\" \/><\/a><\/figure>\n\n\n\n<p class=\"wp-block-paragraph\">Los datos surgen del \u00faltimo sondeo de Synopsis, la consultora que dirige Lucas Romero. Sobre el total de los encuestados,\u00a0<strong>el 30,4% se\u00f1al\u00f3 a Kicillof como l\u00edder de la oposici\u00f3n, seguido por la expresidenta Cristina Kirchner, con el 21,7%.\u00a0<\/strong>M\u00e1s atr\u00e1s quedaron la diputada del Frente de Izquierda Myriam Bregman, con el 7,4%, y la vicepresidenta Victoria Villarruel, con el 7,1%.<strong>\u00a0La diferencia se acort\u00f3 entre los votantes de Fuerza Patria: Kicillof fue elegido por el 32,2%, mientras que el 27,7% se inclin\u00f3 por CFK.<\/strong>\u00a0En ese segmento tambi\u00e9n creci\u00f3 Bregman, se\u00f1alada como l\u00edder opositora por el 11,2%.<\/p>\n\n\n\n<figure class=\"wp-block-image size-full\"><a href=\"https:\/\/fmmural91.uno\/2024\/wp-content\/uploads\/2026\/08\/Captura-de-pantalla-2026-08-28-101137.png\"><img decoding=\"async\" width=\"696\" height=\"407\" src=\"https:\/\/fmmural91.uno\/2024\/wp-content\/uploads\/2026\/08\/Captura-de-pantalla-2026-08-28-101137.png\" alt=\"\" class=\"wp-image-3452\" srcset=\"https:\/\/fmmural91.uno\/2024\/wp-content\/uploads\/2026\/08\/Captura-de-pantalla-2026-08-28-101137.png 696w, https:\/\/fmmural91.uno\/2024\/wp-content\/uploads\/2026\/08\/Captura-de-pantalla-2026-08-28-101137-559x327.png 559w\" sizes=\"(max-width: 696px) 100vw, 696px\" \/><\/a><\/figure>\n\n\n\n<p class=\"wp-block-paragraph\">En cuanto a la posibilidad de que Cristina Kirchner sea candidata en 2027 -como impulsa el operativo lanzado por su entorno, que recurri\u00f3 a las Naciones Unidas para intentar habilitar su postulaci\u00f3n-, el 31,3% respondi\u00f3 que le gustar\u00eda y el 63% que no. Entre los votantes de Fuerza Patria, la relaci\u00f3n pr\u00e1cticamente\u00a0se invirti\u00f3: el 69,6% se mostr\u00f3 a favor de su candidatura y el 23,7% la rechaz\u00f3.\u00a0<strong>Sin embargo, la extendida voluntad de cambio que revela la encuesta no se traduce autom\u00e1ticamente en apoyo al peronismo.<\/strong><\/p>\n\n\n\n<figure class=\"wp-block-image size-full\"><a href=\"https:\/\/fmmural91.uno\/2024\/wp-content\/uploads\/2026\/08\/Captura-de-pantalla-2026-08-28-101301.png\"><img decoding=\"async\" width=\"705\" height=\"397\" src=\"https:\/\/fmmural91.uno\/2024\/wp-content\/uploads\/2026\/08\/Captura-de-pantalla-2026-08-28-101301.png\" alt=\"\" class=\"wp-image-3453\" srcset=\"https:\/\/fmmural91.uno\/2024\/wp-content\/uploads\/2026\/08\/Captura-de-pantalla-2026-08-28-101301.png 705w, https:\/\/fmmural91.uno\/2024\/wp-content\/uploads\/2026\/08\/Captura-de-pantalla-2026-08-28-101301-559x315.png 559w\" sizes=\"(max-width: 705px) 100vw, 705px\" \/><\/a><\/figure>\n\n\n\n<p class=\"wp-block-paragraph\"><strong>Si las elecciones fueran hoy, el 60,2% buscar\u00eda un cambio respecto del rumbo actual del pa\u00eds, mientras que el 35,6% optar\u00eda por darle continuidad a la gesti\u00f3n de Milei.\u00a0<\/strong>La preferencia por un cambio total se mantiene estable en los sondeos de Synopsis desde hace varios meses, aunque con algunas oscilaciones. En las \u00faltimas tres mediciones, sin embargo, mostr\u00f3 un leve crecimiento.<\/p>\n\n\n\n<figure class=\"wp-block-image size-full\"><a href=\"https:\/\/fmmural91.uno\/2024\/wp-content\/uploads\/2026\/08\/Captura-de-pantalla-2026-08-28-101418.png\"><img loading=\"lazy\" decoding=\"async\" width=\"710\" height=\"390\" src=\"https:\/\/fmmural91.uno\/2024\/wp-content\/uploads\/2026\/08\/Captura-de-pantalla-2026-08-28-101418.png\" alt=\"\" class=\"wp-image-3454\" srcset=\"https:\/\/fmmural91.uno\/2024\/wp-content\/uploads\/2026\/08\/Captura-de-pantalla-2026-08-28-101418.png 710w, https:\/\/fmmural91.uno\/2024\/wp-content\/uploads\/2026\/08\/Captura-de-pantalla-2026-08-28-101418-559x307.png 559w\" sizes=\"(max-width: 710px) 100vw, 710px\" \/><\/a><\/figure>\n\n\n\n<p class=\"wp-block-paragraph\"><strong>En un hipot\u00e9tico escenario electoral, el peronismo alcanza el 35,7% de intenci\u00f3n de voto y queda en virtual empate t\u00e9cnico con La Libertad Avanza, que obtiene el 35,5%.\u00a0<\/strong>El PRO suma otro 6,1%, que podr\u00eda inclinar la elecci\u00f3n a favor del oficialismo si prospera la alianza nacional que se negocia en la Casa Rosada, aunque esa transferencia de votos nunca es autom\u00e1tica.<strong>\u00a0El peronismo cuenta, en cambio, con una ventaja potencial: genera menos rechazo.<\/strong>\u00a0Ante la consulta sobre qu\u00e9 espacio no quisieran que ganara, el 47,3% eligi\u00f3 a La Libertad Avanza y el 36,7% al peronismo.\u00a0<strong>Una diferencia de m\u00e1s de diez puntos que podr\u00eda resultar decisiva en un eventual balotaje.<\/strong><\/p>\n\n\n\n<figure class=\"wp-block-image size-full\"><a href=\"https:\/\/fmmural91.uno\/2024\/wp-content\/uploads\/2026\/08\/Captura-de-pantalla-2026-08-28-101527.png\"><img loading=\"lazy\" decoding=\"async\" width=\"706\" height=\"393\" src=\"https:\/\/fmmural91.uno\/2024\/wp-content\/uploads\/2026\/08\/Captura-de-pantalla-2026-08-28-101527.png\" alt=\"\" class=\"wp-image-3455\" srcset=\"https:\/\/fmmural91.uno\/2024\/wp-content\/uploads\/2026\/08\/Captura-de-pantalla-2026-08-28-101527.png 706w, https:\/\/fmmural91.uno\/2024\/wp-content\/uploads\/2026\/08\/Captura-de-pantalla-2026-08-28-101527-559x311.png 559w\" sizes=\"(max-width: 706px) 100vw, 706px\" \/><\/a><\/figure>\n\n\n\n<p class=\"wp-block-paragraph\">En agosto, el Gobierno obtuvo un 33,4% de evaluaciones positivas y un 53,3% de negativas. El resultado representa una ca\u00edda respecto de julio, aunque todav\u00eda se mantiene por encima de los registros que ten\u00edan Mauricio Macri y Alberto Fern\u00e1ndez en el mismo momento de sus mandatos.<strong>&nbsp;Entre las principales preocupaciones econ\u00f3micas, el 46,2% mencion\u00f3 los bajos salarios y el 21,5% el desempleo, dos caras del deterioro del mercado laboral.&nbsp;<\/strong>M\u00e1s atr\u00e1s quedaron la presi\u00f3n impositiva, la inflaci\u00f3n y el costo de los servicios p\u00fablicos. Los bajos salarios encabezaron las respuestas en todos los sectores, pero con una diferencia significativa: fueron se\u00f1alados por el 58,1% de quienes votaron a Fuerza Patria en 2025 y por el 34,9% de los electores de La Libertad Avanza.&nbsp;<strong>Una preocupaci\u00f3n transversal, aunque mucho m\u00e1s extendida entre los votantes opositores.<\/strong><\/p>\n\n\n\n<ul class=\"wp-block-list\">\n<li><a href=\"https:\/\/www.eldestapeweb.com\/tag\/axel-kicillof\">Axel Kicillof<\/a><\/li>\n\n\n\n<li><a href=\"https:\/\/www.eldestapeweb.com\/tag\/javier-milei\">Javier Milei<\/a><\/li>\n\n\n\n<li><a href=\"https:\/\/www.eldestapeweb.com\/tag\/elecciones-2027\">Elecciones 2027<\/a><\/li>\n\n\n\n<li><a href=\"https:\/\/www.eldestapeweb.com\/tag\/encuestas-2026\">Encuestas 2026<\/a><\/li>\n\n\n\n<li><a href=\"https:\/\/www.eldestapeweb.com\/tag\/originales\">Originales<\/a><\/li>\n<\/ul>\n","protected":false},"excerpt":{"rendered":"<p>Una encuesta de Synopsis ubica al gobernador bonaerense como principal referente opositor. Fuerza Patria aparece en un empate t\u00e9cnico con LLA, aunque el peronismo registra un menor nivel de rechazo. La oposici\u00f3n todav\u00eda no logra capitalizar el deseo de cambio. Por\u00a0Fernando Cibeira &#8211; Fuente: https:\/\/www.eldestapeweb.com\/ 28 de agosto, 2026. El gobernador bonaerense Axel Kicillof se [&hellip;]<\/p>\n","protected":false},"author":3,"featured_media":3456,"comment_status":"closed","ping_status":"closed","sticky":false,"template":"","format":"standard","meta":{"sync_status":"","episode_type":"","audio_file":"","castos_file_data":"","podmotor_file_id":"","cover_image":"","cover_image_id":"","duration":"","filesize":"","filesize_raw":"","date_recorded":"","explicit":"","block":"","footnotes":""},"categories":[18],"tags":[],"class_list":["post-3450","post","type-post","status-publish","format-standard","has-post-thumbnail","hentry","category-nacionales"],"_links":{"self":[{"href":"https:\/\/fmmural91.uno\/2024\/wp-json\/wp\/v2\/posts\/3450","targetHints":{"allow":["GET"]}}],"collection":[{"href":"https:\/\/fmmural91.uno\/2024\/wp-json\/wp\/v2\/posts"}],"about":[{"href":"https:\/\/fmmural91.uno\/2024\/wp-json\/wp\/v2\/types\/post"}],"author":[{"embeddable":true,"href":"https:\/\/fmmural91.uno\/2024\/wp-json\/wp\/v2\/users\/3"}],"replies":[{"embeddable":true,"href":"https:\/\/fmmural91.uno\/2024\/wp-json\/wp\/v2\/comments?post=3450"}],"version-history":[{"count":1,"href":"https:\/\/fmmural91.uno\/2024\/wp-json\/wp\/v2\/posts\/3450\/revisions"}],"predecessor-version":[{"id":3457,"href":"https:\/\/fmmural91.uno\/2024\/wp-json\/wp\/v2\/posts\/3450\/revisions\/3457"}],"wp:featuredmedia":[{"embeddable":true,"href":"https:\/\/fmmural91.uno\/2024\/wp-json\/wp\/v2\/media\/3456"}],"wp:attachment":[{"href":"https:\/\/fmmural91.uno\/2024\/wp-json\/wp\/v2\/media?parent=3450"}],"wp:term":[{"taxonomy":"category","embeddable":true,"href":"https:\/\/fmmural91.uno\/2024\/wp-json\/wp\/v2\/categories?post=3450"},{"taxonomy":"post_tag","embeddable":true,"href":"https:\/\/fmmural91.uno\/2024\/wp-json\/wp\/v2\/tags?post=3450"}],"curies":[{"name":"wp","href":"https:\/\/api.w.org\/{rel}","templated":true}]}}