{"id":3461,"date":"2026-08-28T10:36:35","date_gmt":"2026-08-28T13:36:35","guid":{"rendered":"https:\/\/fmmural91.uno\/2024\/?p=3461"},"modified":"2026-08-28T14:12:29","modified_gmt":"2026-08-28T17:12:29","slug":"traspaso-de-las-rutas-22-y-151-weretilneck-envio-proyecto-a-la-legislatura-y-requiere-condiciones-especiales-para-ejecutar-obras","status":"publish","type":"post","link":"https:\/\/fmmural91.uno\/2024\/traspaso-de-las-rutas-22-y-151-weretilneck-envio-proyecto-a-la-legislatura-y-requiere-condiciones-especiales-para-ejecutar-obras\/","title":{"rendered":"Traspaso de las rutas 22 y 151: Weretilneck envi\u00f3 proyecto a la Legislatura y requiere condiciones especiales para ejecutar obras"},"content":{"rendered":"\n<p class=\"wp-block-paragraph\">La iniciativa se tratar\u00e1 el jueves 3. Vialidad podr\u00e1 contratar obras, servicios y materiales de manera directa por razones de urgencia. Se prev\u00e9 la autorizaci\u00f3n para financiar obras por 60 millones de d\u00f3lares.<\/p>\n\n\n\n<p class=\"wp-block-paragraph\">Por\u00a0<a href=\"https:\/\/www.rionegro.com.ar\/autor\/adrian-pecollo\/\">Adrian Pecollo<\/a>   &#8211;   Fuente: <a href=\"https:\/\/www.rionegro.com.ar\/\">https:\/\/www.rionegro.com.ar\/<\/a>   28 de agosto, 2026.<\/p>\n\n\n\n<p class=\"wp-block-paragraph\">El gobernador Alberto Weretilneck elev\u00f3\u00a0<a href=\"https:\/\/www.rionegro.com.ar\/politica\/la-legislatura-de-rio-negro-sesionara-el-3-de-septiembre-y-se-centrara-en-el-traspaso-de-las-rutas\/\">a la Legislatura el proyecto de ratificaci\u00f3n del acuerdo de traspaso a la Provincia de las rutas nacionales 22 y 151<\/a>\u00a0para que R\u00edo Negro asuma la gesti\u00f3n, administraci\u00f3n y mantenimiento de ambos corredores.<\/p>\n\n\n\n<p class=\"wp-block-paragraph\">El expediente -que ser\u00e1 el principal tema de la sesi\u00f3n del pr\u00f3ximo jueves 3 de septiembre- incluye&nbsp;<strong>la declaraci\u00f3n de emergencia vial y solicita instrumentos especiales para la contrataci\u00f3n de obras p\u00fablicas.<\/strong><\/p>\n\n\n\n<p class=\"wp-block-paragraph\">Adem\u00e1s, se faculta al Poder Ejecutivo para \u00abendeudarse\u00bb hasta en 60 millones de d\u00f3lares, con destino exclusivo para obras en esas rutas.<\/p>\n\n\n\n<p class=\"wp-block-paragraph\">El art\u00edculo primero ratifica en \u00abtodos sus t\u00e9rminos el convenio\u00bb entre R\u00edo Negro y Naci\u00f3n \u00abpara&nbsp;<strong>la Ejecuci\u00f3n de obras, conservaci\u00f3n, mantenimiento y gesti\u00f3n operativa<\/strong>&nbsp;sobre<a href=\"https:\/\/www.rionegro.com.ar\/politica\/rio-negro-firmo-con-nacion-el-traspaso-de-las-rutas-22-y-151-y-el-tren-del-valle-es-un-dia-historico-para-la-provincia-4695180\/\">&nbsp;tramos de las rutas N.\u00ba 22 y N.\u00ba 151\u2033.<\/a><\/p>\n\n\n\n<p class=\"wp-block-paragraph\">El estado de excepcionalidad otorgar\u00e1 a Vialidad Rionegrina herramientas para intervenir con mayor rapidez sobre sectores cr\u00edticos de las dos rutas. Entre ellas, el organismo podr\u00e1 realizar&nbsp;<strong>\u00abcontrataciones directas de obras, servicios y provisi\u00f3n de materiales por razones de urgencia\u00bb<\/strong>, utilizando el mecanismo de excepci\u00f3n previsto por la normativa provincial de Administraci\u00f3n Financiera.<\/p>\n\n\n\n<p class=\"wp-block-paragraph\">El mecanismo requerido busca evitar los plazos del procedimiento ordinario de contrataci\u00f3n cuando la situaci\u00f3n de las rutas requiera una respuesta inmediata.<\/p>\n\n\n\n<p class=\"wp-block-paragraph\">Las intervenciones alcanzar\u00e1n tareas de \u00abreparaci\u00f3n, mantenimiento, se\u00f1alizaci\u00f3n, repavimentaci\u00f3n y mejoramiento vial\u00bb en los tramos donde se determine la&nbsp;<strong>\u00abexistencia de situaciones de urgencia o riesgo para los usuarios\u00bb.<\/strong><\/p>\n\n\n\n<p class=\"wp-block-paragraph\">La iniciativa prev\u00e9 que las contrataciones realizadas bajo este r\u00e9gimen deber\u00e1n tener posteriormente la correspondiente \u00abpublicidad\u00bb, de acuerdo con las condiciones que establezca la reglamentaci\u00f3n.<\/p>\n\n\n\n<hr class=\"wp-block-separator has-alpha-channel-opacity\"\/>\n\n\n\n<h2 class=\"wp-block-heading\">Emergencia de hasta dos a\u00f1os<\/h2>\n\n\n\n<hr class=\"wp-block-separator has-alpha-channel-opacity\"\/>\n\n\n\n<p class=\"wp-block-paragraph\">La declaraci\u00f3n de emergencia abarcar\u00e1 a las rutas 22 y 151, y establece que Vialidad Rionegrina ser\u00e1 la autoridad de aplicaci\u00f3n, asign\u00e1ndole&nbsp;<strong>\u00abla gesti\u00f3n, administraci\u00f3n, mantenimiento, planificaci\u00f3n y ejecuci\u00f3n de las obras durante el per\u00edodo excepcional\u00bb.<\/strong><\/p>\n\n\n\n<p class=\"wp-block-paragraph\">La emergencia tendr\u00e1 una vigencia de \u00abun a\u00f1o desde la publicaci\u00f3n de la ley\u00bb, pero Ejecutivo podr\u00e1 prorrogarla por otro a\u00f1o.<\/p>\n\n\n\n<p class=\"wp-block-paragraph\">Durante ese per\u00edodo, Vialidad tambi\u00e9n podr\u00e1 celebrar convenios con organismos nacionales, provinciales y municipales, adem\u00e1s de entidades p\u00fablicas o privadas, para coordinar las acciones necesarias sobre los corredores.<\/p>\n\n\n\n<p class=\"wp-block-paragraph\">El proyecto contempla la posibilidad de recibir&nbsp;<strong>equipamiento e instalaciones transferidos por Vialidad Nacional u otros organismos, incluso bajo modalidades como el comodato.<\/strong><\/p>\n\n\n\n<hr class=\"wp-block-separator has-alpha-channel-opacity\"\/>\n\n\n\n<h2 class=\"wp-block-heading\">El financiamiento por 60 millones de d\u00f3lares<\/h2>\n\n\n\n<hr class=\"wp-block-separator has-alpha-channel-opacity\"\/>\n\n\n\n<p class=\"wp-block-paragraph\">La requerida emergencia vial incorpora una autorizaci\u00f3n para acceder a un financiamiento de hasta 60 millones de d\u00f3lares.<\/p>\n\n\n\n<p class=\"wp-block-paragraph\">Se menciona la gesti\u00f3n de un pr\u00e9stamo ante el banco regional Fonplata, pero tambi\u00e9n se contempla la de \u00abotros organismos de cr\u00e9dito multilaterales, bilaterales o nacionales\u00bb.<\/p>\n\n\n\n<p class=\"wp-block-paragraph\">La garant\u00eda propuesta por la Provincia comprende la afectaci\u00f3n de \u00abrecursos provenientes de la coparticipaci\u00f3n federal, regal\u00edas hidrocarbur\u00edferas y otros recursos provinciales\u00bb.<\/p>\n\n\n\n<p class=\"wp-block-paragraph\">La iniciativa legislativa tambi\u00e9n habilita \u00abla realizaci\u00f3n de relevamientos t\u00e9cnicos, censos de tr\u00e1nsito, estudios de factibilidad y otros an\u00e1lisis necesarios para determinar las intervenciones sobre las rutas y avanzar en una planificaci\u00f3n de largo plazo\u00bb.<\/p>\n\n\n\n<p class=\"wp-block-paragraph\">Temas<a href=\"https:\/\/www.rionegro.com.ar\/tag\/legislatura-de-rio-negro\/\"><\/a><\/p>\n\n\n\n<h3 class=\"wp-block-heading\"><a href=\"https:\/\/www.rionegro.com.ar\/tag\/legislatura-de-rio-negro\/\">Legislatura de R\u00edo Negro<\/a><\/h3>\n\n\n\n<p class=\"wp-block-paragraph\"><a href=\"https:\/\/www.rionegro.com.ar\/tag\/rio-negro\/\">R\u00edo Negro<\/a><a href=\"https:\/\/www.rionegro.com.ar\/tag\/rutas-nacionales\/\">rutas nacionales<\/a><a href=\"https:\/\/www.rionegro.com.ar\/tag\/viedma\/\">Viedma<\/a><\/p>\n","protected":false},"excerpt":{"rendered":"<p>La iniciativa se tratar\u00e1 el jueves 3. Vialidad podr\u00e1 contratar obras, servicios y materiales de manera directa por razones de urgencia. Se prev\u00e9 la autorizaci\u00f3n para financiar obras por 60 millones de d\u00f3lares. Por\u00a0Adrian Pecollo &#8211; Fuente: https:\/\/www.rionegro.com.ar\/ 28 de agosto, 2026. El gobernador Alberto Weretilneck elev\u00f3\u00a0a la Legislatura el proyecto de ratificaci\u00f3n del acuerdo [&hellip;]<\/p>\n","protected":false},"author":3,"featured_media":3462,"comment_status":"closed","ping_status":"closed","sticky":false,"template":"","format":"standard","meta":{"sync_status":"","episode_type":"","audio_file":"","castos_file_data":"","podmotor_file_id":"","cover_image":"","cover_image_id":"","duration":"","filesize":"","filesize_raw":"","date_recorded":"","explicit":"","block":"","footnotes":""},"categories":[18],"tags":[],"class_list":["post-3461","post","type-post","status-publish","format-standard","has-post-thumbnail","hentry","category-nacionales"],"_links":{"self":[{"href":"https:\/\/fmmural91.uno\/2024\/wp-json\/wp\/v2\/posts\/3461","targetHints":{"allow":["GET"]}}],"collection":[{"href":"https:\/\/fmmural91.uno\/2024\/wp-json\/wp\/v2\/posts"}],"about":[{"href":"https:\/\/fmmural91.uno\/2024\/wp-json\/wp\/v2\/types\/post"}],"author":[{"embeddable":true,"href":"https:\/\/fmmural91.uno\/2024\/wp-json\/wp\/v2\/users\/3"}],"replies":[{"embeddable":true,"href":"https:\/\/fmmural91.uno\/2024\/wp-json\/wp\/v2\/comments?post=3461"}],"version-history":[{"count":1,"href":"https:\/\/fmmural91.uno\/2024\/wp-json\/wp\/v2\/posts\/3461\/revisions"}],"predecessor-version":[{"id":3463,"href":"https:\/\/fmmural91.uno\/2024\/wp-json\/wp\/v2\/posts\/3461\/revisions\/3463"}],"wp:featuredmedia":[{"embeddable":true,"href":"https:\/\/fmmural91.uno\/2024\/wp-json\/wp\/v2\/media\/3462"}],"wp:attachment":[{"href":"https:\/\/fmmural91.uno\/2024\/wp-json\/wp\/v2\/media?parent=3461"}],"wp:term":[{"taxonomy":"category","embeddable":true,"href":"https:\/\/fmmural91.uno\/2024\/wp-json\/wp\/v2\/categories?post=3461"},{"taxonomy":"post_tag","embeddable":true,"href":"https:\/\/fmmural91.uno\/2024\/wp-json\/wp\/v2\/tags?post=3461"}],"curies":[{"name":"wp","href":"https:\/\/api.w.org\/{rel}","templated":true}]}}