{"id":3477,"date":"2026-08-30T20:52:59","date_gmt":"2026-08-30T23:52:59","guid":{"rendered":"https:\/\/fmmural91.uno\/2024\/?p=3477"},"modified":"2026-08-30T20:53:00","modified_gmt":"2026-08-30T23:53:00","slug":"el-fortin-igualo-1-1-con-riestra-como-visitante","status":"publish","type":"post","link":"https:\/\/fmmural91.uno\/2024\/el-fortin-igualo-1-1-con-riestra-como-visitante\/","title":{"rendered":"El Fort\u00edn igual\u00f3 1-1 con Riestra como visitante"},"content":{"rendered":"\n<h1 class=\"wp-block-heading\">Torneo Clausura: V\u00e9lez empat\u00f3 pero debi\u00f3 haber ganado<\/h1>\n\n\n\n<p class=\"wp-block-paragraph\">El equipo de Barros Schelotto se llevaba la victoria con un gol de Lanzini, pero se lo anularon por una falta inexistente a instancias del VAR.<\/p>\n\n\n\n<p class=\"wp-block-paragraph\">30 de agosto, 2026  &#8211;   Fuente: <a href=\"https:\/\/www.pagina12.com.ar\/\">https:\/\/www.pagina12.com.ar\/<\/a><\/p>\n\n\n\n<p class=\"wp-block-paragraph\"><strong>Deportivo Riestra y Velez igualaron 1 a 1 en Villa Soldati<\/strong>. Pero el empate perjudic\u00f3 a V\u00e9lez que\u00a0<strong>debi\u00f3 haber sido<\/strong>\u00a0<strong>el ganador<\/strong>\u00a0si a falta de cinco minutos y a instancias de\u00a0<strong>Diego Ceballos<\/strong>\u00a0en el VAR,\u00a0<strong>el \u00e1rbitro Nazareno Arasa no le hubiera anulado de mala manera un gol que Manuel Lanzini hab\u00eda convertido, por una falta inexistente de Dylan Godoy a Mi\u00f1o.<\/strong>\u00a0<strong>Ceballos indujo al error a Arasa<\/strong>\u00a0que en principio, hab\u00eda cobrado el gol pero que luego no tuvo firmeza para sostener su fallo.<\/p>\n\n\n\n<p class=\"wp-block-paragraph\">En la previa del partido del mi\u00e9rcoles con Boca en C\u00f3rdoba por la Copa Argentina,<strong>&nbsp;Velez&nbsp;<\/strong>no qued\u00f3 del todo mal colocado. Comparte con&nbsp;<strong>Instituto<\/strong>, la punta de la zona A con 13 puntos y se ubic\u00f3 a uno (41 a 42 con un partido m\u00e1s) por debajo de&nbsp;<strong>Independiente Rivadavia<\/strong>&nbsp;y&nbsp;<strong>Argentinos&nbsp;<\/strong>en la tabla anual.&nbsp;<strong>Riestra<\/strong>&nbsp;suma ocho puntos y est\u00e1 noveno a dos de Boca, el \u00faltimo del grupo que est\u00e1 entrando a los playoffs.<\/p>\n\n\n\n<p class=\"wp-block-paragraph\">Despues de un primer tiempo con mayor posesi\u00f3n y escasa profundidad por parte de Velez y juego m\u00e1s directo del lado de Riestra, el equipo local arranc\u00f3 ganando 1 a 0 con un gol de&nbsp;<strong>Tom\u00e1s Gonz\u00e1lez,<\/strong>&nbsp;quien a los ocho minutos del segundo tiempo, conect\u00f3 de cabeza viniendo de atr\u00e1s un centro de&nbsp;<strong>Bracamonte<\/strong>&nbsp;desde la izquierda. Despu\u00e9s hizo lo de siempre: se repleg\u00f3 demasiado pronto para defender la diferencia y renunci\u00f3 a la tenencia.<\/p>\n\n\n\n<p class=\"wp-block-paragraph\">Los mellizos&nbsp;<strong>Barros Schelotto<\/strong>&nbsp;reforzaron el ataque de V\u00e9lez con el ingreso del juvenil de 17 a\u00f1os&nbsp;<strong>Thiago Aguirre<\/strong>&nbsp;quien en los veinte minutos finales, arm\u00f3 una doble punta de lanza con Godoy, asistidos por&nbsp;<strong>Pellegrini&nbsp;<\/strong>y&nbsp;<strong>Lanzini<\/strong>&nbsp;desde los costados. A los 29, el Fortin ya dominaba con claridad cuando&nbsp;<strong>Arce<\/strong>&nbsp;le sac\u00f3 a&nbsp;<strong>Godoy<\/strong>&nbsp;un cabezazo que ped\u00eda red. Un minuto m\u00e1s tarde, lleg\u00f3 el empate:&nbsp;<strong>Mat\u00edas<\/strong>&nbsp;<strong>Pellegrini<\/strong>&nbsp;conect\u00f3 de zurda un mal rechazo de Paz, el bal\u00f3n dio en Mi\u00f1o y descoloc\u00f3 a Arce.<\/p>\n\n\n\n<p class=\"wp-block-paragraph\">Velez mantuvo su levantada y<strong>&nbsp;el gol de Lanzini era un premio merecido.<\/strong>&nbsp;En principio, Arasa lo hab\u00eda dado. Pero Ceballos desde la cabina del VAR en Ezeiza, le hizo cambiar el fallo, transformando lo que era una victoria valiosa en un empate injusto.<\/p>\n","protected":false},"excerpt":{"rendered":"<p>Torneo Clausura: V\u00e9lez empat\u00f3 pero debi\u00f3 haber ganado El equipo de Barros Schelotto se llevaba la victoria con un gol de Lanzini, pero se lo anularon por una falta inexistente a instancias del VAR. 30 de agosto, 2026 &#8211; Fuente: https:\/\/www.pagina12.com.ar\/ Deportivo Riestra y Velez igualaron 1 a 1 en Villa Soldati. Pero el empate [&hellip;]<\/p>\n","protected":false},"author":3,"featured_media":3478,"comment_status":"closed","ping_status":"closed","sticky":false,"template":"","format":"standard","meta":{"sync_status":"","episode_type":"","audio_file":"","castos_file_data":"","podmotor_file_id":"","cover_image":"","cover_image_id":"","duration":"","filesize":"","filesize_raw":"","date_recorded":"","explicit":"","block":"","footnotes":""},"categories":[27],"tags":[],"class_list":["post-3477","post","type-post","status-publish","format-standard","has-post-thumbnail","hentry","category-deporte"],"_links":{"self":[{"href":"https:\/\/fmmural91.uno\/2024\/wp-json\/wp\/v2\/posts\/3477","targetHints":{"allow":["GET"]}}],"collection":[{"href":"https:\/\/fmmural91.uno\/2024\/wp-json\/wp\/v2\/posts"}],"about":[{"href":"https:\/\/fmmural91.uno\/2024\/wp-json\/wp\/v2\/types\/post"}],"author":[{"embeddable":true,"href":"https:\/\/fmmural91.uno\/2024\/wp-json\/wp\/v2\/users\/3"}],"replies":[{"embeddable":true,"href":"https:\/\/fmmural91.uno\/2024\/wp-json\/wp\/v2\/comments?post=3477"}],"version-history":[{"count":1,"href":"https:\/\/fmmural91.uno\/2024\/wp-json\/wp\/v2\/posts\/3477\/revisions"}],"predecessor-version":[{"id":3479,"href":"https:\/\/fmmural91.uno\/2024\/wp-json\/wp\/v2\/posts\/3477\/revisions\/3479"}],"wp:featuredmedia":[{"embeddable":true,"href":"https:\/\/fmmural91.uno\/2024\/wp-json\/wp\/v2\/media\/3478"}],"wp:attachment":[{"href":"https:\/\/fmmural91.uno\/2024\/wp-json\/wp\/v2\/media?parent=3477"}],"wp:term":[{"taxonomy":"category","embeddable":true,"href":"https:\/\/fmmural91.uno\/2024\/wp-json\/wp\/v2\/categories?post=3477"},{"taxonomy":"post_tag","embeddable":true,"href":"https:\/\/fmmural91.uno\/2024\/wp-json\/wp\/v2\/tags?post=3477"}],"curies":[{"name":"wp","href":"https:\/\/api.w.org\/{rel}","templated":true}]}}