{"id":3484,"date":"2026-08-31T08:56:01","date_gmt":"2026-08-31T11:56:01","guid":{"rendered":"https:\/\/fmmural91.uno\/2024\/?p=3484"},"modified":"2026-08-31T08:56:03","modified_gmt":"2026-08-31T11:56:03","slug":"el-gobierno-busca-la-reforma-politica-para-danar-al-peronismo-pero-no-convence-a-los-gobernadores","status":"publish","type":"post","link":"https:\/\/fmmural91.uno\/2024\/el-gobierno-busca-la-reforma-politica-para-danar-al-peronismo-pero-no-convence-a-los-gobernadores\/","title":{"rendered":"El Gobierno busca la reforma pol\u00edtica para da\u00f1ar al peronismo pero no convence a los gobernadores"},"content":{"rendered":"\n<h1 class=\"wp-block-heading\">El Gobierno se empantana y Bullrich se apresura para ir por las PASO<\/h1>\n\n\n\n<p class=\"wp-block-paragraph\">Con Milei en un mal momento, la exministra ejecut\u00f3 otro gesto de oportunismo aunque todav\u00eda no la acompa\u00f1an los n\u00fameros para la reforma pol\u00edtica.<br><\/p>\n\n\n\n<p class=\"wp-block-paragraph\"><a href=\"https:\/\/www.pagina12.com.ar\/autores\/paula-marussich\">Por\u00a0Paula Marussich<\/a>   &#8211;    Fuente:<a href=\"https:\/\/www.pagina12.com.ar\/\">https:\/\/www.pagina12.com.ar\/<\/a>   31 de agosto, 2026. <\/p>\n\n\n\n<p class=\"wp-block-paragraph\">Apurada por jugar su propio juego, Patricia Bullrich anunci\u00f3 desde el Senado la reanudaci\u00f3n de la discusi\u00f3n por la reforma pol\u00edtica. En concreto, el intento del oficialismo de correr las PASO del pr\u00f3ximo llamado electoral para perjudicar al peronismo.&nbsp;<strong>Sin embargo, los dichos de la ministra no fueron m\u00e1s que un nuevo gesto de autonom\u00eda y oportunismo en una semana en la que el presidente qued\u00f3 expuesto por su falta de empat\u00eda e intransigencia.&nbsp;<\/strong>No fue la \u00fanica, hasta Toto Caputo se anim\u00f3 a hablar de justicia social. Los n\u00fameros no son alentadores todav\u00eda para la Casa Rosada. La debilidad del presidente, a quien el propio establishment ya comenz\u00f3 a despedir poniendo en duda su salud mental, y el incumplimiento sistem\u00e1tico de las promesas a las provincias alejan la posibilidad de cerrar en el cort\u00edsimo plazo los acuerdos electorales que Santilli busca. Mientras el gobierno se empantana, el peronismo avanza en la direcci\u00f3n contraria para convencer a gobernadores y legisladores de que&nbsp;<strong>\u201clos que apoyen la eliminaci\u00f3n o suspensi\u00f3n de las PASO se van a tener que hacer cargo de ayudar a Milei a tener cuatro a\u00f1os m\u00e1s\u201d<\/strong>.<\/p>\n\n\n\n<p class=\"wp-block-paragraph\">Con m\u00e1s suerte para dejar blindado a Santiago Bausili en el Banco Central y avanzar sobre la justicia federal, el gobierno no logra convencer a los gobernadores de eliminar las PASO.&nbsp;<strong>Seg\u00fan pudo reconstruir este diario, las declaraciones de Patricia Bullrich en la sesi\u00f3n del \u00faltimo jueves en la que el oficialismo logr\u00f3 aprobar 67 pliegos judiciales de jueces, camaristas y defensores sorprendieron hasta la Casa Rosada.<\/strong>&nbsp;El tema ni siquiera hab\u00eda sido conversado en la mesa pol\u00edtica del martes.<\/p>\n\n\n\n<p class=\"wp-block-paragraph\">Es que Bullrich anunci\u00f3 que en los pr\u00f3ximos 15 d\u00edas activar\u00eda la Comisi\u00f3n de Asuntos Constitucionales para comenzar a discutir la Reforma Pol\u00edtica tras intervenci\u00f3n de la senadora chubutense Edith Terenzi, quien pidi\u00f3 una moci\u00f3n de preferencia para avanzar con el tratamiento de Ficha Limpia.&nbsp;<strong>Seg\u00fan explicaron fuentes del bloque libertario a P\u00e1gina\/12 los dichos de la jefa de la bancada corren por su cuenta:&nbsp;<\/strong>\u201cVan a hacer la m\u00edmica de que se mueve, pero no veo mucha intenci\u00f3n de avanzar sin tener los acuerdos cerrados\u201d, dijeron a este diario.<\/p>\n\n\n\n<p class=\"wp-block-paragraph\">No fue el \u00fanico gesto de autonom\u00eda de la exministra. 48 horas despu\u00e9s de que Milei negara ante legisladores y senadores de su espacio una crisis por el endeudamiento de las familias y les pidiera \u201cno engancharse con la chicana de la empat\u00eda\u201d, la jefa de la bancada reconoci\u00f3 la crisis, pero traslad\u00f3 la responsabilidad a los acreedores. Luego dio una entrevista en la que casi defendi\u00f3 las PASO \u201cLos candidatos no se pueden elegir todos centralizadamente o a dedo, cualquier partido pol\u00edtico que quiera presentarse tiene que tener un sistema\u201d, dijo en un m\u00f3vil de TV. Como si fuera poco, Bullrich cerr\u00f3 la semana visitando el colegio Saint Jean de Villa Urquiza. Quienes conocen a la exministra leen el juego: \u201cA Bullrich le entusiasma ser el plan B del establishment\u201d, reconocen dentro del propio bloque.<\/p>\n\n\n\n<h2 class=\"wp-block-heading\"><strong>El peronismo avanza<\/strong><\/h2>\n\n\n\n<p class=\"wp-block-paragraph\">En diputados, el clima tampoco se presta para avanzar con la reforma pol\u00edtica. \u201cNo se va a tocar en lo inmediato. Milei est\u00e1 d\u00e9bil, no cumple lo que promete y no cerr\u00f3 ning\u00fan acuerdo electoral. \u00bfPor qu\u00e9 alguien le regalar\u00eda un instrumento que puede necesitar?\u201c, se preguntan desde un bloque provincial decisivo a la hora de inclinar la balanza.<\/p>\n\n\n\n<p class=\"wp-block-paragraph\">\u201cNo juntan las manos\u201d, dicen en la misma l\u00ednea cerca de uno de los dirigentes que organiz\u00f3 la cumbre en el Hotel Emperador, donde el peronismo volvi\u00f3 a alinearse detr\u00e1s del objetivo de mantener las PASO. De ese encuentro, cada participante se llev\u00f3 una tarea espec\u00edfica que incluy\u00f3 la lista de gobernadores y legisladores a convencer.<\/p>\n\n\n\n<p class=\"wp-block-paragraph\">Por Avenida del Libertador, donde funcionan las oficinas de Sergio Massa, ya pasaron los misioneros.&nbsp;<strong>Luego de la disoluci\u00f3n de Innovaci\u00f3n Federal, el nuevo bloque Argentina Federal sell\u00f3 ante el tigrense el compromiso de apoyar las PASO.&nbsp;<\/strong>Sobre los salte\u00f1os, tambi\u00e9n dentro de ese espacio, persisten las dudas. \u201cS\u00e1enz cree que Milei lo va a llamar para ser su vice\u201d, cuenta un operador del PJ a este diario. El salte\u00f1o est\u00e1 preocupado por el ascenso de la libertaria Emilia Orozco y hace equilibrio entre la Casa Rosada y el nuevo bloque que promete \u201cmirar hacia el norte sin alinearse autom\u00e1ticamente a Milei\u201d. El peronismo le advierte \u201cque el presidente no lo va a llamar\u201d y que la justicia \u201cno lo va a dejar ir por un mandato m\u00e1s\u201d. En efecto, la justicia a\u00fan debe expedirse sobre el nuevo intento de competir de Gildo Insfr\u00e1n; ser\u00e1 un term\u00f3metro para S\u00e1enz.<\/p>\n\n\n\n<p class=\"wp-block-paragraph\">El trabajo sobre los gobernadores avanza a paso firme. En las \u00faltimas horas, el catamarque\u00f1o Jalil pas\u00f3 de apoyar la eliminaci\u00f3n de las PASO, tal como quiere el gobierno, a destacar la modalidad de La Pampa, donde el voto en las internas provinciales y municipales no es obligatorio y solo participan obligatoriamente aquellas fuerzas pol\u00edticas, alianzas o partidos que presentan m\u00e1s de una lista interna para competir por un mismo cargo. Jalil se hamaca. D\u00edas atr\u00e1s insisti\u00f3 ante un grupo reducido que lo escuchaba \u201cque una reforma pol\u00edtica es necesaria\u201d pero sali\u00f3 del laberinto elogiando el esquema de los pampeanos.<\/p>\n\n\n\n<p class=\"wp-block-paragraph\">Jaldo fue el primero de los peronistas colaboracionistas en expresarse a favor del mantenimiento de las PASO. Las elecciones, desdobladas de las nacionales en esa provincia, ser\u00e1n el 9 de mayo. La Libertad Avanza oficializ\u00f3 la candidatura del exministro del Interior de Javier Milei, Lisandro Catal\u00e1n, para ese cargo, pero sin demasiado revuelo.&nbsp;<strong>La orden de Karina Milei es no dinamitar los puentes con los dialoguistas y contar con su ayuda en el Congreso.<\/strong><\/p>\n\n\n\n<p class=\"wp-block-paragraph\">El laboratorio del peronismo advierte que la ca\u00edda de la imagen de Milei no es igual en todos lados. Eso abre ventanas de oportunidad. Lo mismo ocurre con la cercan\u00eda de fechas para resolver el cronograma electoral y, fundamentalmente, el hartazgo por los incumplimientos sistem\u00e1ticos de la Casa Rosada con las provincias. Estos factores ayudar\u00edan a conseguir apoyos de otros actores como el neuquino Rolando Figueroa o el rionegrino Alberto Weretilneck se entusiasman.<\/p>\n\n\n\n<h2 class=\"wp-block-heading\"><strong>Zona de promesas<\/strong><\/h2>\n\n\n\n<p class=\"wp-block-paragraph\">El centro del pa\u00eds tambi\u00e9n se llev\u00f3 su promesa de amor de Diego Santilli esta semana. El jefe de Gabinete se comprometi\u00f3 a abaratar el precio del transporte de la energ\u00eda en zonas productivas. Un nuevo cap\u00edtulo de la desintegraci\u00f3n nacional a la que expone al pa\u00eds el gobierno libertario, le promete a unos gobernadores lo que les quitar\u00e1 a otros.<\/p>\n\n\n\n<p class=\"wp-block-paragraph\">La semana que cierra, el presidente abandon\u00f3 el ostracismo de la quinta presidencial para aclararle a su gabinete, a su tropa legislativa y hasta a un pu\u00f1ado de alumnos de la Ort que no habr\u00e1 cambios en el modelo econ\u00f3mico. Lo repiti\u00f3 incluso despu\u00e9s de que la C\u00e1mara de Diputados quedara a tiro de aprobar proyectos para tratar las m\u00e1s de 50 iniciativas que se acumulan para sanear la econom\u00eda de millones de familias endeudadas. Milei repite que \u201cno hay crisis\u201d y que se trata de \u201coperaciones pol\u00edticas\u201d. Pide a sus interlocutores \u201caferrarse a los datos\u201d.&nbsp;<strong>Llama la atenci\u00f3n que el gobierno que sostiene su narrativa en base a datos duros haya decidido intervenir la Oficina de Presupuesto del Congreso, hasta forzar la salida de su titular, Gabriel Esterelles, en las \u00faltimas horas.&nbsp;<\/strong>La OPC elabora informes t\u00e9cnicos que son insumos fundamentales para los diputados y senadores, y sus empleados son profesionales que concursaron para ocupar los puestos que detentan.<\/p>\n","protected":false},"excerpt":{"rendered":"<p>El Gobierno se empantana y Bullrich se apresura para ir por las PASO Con Milei en un mal momento, la exministra ejecut\u00f3 otro gesto de oportunismo aunque todav\u00eda no la acompa\u00f1an los n\u00fameros para la reforma pol\u00edtica. Por\u00a0Paula Marussich &#8211; Fuente:https:\/\/www.pagina12.com.ar\/ 31 de agosto, 2026. Apurada por jugar su propio juego, Patricia Bullrich anunci\u00f3 desde [&hellip;]<\/p>\n","protected":false},"author":3,"featured_media":3485,"comment_status":"closed","ping_status":"closed","sticky":false,"template":"","format":"standard","meta":{"sync_status":"","episode_type":"","audio_file":"","castos_file_data":"","podmotor_file_id":"","cover_image":"","cover_image_id":"","duration":"","filesize":"","filesize_raw":"","date_recorded":"","explicit":"","block":"","footnotes":""},"categories":[18],"tags":[],"class_list":["post-3484","post","type-post","status-publish","format-standard","has-post-thumbnail","hentry","category-nacionales"],"_links":{"self":[{"href":"https:\/\/fmmural91.uno\/2024\/wp-json\/wp\/v2\/posts\/3484","targetHints":{"allow":["GET"]}}],"collection":[{"href":"https:\/\/fmmural91.uno\/2024\/wp-json\/wp\/v2\/posts"}],"about":[{"href":"https:\/\/fmmural91.uno\/2024\/wp-json\/wp\/v2\/types\/post"}],"author":[{"embeddable":true,"href":"https:\/\/fmmural91.uno\/2024\/wp-json\/wp\/v2\/users\/3"}],"replies":[{"embeddable":true,"href":"https:\/\/fmmural91.uno\/2024\/wp-json\/wp\/v2\/comments?post=3484"}],"version-history":[{"count":1,"href":"https:\/\/fmmural91.uno\/2024\/wp-json\/wp\/v2\/posts\/3484\/revisions"}],"predecessor-version":[{"id":3486,"href":"https:\/\/fmmural91.uno\/2024\/wp-json\/wp\/v2\/posts\/3484\/revisions\/3486"}],"wp:featuredmedia":[{"embeddable":true,"href":"https:\/\/fmmural91.uno\/2024\/wp-json\/wp\/v2\/media\/3485"}],"wp:attachment":[{"href":"https:\/\/fmmural91.uno\/2024\/wp-json\/wp\/v2\/media?parent=3484"}],"wp:term":[{"taxonomy":"category","embeddable":true,"href":"https:\/\/fmmural91.uno\/2024\/wp-json\/wp\/v2\/categories?post=3484"},{"taxonomy":"post_tag","embeddable":true,"href":"https:\/\/fmmural91.uno\/2024\/wp-json\/wp\/v2\/tags?post=3484"}],"curies":[{"name":"wp","href":"https:\/\/api.w.org\/{rel}","templated":true}]}}