{"id":3490,"date":"2026-08-31T09:08:29","date_gmt":"2026-08-31T12:08:29","guid":{"rendered":"https:\/\/fmmural91.uno\/2024\/?p=3490"},"modified":"2026-08-31T09:08:31","modified_gmt":"2026-08-31T12:08:31","slug":"total-normalidad-2","status":"publish","type":"post","link":"https:\/\/fmmural91.uno\/2024\/total-normalidad-2\/","title":{"rendered":"Total normalidad"},"content":{"rendered":"\n<h1 class=\"wp-block-heading\">Milei vuelve a la Rosada y \u201cToto\u201d Caputo, a rezarle a Scott Bessent<\/h1>\n\n\n\n<p class=\"wp-block-paragraph\">Fuente: <a href=\"https:\/\/www.pagina12.com.ar\/\">https:\/\/www.pagina12.com.ar\/<\/a>   31 de agosto, 2026.<\/p>\n\n\n\n<p class=\"wp-block-paragraph\">El presidente Javier Milei, a diferencia de las semanas anteriores en las que tuvo muy pocas actividades en agenda y prefiri\u00f3 la reclusi\u00f3n en la Quinta de Olivos, los pr\u00f3ximos siete d\u00edas encabezar\u00e1 actividades en la Casa Rosada, volver\u00e1 a participar en foros, viajar\u00e1 al interior del pa\u00eds y tambi\u00e9n a Chile.<\/p>\n\n\n\n<p class=\"wp-block-paragraph\">El ministro de Econom\u00eda Luis Caputo, en tanto, ya est\u00e1 en Carolina del Norte, Estados Unidos, donde participar\u00e1 de la reuni\u00f3n de ministros de Finanzas y presidentes de Bancos Centrales del G20, y se volver\u00e1 a ver con el secretario del Tesoro Scott Bessent que, antes de las \u00faltimas elecciones, salv\u00f3 a la Argentina de la crisis econ\u00f3mica con un swap por US$ 20.000 millones.<\/p>\n\n\n\n<p class=\"wp-block-paragraph\">El lunes por la ma\u00f1ana Milei dar\u00e1 un discurso de apertura en el Congreso Americano de la Federaci\u00f3n Internacional del Autom\u00f3vil. El presidente abrir\u00e1 las sesiones del Congreso del Deporte Motor, que se llevar\u00e1 a cabo en en el ACA de Buenos Aires, con la presencia de los presidentes de la FIA Mohammed Ben Sulayen y del ACA, C\u00e9sar Carman. Seg\u00fan los especialistas en la materia, la Argentina busca recuperar protagonismo en el calendario internacional del automovilismo.<\/p>\n\n\n\n<p class=\"wp-block-paragraph\">El martes, en tanto, ser\u00e1 un d\u00eda cargado en la Casa Rosada. Milei encabezar\u00e1 una reuni\u00f3n de gabinete a las 10 de la ma\u00f1ana, a las 13 habr\u00e1 mesa pol\u00edtica con la presencia de su hermana Karina y la conferencia de prensa del vocero Adri\u00e1n Ravier esta semana se realizar\u00e1 por la tarde, a las 15.<\/p>\n\n\n\n<p class=\"wp-block-paragraph\">Al d\u00eda siguiente el mandatario participar\u00e1 del encuentro \u201cVientos de Cambio: Avanza la Libertad en Argentina y las Am\u00e9ricas\u201d, que se realizar\u00e1 en el hotel Sheraton de la ciudad de Buenos Aires. All\u00ed iba a asistir el magnate tecnol\u00f3gico Peter Thiel, pero cancel\u00f3 su participaci\u00f3n d\u00edas atr\u00e1s.<\/p>\n\n\n\n<p class=\"wp-block-paragraph\">Luego de esa actividad, el jueves a las 7 de la ma\u00f1ana Milei viajar\u00e1 hacia la ciudad de Santiago de Chile para participar del Foro Madrid, organizado por la Fundaci\u00f3n Disenso, en el Centro de Eventos San Carlos de Apoquindo. All\u00ed tiene planificada 11.30 una reuni\u00f3n bilateral con su par, Jos\u00e9 Antonio Kast, en el palacio de la Moneda. Adem\u00e1s, se ver\u00e1 con Sarah Rogers, subsecretaria de Estado para la Diplomacia P\u00fablica de los Estados Unidos.<\/p>\n\n\n\n<p class=\"wp-block-paragraph\">Ya de regreso a la Argentina, el viernes el jefe de Estado viajar\u00e1 a Puerto Iguaz\u00fa, en la provincia de Misiones. A las 18 disertar\u00e1 en la Convenci\u00f3n Anual del Instituto Argentino de Ejecutivos de Finanzas (IAEF).<\/p>\n\n\n\n<p class=\"wp-block-paragraph\">Mientras Milei se ocupa de la agenda local y regional, el ministro de Econom\u00eda ya arrib\u00f3 a Estados Unidos donde, casi despu\u00e9s de un a\u00f1o, se volver\u00e1 a reunir con Scott Bessent. Se trata del responsable del pr\u00e9stamo que el Tesoro de Estados Unidos hizo a la Argentina antes de las \u00faltimas elecciones. All\u00ed desembols\u00f3 un swap de monedas por US$ 20.000 millones. Antes de eso, en octubre de 2025, Caputo hab\u00eda ido a Washington para reunirse con Bessent en la sede del Departamento del Tesoro.<\/p>\n\n\n\n<p class=\"wp-block-paragraph\">Despu\u00e9s de la participaci\u00f3n en la reuni\u00f3n de ministros de Finanzas y presidentes de Bancos Centrales del G20, Caputo volver\u00e1 a la Argentina para el mi\u00e9rcoles disertar en el mismo evento que horas m\u00e1s tarde cerrar\u00e1 Milei. El foro \u201cVientos de Cambio\u201d. Su discurso ser\u00e1 a las 14.30 y el de Milei a las 19.<\/p>\n","protected":false},"excerpt":{"rendered":"<p>Milei vuelve a la Rosada y \u201cToto\u201d Caputo, a rezarle a Scott Bessent Fuente: https:\/\/www.pagina12.com.ar\/ 31 de agosto, 2026. El presidente Javier Milei, a diferencia de las semanas anteriores en las que tuvo muy pocas actividades en agenda y prefiri\u00f3 la reclusi\u00f3n en la Quinta de Olivos, los pr\u00f3ximos siete d\u00edas encabezar\u00e1 actividades en la [&hellip;]<\/p>\n","protected":false},"author":3,"featured_media":3491,"comment_status":"closed","ping_status":"closed","sticky":false,"template":"","format":"standard","meta":{"sync_status":"","episode_type":"","audio_file":"","castos_file_data":"","podmotor_file_id":"","cover_image":"","cover_image_id":"","duration":"","filesize":"","filesize_raw":"","date_recorded":"","explicit":"","block":"","footnotes":""},"categories":[18],"tags":[],"class_list":["post-3490","post","type-post","status-publish","format-standard","has-post-thumbnail","hentry","category-nacionales"],"_links":{"self":[{"href":"https:\/\/fmmural91.uno\/2024\/wp-json\/wp\/v2\/posts\/3490","targetHints":{"allow":["GET"]}}],"collection":[{"href":"https:\/\/fmmural91.uno\/2024\/wp-json\/wp\/v2\/posts"}],"about":[{"href":"https:\/\/fmmural91.uno\/2024\/wp-json\/wp\/v2\/types\/post"}],"author":[{"embeddable":true,"href":"https:\/\/fmmural91.uno\/2024\/wp-json\/wp\/v2\/users\/3"}],"replies":[{"embeddable":true,"href":"https:\/\/fmmural91.uno\/2024\/wp-json\/wp\/v2\/comments?post=3490"}],"version-history":[{"count":1,"href":"https:\/\/fmmural91.uno\/2024\/wp-json\/wp\/v2\/posts\/3490\/revisions"}],"predecessor-version":[{"id":3492,"href":"https:\/\/fmmural91.uno\/2024\/wp-json\/wp\/v2\/posts\/3490\/revisions\/3492"}],"wp:featuredmedia":[{"embeddable":true,"href":"https:\/\/fmmural91.uno\/2024\/wp-json\/wp\/v2\/media\/3491"}],"wp:attachment":[{"href":"https:\/\/fmmural91.uno\/2024\/wp-json\/wp\/v2\/media?parent=3490"}],"wp:term":[{"taxonomy":"category","embeddable":true,"href":"https:\/\/fmmural91.uno\/2024\/wp-json\/wp\/v2\/categories?post=3490"},{"taxonomy":"post_tag","embeddable":true,"href":"https:\/\/fmmural91.uno\/2024\/wp-json\/wp\/v2\/tags?post=3490"}],"curies":[{"name":"wp","href":"https:\/\/api.w.org\/{rel}","templated":true}]}}