{"id":3500,"date":"2026-08-31T09:32:08","date_gmt":"2026-08-31T12:32:08","guid":{"rendered":"https:\/\/fmmural91.uno\/2024\/?p=3500"},"modified":"2026-08-31T09:32:09","modified_gmt":"2026-08-31T12:32:09","slug":"los-halcones-se-consagraron-bicampeones-invictos-en-la-genuine-cup-de-houston","status":"publish","type":"post","link":"https:\/\/fmmural91.uno\/2024\/los-halcones-se-consagraron-bicampeones-invictos-en-la-genuine-cup-de-houston\/","title":{"rendered":"Los Halcones se consagraron bicampeones invictos en la Genuine Cup de Houston."},"content":{"rendered":"\n<h1 class=\"wp-block-heading\">Argentina tambi\u00e9n es puro orgullo en f\u00fatbol inclusivo<\/h1>\n\n\n\n<p class=\"wp-block-paragraph\">Luego de superar prejuicios, destratos y una convivencia intensa, la selecci\u00f3n argentina de f\u00fatbol para personas con discapacidad intelectual demostr\u00f3 que la gloria se construye en la uni\u00f3n colectiva.<\/p>\n\n\n\n<p class=\"wp-block-paragraph\"><a href=\"https:\/\/www.pagina12.com.ar\/autores\/manuel-barrientos\">Por\u00a0Manuel Barrientos<\/a>   &#8211;   Fuente: <a href=\"https:\/\/www.pagina12.com.ar\/\">https:\/\/www.pagina12.com.ar\/<\/a>   31 de agosto, 2026.<\/p>\n\n\n\n<p class=\"wp-block-paragraph\">Por segundo a\u00f1o consecutivo, la Selecci\u00f3n Argentina de la Federaci\u00f3n Argentina de Deportes para personas con Discapacidad Intelectual (FADDIM) se consagr\u00f3 bicampeona de la Genuine Cup que se realiz\u00f3 durante el mes de agosto en Houston, Texas. En tiempos donde las personas con discapacidad son sometidas a un maltrato permanente desde el Estado nacional, lo que consiguieron Los Halcones excede las m\u00e9tricas del deporte tradicional.<\/p>\n\n\n\n<p class=\"wp-block-paragraph\">Durante cinco jornadas y a lo largo de diez d\u00edas intensos de convivencia, el certamen reuni\u00f3 a seleccionados de 53 pa\u00edses de todos los continentes. Con el peso de ser la favorita, la selecci\u00f3n nacional transit\u00f3 el torneo con solvencia: puntaje ideal e invicto sostenido desde la edici\u00f3n anterior. En la fase de grupos derrot\u00f3 a Austria (3-0), Finlandia (2-0) y Chile (3-0). Luego debi\u00f3 sortear una semifinal ajustada frente a Colombia (1-0).<\/p>\n\n\n\n<p class=\"wp-block-paragraph\">En la gran final ante Polonia, la superioridad albiceleste volvi\u00f3 a quedar de manifiesto con un 4-1, con goles de Rodrigo Balqu\u00edn, Enzo Stampone, Juan Mart\u00edn Ceballes y Gast\u00f3n Ibarg\u00fcengoyt\u00eda. Como resumi\u00f3 el propio entrenador Nicol\u00e1s Ucha, la gesta va m\u00e1s all\u00e1 del campo de juego y se basa en la construcci\u00f3n diaria: la preparaci\u00f3n previa en el pa\u00eds, los diez d\u00edas del torneo, los nervios, la convivencia y remontar destratos y obst\u00e1culos que solo sirvieron para amalgamar la uni\u00f3n del grupo.<\/p>\n\n\n\n<p class=\"wp-block-paragraph\">\u201cSomos campeones porque somos familia\u201d fue la s\u00edntesis que hicieron los propios jugadores. Los Halcones recordaron en Houston que el deporte inclusivo es una expresi\u00f3n de esfuerzo compartido y un espacio donde derribar prejuicios es tan importante como dar la vuelta ol\u00edmpica.<\/p>\n\n\n\n<p class=\"wp-block-paragraph\"><strong>\u201cCada adversidad nos hizo m\u00e1s fuertes\u201d<\/strong><\/p>\n\n\n\n<p class=\"wp-block-paragraph\">En un segundo preciso sobre la autopista 9, la vida rutinaria de Nicol\u00e1s Ucha salt\u00f3 por los aires hace ya m\u00e1s de una d\u00e9cada. El impacto contra el acoplado de un cami\u00f3n a la altura de Morrison destruy\u00f3 la camioneta en la que regresaba a pasar la Semana Santa con su familia. Se abri\u00f3 un abismo de internaciones y un proceso de rehabilitaci\u00f3n de un a\u00f1o. Su brazo hab\u00eda quedado destrozado y tuvieron que amput\u00e1rselo. La familia, los amigos, las canciones de Quilmes en la memoria fueron el camino para la reconstrucci\u00f3n.<\/p>\n\n\n\n<p class=\"wp-block-paragraph\">El f\u00fatbol fue fundamental en ese proceso. Una m\u00e9dica lo impuls\u00f3 a sumarse al equipo de amputados. Se compr\u00f3 los botines y no par\u00f3. Lleg\u00f3 a la selecci\u00f3n nacional de f\u00fatbol de esa disciplina. Despu\u00e9s fund\u00f3 el Departamento de Discapacidad en el Club Quilmes, donde a\u00fan trabaja. Tiene una diplomatura en actividad f\u00edsica y deporte adaptado y es el coordinador deportivo de la FADDIM.<\/p>\n\n\n\n<p class=\"wp-block-paragraph\">En di\u00e1logo con&nbsp;<strong>P\u00e1gina\/12<\/strong>&nbsp;responde que no fue f\u00e1cil el camino al bicampeonato, porque desde el primer d\u00eda de llegar a Houston notaron un gran crecimiento deportivo de todos los pa\u00edses. Y los dem\u00e1s equipos les hicieron sentir que eran el rival a vencer. M\u00e1s a\u00fan, luego del resonante paso de La Scaloneta por el Mundial, el triunfo contra Inglaterra y la campa\u00f1a en contra de Argentina que a\u00fan resuena en el plano deportivo. Pero ten\u00edan un punto a favor en la preparaci\u00f3n previa: una s\u00f3lida Liga Nacional de F\u00fatbol Inclusivo para clubes afiliados a AFA, organizada por FADDIM, donde hacen un seguimiento constante de los deportistas.<\/p>\n\n\n\n<p class=\"wp-block-paragraph\"><strong>\u2013Dijiste que este bicampeonato no se explica solo por el f\u00fatbol. \u00bfQu\u00e9 otros factores hubo para el triunfo?<\/strong><\/p>\n\n\n\n<p class=\"wp-block-paragraph\">\u2013Tuvimos que enfrentar muchas chicanas, bastante desvalorizaci\u00f3n al trabajo que se hace, pero se logr\u00f3 dar vuelta con respeto, valores y la excelencia deportiva que brindaron todos los jugadores. Cada adversidad nos hizo m\u00e1s fuertes. La qu\u00edmica de la delegaci\u00f3n dentro y fuera de la cancha durante todo el torneo fue fundamental. Hubo un cambio de cuerpo t\u00e9cnico dos meses antes de la competencia y se gener\u00f3 un v\u00ednculo muy lindo de los deportistas con el nuevo cuerpo t\u00e9cnico y viceversa. Esa uni\u00f3n muy grande, tanto personal como deportiva, fue clave para lograr el bicampeonato.<\/p>\n\n\n\n<p class=\"wp-block-paragraph\"><strong>\u2013\u00bfCu\u00e1l fue el mensaje hacia los futbolistas antes de salir a jugar la final?<\/strong><\/p>\n\n\n\n<p class=\"wp-block-paragraph\">\u2013Que disfrutaran de la oportunidad que estaban teniendo, que es el sue\u00f1o de muchos argentinos y ellos lo estaban viviendo. Que eran solo 19 personas que estaban representando a los 50 millones de argentinos y que la gloria ser\u00eda eterna.<\/p>\n\n\n\n<p class=\"wp-block-paragraph\"><strong>\u2013\u00bfQu\u00e9 significa este bicampeonato para el desarrollo del f\u00fatbol inclusivo en Argentina?<\/strong><\/p>\n\n\n\n<p class=\"wp-block-paragraph\">\u2013Es muy importante, ya que no solo demuestra las cualidades deportivas, sino el crecimiento de esta disciplina. Representa el trabajo invisible y silencioso de una federaci\u00f3n tan profesional y comprometida como es FADDIM, de donde se sacan los 20 mejores deportistas de m\u00e1s de 700 que participan en nuestras ligas a nivel nacional. Ahora el pr\u00f3ximo paso ser\u00e1 un triangular muy competitivo con grandes selecciones como lo son Francia y Jap\u00f3n, que se va a desarrollar en noviembre en Mar del Plata.<\/p>\n","protected":false},"excerpt":{"rendered":"<p>Argentina tambi\u00e9n es puro orgullo en f\u00fatbol inclusivo Luego de superar prejuicios, destratos y una convivencia intensa, la selecci\u00f3n argentina de f\u00fatbol para personas con discapacidad intelectual demostr\u00f3 que la gloria se construye en la uni\u00f3n colectiva. Por\u00a0Manuel Barrientos &#8211; Fuente: https:\/\/www.pagina12.com.ar\/ 31 de agosto, 2026. Por segundo a\u00f1o consecutivo, la Selecci\u00f3n Argentina de la [&hellip;]<\/p>\n","protected":false},"author":3,"featured_media":3501,"comment_status":"closed","ping_status":"closed","sticky":false,"template":"","format":"standard","meta":{"sync_status":"","episode_type":"","audio_file":"","castos_file_data":"","podmotor_file_id":"","cover_image":"","cover_image_id":"","duration":"","filesize":"","filesize_raw":"","date_recorded":"","explicit":"","block":"","footnotes":""},"categories":[18],"tags":[],"class_list":["post-3500","post","type-post","status-publish","format-standard","has-post-thumbnail","hentry","category-nacionales"],"_links":{"self":[{"href":"https:\/\/fmmural91.uno\/2024\/wp-json\/wp\/v2\/posts\/3500","targetHints":{"allow":["GET"]}}],"collection":[{"href":"https:\/\/fmmural91.uno\/2024\/wp-json\/wp\/v2\/posts"}],"about":[{"href":"https:\/\/fmmural91.uno\/2024\/wp-json\/wp\/v2\/types\/post"}],"author":[{"embeddable":true,"href":"https:\/\/fmmural91.uno\/2024\/wp-json\/wp\/v2\/users\/3"}],"replies":[{"embeddable":true,"href":"https:\/\/fmmural91.uno\/2024\/wp-json\/wp\/v2\/comments?post=3500"}],"version-history":[{"count":1,"href":"https:\/\/fmmural91.uno\/2024\/wp-json\/wp\/v2\/posts\/3500\/revisions"}],"predecessor-version":[{"id":3502,"href":"https:\/\/fmmural91.uno\/2024\/wp-json\/wp\/v2\/posts\/3500\/revisions\/3502"}],"wp:featuredmedia":[{"embeddable":true,"href":"https:\/\/fmmural91.uno\/2024\/wp-json\/wp\/v2\/media\/3501"}],"wp:attachment":[{"href":"https:\/\/fmmural91.uno\/2024\/wp-json\/wp\/v2\/media?parent=3500"}],"wp:term":[{"taxonomy":"category","embeddable":true,"href":"https:\/\/fmmural91.uno\/2024\/wp-json\/wp\/v2\/categories?post=3500"},{"taxonomy":"post_tag","embeddable":true,"href":"https:\/\/fmmural91.uno\/2024\/wp-json\/wp\/v2\/tags?post=3500"}],"curies":[{"name":"wp","href":"https:\/\/api.w.org\/{rel}","templated":true}]}}