{"id":3510,"date":"2026-08-31T10:06:43","date_gmt":"2026-08-31T13:06:43","guid":{"rendered":"https:\/\/fmmural91.uno\/2024\/?p=3510"},"modified":"2026-08-31T10:06:44","modified_gmt":"2026-08-31T13:06:44","slug":"ee-uu-ataco-la-isla-irani-de-larak-en-el-estrecho-de-ormuz-y-teheran-prometio-contraatacar","status":"publish","type":"post","link":"https:\/\/fmmural91.uno\/2024\/ee-uu-ataco-la-isla-irani-de-larak-en-el-estrecho-de-ormuz-y-teheran-prometio-contraatacar\/","title":{"rendered":"EE.UU. atac\u00f3 la isla iran\u00ed de Larak, en el estrecho de Ormuz, y Teher\u00e1n prometi\u00f3 contraatacar"},"content":{"rendered":"\n<p class=\"wp-block-paragraph\">Ir\u00e1n confirm\u00f3 el ataque estadounidense e inform\u00f3 que varios combatientes y civiles murieron y resultaron heridos. Crece el temor a una nueva escalada militar en Medio Oriente.\u00a0<\/p>\n\n\n\n<p class=\"wp-block-paragraph\">Fuente: <a href=\"https:\/\/www.eldestapeweb.com\/\">https:\/\/www.eldestapeweb.com\/<\/a>   31 de agosto, 2026.<\/p>\n\n\n\n<p class=\"wp-block-paragraph\">A seis meses del inicio de la guerra entre Estados Unidos e Ir\u00e1n, crece en Washington el cuestionamiento al gobierno de&nbsp;<strong>Donald Trump por la falta de un camino claro para ponerle fin al conflicto<\/strong>. Cuando orden\u00f3 los ataques, el presidente estadounidense hab\u00eda estimado que la operaci\u00f3n durar\u00eda apenas cuatro o cinco semanas. Sin embargo, el enfrentamiento se prolong\u00f3, las negociaciones para alcanzar un acuerdo no prosperaron y el conflicto entr\u00f3 en una etapa de desgaste sin una salida definida.<\/p>\n\n\n\n<p class=\"wp-block-paragraph\">El malestar alcanza incluso al Congreso. Los dem\u00f3cratas volvieron a cuestionar los objetivos cambiantes de la guerra y advirtieron por el costo humano y econ\u00f3mico que implica para Estados Unidos. El l\u00edder dem\u00f3crata del Senado,&nbsp;<strong>Chuck Schumer<\/strong>, sostuvo que Trump llev\u00f3 al pa\u00eds a la guerra \u201csin un plan para ganarla y sin un plan para terminarla\u201d y afirm\u00f3 que, seis meses despu\u00e9s, los estadounidenses est\u00e1n pagando las consecuencias. En paralelo, el congresista dem\u00f3crata&nbsp;<strong>Adam Smith<\/strong>&nbsp;se\u00f1al\u00f3 que la administraci\u00f3n no consigui\u00f3 alcanzar sus objetivos estrat\u00e9gicos declarados, mientras aumentan las preocupaciones por el despliegue prolongado de las fuerzas estadounidenses y el impacto sobre los precios de la energ\u00eda.&nbsp;<strong>Todas las noticias del conflicto en Medio Oriente de este domingo 30 de agosot.<\/strong><\/p>\n\n\n\n<h2 class=\"wp-block-heading\">Exfuncionario inst\u00f3 a Estados Unidos a retirar sus tropas del Golfo P\u00e9rsico<\/h2>\n\n\n\n<p class=\"wp-block-paragraph\">Joe Kent, exalto funcionario de contraterrorismo de Trump, inst\u00f3 a Washington a retirar de inmediato sus tropas de la regi\u00f3n del Golfo despu\u00e9s de que Teher\u00e1n prometiera responder a un ataque contra la isla de Larak.<\/p>\n\n\n\n<p class=\"wp-block-paragraph\">\u00abAcabamos de atacar objetivos en la isla de Lark; Ir\u00e1n responder\u00e1\u00bb, dijo Kent en una publicaci\u00f3n en X. \u00abSi queremos controlar el ciclo de escalada y evitar que la guerra se acelere, debemos sacar a nuestras tropas de la regi\u00f3n. Si Ir\u00e1n tiene suerte y mata a soldados estadounidenses, nos veremos arrastrados de nuevo a la guerra en los t\u00e9rminos de Ir\u00e1n\u00bb, agreg\u00f3.<\/p>\n\n\n\n<h2 class=\"wp-block-heading\">Un legislador iran\u00ed de alto rango advirti\u00f3 que habr\u00e1 una respuesta \u00abdevastadora\u00bb ante el ataque de EE.UU. contra Larak<\/h2>\n\n\n\n<p class=\"wp-block-paragraph\">Ebrahim Azizi, presidente de la Comisi\u00f3n de Seguridad Nacional del Parlamento iran\u00ed, prometi\u00f3 una respuesta militar tras el reciente ataque estadounidense.<\/p>\n\n\n\n<p class=\"wp-block-paragraph\">\u00abSin duda, ning\u00fan crimen, sea del nivel que sea, queda sin respuesta; una respuesta devastadora, m\u00e1s dolorosa y aleccionadora, que completar\u00e1 la cadena de sus fracasos\u00bb, escribi\u00f3 y sigui\u00f3: \u00ab\u00a1Esperen con miedo y terror!\u00bb.<\/p>\n\n\n\n<p class=\"wp-block-paragraph\">En ingl\u00e9s, escribi\u00f3: \u00abPongan a prueba nuestra voluntad una vez m\u00e1s y paguen un precio a\u00fan m\u00e1s alto. La represalia se avecina; \u00a1Solo corran!\u00bb.<\/p>\n\n\n\n<h2 class=\"wp-block-heading\">Jamene\u00ed llama a los pa\u00edses musulmanes a unirse y hacer frente a EE.UU. e Israel<\/h2>\n\n\n\n<p class=\"wp-block-paragraph\">&nbsp;El l\u00edder supremo de Ir\u00e1n, Mojtaba Jamene\u00ed, llam\u00f3 este domingo a los pa\u00edses musulmanes a unirse y hacer frente a Estados Unidos e Israel, naciones a las que calific\u00f3 como enemigos del islam.<\/p>\n\n\n\n<p class=\"wp-block-paragraph\">\u201cMi recomendaci\u00f3n reiterada y enf\u00e1tica a los gobernantes de los pa\u00edses isl\u00e1micos, en particular a los de la regi\u00f3n de Asia Occidental y a lo largo del golfo P\u00e9rsico, es que deben saber qui\u00e9n es su verdadero enemigo, comprender sus complots y hacerles frente\u201d, dijo Jamene\u00ed en un comunicado publicado en sus redes sociales a prop\u00f3sito del aniversario del nacimiento de Mahoma.<\/p>\n\n\n\n<p class=\"wp-block-paragraph\">El l\u00edder religioso indic\u00f3 que \u201clos gobernantes criminales de Estados Unidos y el falso r\u00e9gimen sionista (Israel son enemigos ac\u00e9rrimos\u201d de la unidad y amistad entre los pa\u00edses isl\u00e1micos y tratan de sembrar la discordia entre la poblaci\u00f3n de Ir\u00e1n y otros pa\u00edses musulmanes.<\/p>\n\n\n\n<p class=\"wp-block-paragraph\">\u201cNo solo son enemigos de la Rep\u00fablica Isl\u00e1mica y de la naci\u00f3n iran\u00ed, as\u00ed como del amplio frente de resistencia isl\u00e1mica; tambi\u00e9n albergan animadversi\u00f3n hacia toda la umma musulmana, incluidas las naciones de Asia Occidental y el norte de \u00c1frica\u201d, dijo.<\/p>\n\n\n\n<p class=\"wp-block-paragraph\">\u201c\u00bfEstar\u00eda la naci\u00f3n palestina tan indefensa, sometida a la opresi\u00f3n y los cr\u00edmenes de los ocupantes, si los musulmanes estuvieran unidos, apretando los pu\u00f1os con fuerza?\u00bb, se pregunt\u00f3.<\/p>\n","protected":false},"excerpt":{"rendered":"<p>Ir\u00e1n confirm\u00f3 el ataque estadounidense e inform\u00f3 que varios combatientes y civiles murieron y resultaron heridos. Crece el temor a una nueva escalada militar en Medio Oriente.\u00a0 Fuente: https:\/\/www.eldestapeweb.com\/ 31 de agosto, 2026. A seis meses del inicio de la guerra entre Estados Unidos e Ir\u00e1n, crece en Washington el cuestionamiento al gobierno de&nbsp;Donald Trump [&hellip;]<\/p>\n","protected":false},"author":3,"featured_media":3511,"comment_status":"closed","ping_status":"closed","sticky":false,"template":"","format":"standard","meta":{"sync_status":"","episode_type":"","audio_file":"","castos_file_data":"","podmotor_file_id":"","cover_image":"","cover_image_id":"","duration":"","filesize":"","filesize_raw":"","date_recorded":"","explicit":"","block":"","footnotes":""},"categories":[19],"tags":[],"class_list":["post-3510","post","type-post","status-publish","format-standard","has-post-thumbnail","hentry","category-internacionales"],"_links":{"self":[{"href":"https:\/\/fmmural91.uno\/2024\/wp-json\/wp\/v2\/posts\/3510","targetHints":{"allow":["GET"]}}],"collection":[{"href":"https:\/\/fmmural91.uno\/2024\/wp-json\/wp\/v2\/posts"}],"about":[{"href":"https:\/\/fmmural91.uno\/2024\/wp-json\/wp\/v2\/types\/post"}],"author":[{"embeddable":true,"href":"https:\/\/fmmural91.uno\/2024\/wp-json\/wp\/v2\/users\/3"}],"replies":[{"embeddable":true,"href":"https:\/\/fmmural91.uno\/2024\/wp-json\/wp\/v2\/comments?post=3510"}],"version-history":[{"count":1,"href":"https:\/\/fmmural91.uno\/2024\/wp-json\/wp\/v2\/posts\/3510\/revisions"}],"predecessor-version":[{"id":3512,"href":"https:\/\/fmmural91.uno\/2024\/wp-json\/wp\/v2\/posts\/3510\/revisions\/3512"}],"wp:featuredmedia":[{"embeddable":true,"href":"https:\/\/fmmural91.uno\/2024\/wp-json\/wp\/v2\/media\/3511"}],"wp:attachment":[{"href":"https:\/\/fmmural91.uno\/2024\/wp-json\/wp\/v2\/media?parent=3510"}],"wp:term":[{"taxonomy":"category","embeddable":true,"href":"https:\/\/fmmural91.uno\/2024\/wp-json\/wp\/v2\/categories?post=3510"},{"taxonomy":"post_tag","embeddable":true,"href":"https:\/\/fmmural91.uno\/2024\/wp-json\/wp\/v2\/tags?post=3510"}],"curies":[{"name":"wp","href":"https:\/\/api.w.org\/{rel}","templated":true}]}}