{"id":3549,"date":"2026-09-01T09:26:14","date_gmt":"2026-09-01T12:26:14","guid":{"rendered":"https:\/\/fmmural91.uno\/2024\/?p=3549"},"modified":"2026-09-01T09:26:15","modified_gmt":"2026-09-01T12:26:15","slug":"durante-el-g20-en-ee-uu-se-reunio-con-la-titular-del-fmi-y-con-bessent","status":"publish","type":"post","link":"https:\/\/fmmural91.uno\/2024\/durante-el-g20-en-ee-uu-se-reunio-con-la-titular-del-fmi-y-con-bessent\/","title":{"rendered":"Durante el G20, en EE.UU, se reuni\u00f3 con la titular del FMI y con Bessent"},"content":{"rendered":"\n<h1 class=\"wp-block-heading\">Caputo defendi\u00f3 el ajuste y mendig\u00f3 apoyos<\/h1>\n\n\n\n<p class=\"wp-block-paragraph\">La cumbre tiene como eje de debate \u201clos desequilibrios de la econom\u00eda mundial\u201d, en medio de las tensiones por los aranceles y la fuerte disputa entre China y Trump. La deuda, otro de los temas fuertes del encuentro.<\/p>\n\n\n\n<p class=\"wp-block-paragraph\">Fuente: <a href=\"https:\/\/www.pagina12.com.ar\/\">https:\/\/www.pagina12.com.ar\/<\/a>   &#8211;   1 de septiembre, 2026.<\/p>\n\n\n\n<p class=\"wp-block-paragraph\">Luis Caputo llev\u00f3 al G20 de Finanzas en Estados Unidos la defensa del programa econ\u00f3mico de Javier Milei y aprovech\u00f3 la cumbre para reforzar dos de los v\u00ednculos externos que el Gobierno considera centrales para sostener su estrategia: el Fondo Monetario Internacional (FMI) y el Tesoro estadounidense. El ministro se reuni\u00f3 con la directora gerente del organismo, Kristalina Georgieva, y -hasta el cierre de esta edici\u00f3n- estaba previsto un encuentro con el secretario del Tesoro, Scott Bessent. Ante sus pares, el titular de Hacienda reivindic\u00f3 el ajuste fiscal, la reducci\u00f3n del gasto p\u00fablico y las reformas impulsadas por la administraci\u00f3n libertaria.<\/p>\n\n\n\n<p class=\"wp-block-paragraph\">La reuni\u00f3n de ministros de Finanzas y presidentes de bancos centrales del G20 se desarrolla en Asheville, Carolina del Norte, bajo la presidencia estadounidense del bloque. Caputo lleg\u00f3 acompa\u00f1ado por el presidente del Banco Central, Santiago Bausili; el secretario de Pol\u00edtica Econ\u00f3mica, Jos\u00e9 Luis Daza; y el vicepresidente de la autoridad monetaria, Vladimir Werning.<\/p>\n\n\n\n<p class=\"wp-block-paragraph\">El encuentro con Bessent pautado en la agenda volvi\u00f3 a poner en primer plano la relaci\u00f3n privilegiada que la Casa Rosada construy\u00f3 con la administraci\u00f3n de Donald Trump. El secretario del Tesoro es uno de los principales interlocutores del equipo econ\u00f3mico argentino en Washington y una pieza central de la pol\u00edtica econ\u00f3mica y financiera estadounidense. Para el Gobierno de Milei, ese v\u00ednculo adquiri\u00f3 una relevancia particular en los \u00faltimos a\u00f1os, tanto por el respaldo pol\u00edtico recibido desde Washington como por el peso que Estados Unidos tiene dentro de los organismos multilaterales.<\/p>\n\n\n\n<p class=\"wp-block-paragraph\">La bilateral se producir\u00e1, adem\u00e1s, en un escenario internacional bastante m\u00e1s turbulento que el que intenta mostrar el discurso de estabilidad de la administraci\u00f3n argentina. Estados Unidos atraviesa las consecuencias econ\u00f3micas de la guerra con Ir\u00e1n, con fuertes oscilaciones en el precio internacional del petr\u00f3leo, mientras Trump mantiene una pol\u00edtica de presi\u00f3n comercial sobre aliados y competidores. Las tensiones arancelarias con Canad\u00e1, Europa y Jap\u00f3n, y la disputa estructural con China, forman parte del tel\u00f3n de fondo de una cumbre dedicada precisamente a discutir los desequilibrios de la econom\u00eda mundial.<\/p>\n\n\n\n<p class=\"wp-block-paragraph\">Caputo tambi\u00e9n mantuvo un encuentro con Georgieva. \u201cGran encuentro en el marco de las reuniones del G20. Aprovechamos para conversar sobre la agenda econ\u00f3mica de la Argentina y los avances que estamos logrando para consolidar la estabilidad y fortalecer el crecimiento\u201d, escribi\u00f3 el ministro despu\u00e9s de la reuni\u00f3n.<\/p>\n\n\n\n<p class=\"wp-block-paragraph\">La titular del FMI devolvi\u00f3 los elogios. Georgieva asegur\u00f3 que fue un gusto ponerse al d\u00eda con Caputo sobre la \u201cimpresionante recuperaci\u00f3n econ\u00f3mica de Argentina\u201d, que atribuy\u00f3 a \u201cbuenas pol\u00edticas y una implementaci\u00f3n s\u00f3lida\u201d. El intercambio volvi\u00f3 a mostrar la sinton\u00eda p\u00fablica entre el Fondo y el equipo econ\u00f3mico, en momentos en que el v\u00ednculo con el organismo contin\u00faa siendo determinante para el frente financiero argentino.<\/p>\n\n\n\n<p class=\"wp-block-paragraph\">En su intervenci\u00f3n ante el G20, Caputo busc\u00f3 presentar al programa libertario como un caso exitoso de estabilizaci\u00f3n. El principal argumento volvi\u00f3 a ser el ajuste de las cuentas p\u00fablicas. El ministro destac\u00f3 que desde diciembre de 2023 el Gobierno redujo el gasto p\u00fablico 30 por ciento en t\u00e9rminos reales y asegur\u00f3 que consigui\u00f3 eliminar tanto el d\u00e9ficit fiscal como el d\u00e9ficit cuasifiscal del Banco Central.<\/p>\n\n\n\n<p class=\"wp-block-paragraph\">La reducci\u00f3n del gasto que Caputo present\u00f3 ante los principales ministros de Finanzas del mundo como uno de los grandes activos del programa es, al mismo tiempo, uno de los aspectos m\u00e1s controvertidos de la pol\u00edtica econ\u00f3mica en el frente interno. El equilibrio fiscal fue conseguido mediante un ajuste que atraves\u00f3 distintas partidas del Estado y se convirti\u00f3 desde el comienzo de la gesti\u00f3n en el principal ordenador de la pol\u00edtica econ\u00f3mica. En Asheville, sin embargo, el funcionario puso el foco exclusivamente en sus efectos sobre las cuentas p\u00fablicas y las condiciones que, seg\u00fan dice, permitir\u00edan impulsar la inversi\u00f3n.<\/p>\n\n\n\n<p class=\"wp-block-paragraph\">Caputo tambi\u00e9n reivindic\u00f3 las reformas estructurales aprobadas por el oficialismo. Destac\u00f3 la reforma laboral, que present\u00f3 como una herramienta destinada a incrementar la formalidad, y la modificaci\u00f3n de la Carta Org\u00e1nica del Banco Central, que fortalece la independencia de la autoridad monetaria y establece la prohibici\u00f3n de financiar el d\u00e9ficit del Tesoro.<\/p>\n\n\n\n<p class=\"wp-block-paragraph\">Otro de los caballitos de batalla de la presentaci\u00f3n fue el R\u00e9gimen de Incentivo para Grandes Inversiones (RIGI). El ministro asegur\u00f3 que existen proyectos aprobados por alrededor de 50.000 millones de d\u00f3lares y otros por aproximadamente 150.000 millones que se encuentran en proceso de evaluaci\u00f3n. Con esos n\u00fameros, defendi\u00f3 la idea de que el capital privado debe convertirse en el principal motor del crecimiento, acompa\u00f1ado por una menor intervenci\u00f3n estatal y una regulaci\u00f3n m\u00e1s simple.<\/p>\n\n\n\n<p class=\"wp-block-paragraph\">La agenda del encuentro, sin embargo, excede ampliamente la experiencia argentina. Bajo la conducci\u00f3n estadounidense, el G20 puso entre sus principales temas los desequilibrios fiscales y comerciales globales, la deuda soberana y la regulaci\u00f3n financiera. El Tesoro norteamericano plante\u00f3 la necesidad de alcanzar una mayor transparencia en el endeudamiento p\u00fablico y acelerar los procesos de reestructuraci\u00f3n cuando los pa\u00edses atraviesan dificultades.<\/p>\n\n\n\n<p class=\"wp-block-paragraph\">La posici\u00f3n resulta especialmente significativa para la Argentina, que contin\u00faa teniendo al acceso al financiamiento internacional y a su relaci\u00f3n con los acreedores entre los condicionantes de su pol\u00edtica econ\u00f3mica. La deuda es uno de los ejes de las discusiones de Asheville, para mejorar la previsibilidad de las reestructuraciones soberanas.<\/p>\n\n\n\n<p class=\"wp-block-paragraph\">Washington tambi\u00e9n llev\u00f3 al foro su preocupaci\u00f3n por los desequilibrios comerciales internacionales. La administraci\u00f3n Trump sostiene que existen pr\u00e1cticas que generan excesos de producci\u00f3n destinados a los mercados mundiales, una cr\u00edtica dirigida principalmente hacia China. La discusi\u00f3n ocurre a pocos d\u00edas de una visita del presidente chino, Xi Jinping, a Washington y en medio de una pol\u00edtica comercial estadounidense que tambi\u00e9n abri\u00f3 conflictos con varios de sus aliados hist\u00f3ricos.<\/p>\n\n\n\n<p class=\"wp-block-paragraph\">Finalmente, la presidencia estadounidense incorpor\u00f3 a la agenda la modernizaci\u00f3n de la regulaci\u00f3n y supervisi\u00f3n financiera, la reducci\u00f3n de las trabas regulatorias y el desarrollo de las finanzas digitales. All\u00ed aparecen las criptomonedas y otros activos digitales, para los que Washington impulsa mayores controles.<\/p>\n\n\n\n<p class=\"wp-block-paragraph\">En ese escenario, Caputo busca mostrar a la Argentina como un alumno destacado de la agenda de ajuste fiscal, desregulaci\u00f3n y protagonismo privado que domina buena parte de las discusiones.<\/p>\n","protected":false},"excerpt":{"rendered":"<p>Caputo defendi\u00f3 el ajuste y mendig\u00f3 apoyos La cumbre tiene como eje de debate \u201clos desequilibrios de la econom\u00eda mundial\u201d, en medio de las tensiones por los aranceles y la fuerte disputa entre China y Trump. La deuda, otro de los temas fuertes del encuentro. Fuente: https:\/\/www.pagina12.com.ar\/ &#8211; 1 de septiembre, 2026. Luis Caputo llev\u00f3 [&hellip;]<\/p>\n","protected":false},"author":3,"featured_media":3550,"comment_status":"closed","ping_status":"closed","sticky":false,"template":"","format":"standard","meta":{"sync_status":"","episode_type":"","audio_file":"","castos_file_data":"","podmotor_file_id":"","cover_image":"","cover_image_id":"","duration":"","filesize":"","filesize_raw":"","date_recorded":"","explicit":"","block":"","footnotes":""},"categories":[19],"tags":[],"class_list":["post-3549","post","type-post","status-publish","format-standard","has-post-thumbnail","hentry","category-internacionales"],"_links":{"self":[{"href":"https:\/\/fmmural91.uno\/2024\/wp-json\/wp\/v2\/posts\/3549","targetHints":{"allow":["GET"]}}],"collection":[{"href":"https:\/\/fmmural91.uno\/2024\/wp-json\/wp\/v2\/posts"}],"about":[{"href":"https:\/\/fmmural91.uno\/2024\/wp-json\/wp\/v2\/types\/post"}],"author":[{"embeddable":true,"href":"https:\/\/fmmural91.uno\/2024\/wp-json\/wp\/v2\/users\/3"}],"replies":[{"embeddable":true,"href":"https:\/\/fmmural91.uno\/2024\/wp-json\/wp\/v2\/comments?post=3549"}],"version-history":[{"count":1,"href":"https:\/\/fmmural91.uno\/2024\/wp-json\/wp\/v2\/posts\/3549\/revisions"}],"predecessor-version":[{"id":3551,"href":"https:\/\/fmmural91.uno\/2024\/wp-json\/wp\/v2\/posts\/3549\/revisions\/3551"}],"wp:featuredmedia":[{"embeddable":true,"href":"https:\/\/fmmural91.uno\/2024\/wp-json\/wp\/v2\/media\/3550"}],"wp:attachment":[{"href":"https:\/\/fmmural91.uno\/2024\/wp-json\/wp\/v2\/media?parent=3549"}],"wp:term":[{"taxonomy":"category","embeddable":true,"href":"https:\/\/fmmural91.uno\/2024\/wp-json\/wp\/v2\/categories?post=3549"},{"taxonomy":"post_tag","embeddable":true,"href":"https:\/\/fmmural91.uno\/2024\/wp-json\/wp\/v2\/tags?post=3549"}],"curies":[{"name":"wp","href":"https:\/\/api.w.org\/{rel}","templated":true}]}}