{"id":3558,"date":"2026-09-01T09:57:45","date_gmt":"2026-09-01T12:57:45","guid":{"rendered":"https:\/\/fmmural91.uno\/2024\/?p=3558"},"modified":"2026-09-01T09:57:47","modified_gmt":"2026-09-01T12:57:47","slug":"que-opina-el-papa-leon-xiv-sobre-la-ia-la-enciclica-del-sumo-pontifice-sobre-la-inteligencia-artificial","status":"publish","type":"post","link":"https:\/\/fmmural91.uno\/2024\/que-opina-el-papa-leon-xiv-sobre-la-ia-la-enciclica-del-sumo-pontifice-sobre-la-inteligencia-artificial\/","title":{"rendered":"Qu\u00e9 opina el papa Le\u00f3n XIV sobre la IA: la enc\u00edclica del Sumo Pont\u00edfice sobre la Inteligencia Artificial"},"content":{"rendered":"\n<p class=\"wp-block-paragraph\">El sumo pont\u00edfice comparti\u00f3 a mediados de 2026 una reflexi\u00f3n sobre el impacto de la IA en el mundo. El pedido desde la Iglesia Cat\u00f3lica.<\/p>\n\n\n\n<p class=\"wp-block-paragraph\">Fuente: <a href=\"https:\/\/www.eldestapeweb.com\/\">https:\/\/www.eldestapeweb.com\/<\/a>   1 de septiembre 2026.<\/p>\n\n\n\n<p class=\"wp-block-paragraph\">En medio del desarrollo de nuevas tecnolog\u00edas y la predominancia de la&nbsp;<strong>inteligencia artificial<\/strong>&nbsp;en el mundo,&nbsp;<strong><a href=\"https:\/\/www.eldestapeweb.com\/sociedad\/opina-papa-leon-xiv-papa-francisco-era-vinculo-2026826142541\">el&nbsp;Papa Le\u00f3n XIV&nbsp;<\/a><\/strong>comparti\u00f3 su opini\u00f3n sobre el impacto de la IA en la vida cotidiana y lanz\u00f3 una dura advertencia.<\/p>\n\n\n\n<h2 class=\"wp-block-heading\">Cu\u00e1l es la opini\u00f3n del Papa Le\u00f3n XIV sobre la inteligencia artificial<\/h2>\n\n\n\n<p class=\"wp-block-paragraph\">El pasado 25 de mayo de 2026,&nbsp;<a href=\"https:\/\/www.eldestapeweb.com\/sociedad\/donde-papa-leon-xiv-asi-lugar-donde-vivio-sumo-pontifice-2026826141721\">el sumo pont\u00edfice<\/a>&nbsp;present\u00f3&nbsp;su primera enc\u00edclica&nbsp;\u00ab<em>Magnifica humanitas\u00bb (Magnifica Humanidad),&nbsp;<\/em>un documento de 200 p\u00e1ginas. Durante el evento en el&nbsp;Aula del S\u00ednodo, del Vaticano, el l\u00edder de la Iglesia cat\u00f3lica comparti\u00f3 una reflexi\u00f3n sobre la IA frente a cardenales, te\u00f3logos y expertos en tecnolog\u00eda. En su discurso,<strong>&nbsp;Le\u00f3n XIV consider\u00f3 que \u00abla inteligencia artificial debe ser desarmada\u00bb.&nbsp;<\/strong><\/p>\n\n\n\n<p class=\"wp-block-paragraph\">\u00abLa palabra es fuerte, lo s\u00e9, pero se eligi\u00f3 deliberadamente porque&nbsp;<strong>este momento necesita palabras capaces de llamar la atenci\u00f3n<\/strong>, despertar las conciencias e indicar caminos a seguir para la humanidad\u00bb, a\u00f1adi\u00f3.<\/p>\n\n\n\n<figure class=\"wp-block-image size-full\"><a href=\"https:\/\/fmmural91.uno\/2024\/wp-content\/uploads\/2026\/09\/Captura-de-pantalla-2026-09-01-095514.png\"><img fetchpriority=\"high\" decoding=\"async\" width=\"702\" height=\"497\" src=\"https:\/\/fmmural91.uno\/2024\/wp-content\/uploads\/2026\/09\/Captura-de-pantalla-2026-09-01-095514.png\" alt=\"\" class=\"wp-image-3559\" srcset=\"https:\/\/fmmural91.uno\/2024\/wp-content\/uploads\/2026\/09\/Captura-de-pantalla-2026-09-01-095514.png 702w, https:\/\/fmmural91.uno\/2024\/wp-content\/uploads\/2026\/09\/Captura-de-pantalla-2026-09-01-095514-559x396.png 559w\" sizes=\"(max-width: 702px) 100vw, 702px\" \/><\/a><\/figure>\n\n\n\n<p class=\"wp-block-paragraph\">En ese sentido, el sumo pont\u00edfice consider\u00f3 que la IA se tiene que alejar de \u00abl\u00f3gicas que la transforman en instrumento de dominio, exclusi\u00f3n o muerte\u00bb. Al considerar que la tecnolog\u00eda debe \u00abestar \u200b\u200b\u200b\u200b\u200b\u200bal servicio de todos y del bien com\u00fan\u00bb, sin quedar en manos de unos pocos.<\/p>\n\n\n\n<p class=\"wp-block-paragraph\">Entre los pasajes m\u00e1s fuertes del discurso, Le\u00f3n XIV mencion\u00f3 haber recibido relatos inquietantes sobre el impacto de la IA en diferentes \u00e1mbitos. \u00abMe han llegado otras voces, muy inquietantes,<strong>&nbsp;sobre sistemas de armas cada vez m\u00e1s aut\u00f3nomos, pr\u00e1cticamente fuera de todo control humano<\/strong>. Escucho relatos muy preocupantes sobre&nbsp;<strong>algoritmos que pueden impedir el acceso a la atenci\u00f3n m\u00e9dica, al trabajo y a la seguridad&nbsp;<\/strong>bas\u00e1ndose en datos viciados por prejuicios e injusticias\u00bb, lament\u00f3.<\/p>\n\n\n\n<p class=\"wp-block-paragraph\">Al respecto, consider\u00f3 que mientras esas&nbsp;voces se escuchan, resuena con fuerza el silencio de quienes no tienen voz cuando se toman las decisiones que los afectan. El Pont\u00edfice fue igual de claro sobre los l\u00edmites de la propia Iglesia:&nbsp;<strong>dijo que no tiene respuestas t\u00e9cnicas ni pretende reemplazar a quienes s\u00ed tienen la competencia para desarrollar estas tecnolog\u00edas<\/strong>.<\/p>\n\n\n\n<p class=\"wp-block-paragraph\">Y remarc\u00f3 que su contribuci\u00f3n es otra: \u00ab<strong>Aportamos una sabidur\u00eda sobre lo humano que nuestro tiempo necesita desesperadamente,<\/strong>&nbsp;<strong>cada persona es \u00fanica e insustituible<\/strong>, un sujeto libre e inteligente dotado de conciencia, capaz de buscar a Dios, de servir a los dem\u00e1s y de cuidar de nuestra casa com\u00fan\u00bb.<\/p>\n\n\n\n<h2 class=\"wp-block-heading\">No alcanza con desarmar: hay que reconstruir<\/h2>\n\n\n\n<p class=\"wp-block-paragraph\">Le\u00f3n XIV vincul\u00f3 el planteo con una experiencia personal de sus a\u00f1os como misionero en Per\u00fa, cuando las inundaciones de 2017 destruyeron barrios enteros.&nbsp;\u00abAprend\u00ed que reconstruir no significa simplemente reemplazar lo que ha sido destruido.&nbsp;<strong>Significa reparar los lazos, restablecer la confianza y despertar la esperanza en el futuro.&nbsp;<\/strong>Adem\u00e1s, nadie reconstruye solo\u00bb, apunt\u00f3.&nbsp;<\/p>\n\n\n\n<p class=\"wp-block-paragraph\">En ese sentido, traslad\u00f3 la idea a la IA al se\u00f1alar que es necesario desarmarla, pero no es suficiente. El paso posterior, para el Papa es unirse para la reconstrucci\u00f3n:&nbsp;\u00abSolo juntos, quienes dise\u00f1an los sistemas y quienes sufren sus consecuencias, los pa\u00edses m\u00e1s ricos y los m\u00e1s pobres, las instituciones y los individuos, los centros de poder y las periferias,&nbsp;<strong>seremos capaces de construir un futuro, no para unos pocos privilegiados, sino para toda la familia humana\u00bb.<\/strong><\/p>\n\n\n\n<ul class=\"wp-block-list\">\n<li><a href=\"https:\/\/www.eldestapeweb.com\/tag\/papa-leon-xiv\">Papa Le\u00f3n XIV<\/a><\/li>\n\n\n\n<li><a href=\"https:\/\/www.eldestapeweb.com\/tag\/inteligencia-artificial\">Inteligencia artificial<\/a><\/li>\n\n\n\n<li><a href=\"https:\/\/www.eldestapeweb.com\/tag\/vaticano\">Vaticano<\/a><\/li>\n\n\n\n<li><a href=\"https:\/\/www.eldestapeweb.com\/tag\/iglesia-catolica\">Iglesia Cat\u00f3lica<\/a><\/li>\n<\/ul>\n","protected":false},"excerpt":{"rendered":"<p>El sumo pont\u00edfice comparti\u00f3 a mediados de 2026 una reflexi\u00f3n sobre el impacto de la IA en el mundo. El pedido desde la Iglesia Cat\u00f3lica. Fuente: https:\/\/www.eldestapeweb.com\/ 1 de septiembre 2026. En medio del desarrollo de nuevas tecnolog\u00edas y la predominancia de la&nbsp;inteligencia artificial&nbsp;en el mundo,&nbsp;el&nbsp;Papa Le\u00f3n XIV&nbsp;comparti\u00f3 su opini\u00f3n sobre el impacto de la [&hellip;]<\/p>\n","protected":false},"author":3,"featured_media":3560,"comment_status":"closed","ping_status":"closed","sticky":false,"template":"","format":"standard","meta":{"sync_status":"","episode_type":"","audio_file":"","castos_file_data":"","podmotor_file_id":"","cover_image":"","cover_image_id":"","duration":"","filesize":"","filesize_raw":"","date_recorded":"","explicit":"","block":"","footnotes":""},"categories":[19],"tags":[],"class_list":["post-3558","post","type-post","status-publish","format-standard","has-post-thumbnail","hentry","category-internacionales"],"_links":{"self":[{"href":"https:\/\/fmmural91.uno\/2024\/wp-json\/wp\/v2\/posts\/3558","targetHints":{"allow":["GET"]}}],"collection":[{"href":"https:\/\/fmmural91.uno\/2024\/wp-json\/wp\/v2\/posts"}],"about":[{"href":"https:\/\/fmmural91.uno\/2024\/wp-json\/wp\/v2\/types\/post"}],"author":[{"embeddable":true,"href":"https:\/\/fmmural91.uno\/2024\/wp-json\/wp\/v2\/users\/3"}],"replies":[{"embeddable":true,"href":"https:\/\/fmmural91.uno\/2024\/wp-json\/wp\/v2\/comments?post=3558"}],"version-history":[{"count":1,"href":"https:\/\/fmmural91.uno\/2024\/wp-json\/wp\/v2\/posts\/3558\/revisions"}],"predecessor-version":[{"id":3561,"href":"https:\/\/fmmural91.uno\/2024\/wp-json\/wp\/v2\/posts\/3558\/revisions\/3561"}],"wp:featuredmedia":[{"embeddable":true,"href":"https:\/\/fmmural91.uno\/2024\/wp-json\/wp\/v2\/media\/3560"}],"wp:attachment":[{"href":"https:\/\/fmmural91.uno\/2024\/wp-json\/wp\/v2\/media?parent=3558"}],"wp:term":[{"taxonomy":"category","embeddable":true,"href":"https:\/\/fmmural91.uno\/2024\/wp-json\/wp\/v2\/categories?post=3558"},{"taxonomy":"post_tag","embeddable":true,"href":"https:\/\/fmmural91.uno\/2024\/wp-json\/wp\/v2\/tags?post=3558"}],"curies":[{"name":"wp","href":"https:\/\/api.w.org\/{rel}","templated":true}]}}