{"id":3574,"date":"2026-09-02T09:35:29","date_gmt":"2026-09-02T12:35:29","guid":{"rendered":"https:\/\/fmmural91.uno\/2024\/?p=3574"},"modified":"2026-09-02T09:35:30","modified_gmt":"2026-09-02T12:35:30","slug":"una-multitud-en-san-jose-1111-a-cuatro-anos-del-atentado-a-cfk","status":"publish","type":"post","link":"https:\/\/fmmural91.uno\/2024\/una-multitud-en-san-jose-1111-a-cuatro-anos-del-atentado-a-cfk\/","title":{"rendered":"Una multitud en San Jos\u00e9 1111, a cuatro a\u00f1os del atentado a CFK"},"content":{"rendered":"\n<h1 class=\"wp-block-heading\">\u201cSalgamos a abrazar, contener y organizar\u201d<\/h1>\n\n\n\n<p class=\"wp-block-paragraph\">M\u00e1ximo Kirchner hizo un llamado por Cristina candidata y se ley\u00f3 una solicitada contra el lawfare y la proscripci\u00f3n, firmada por distintos espacios pol\u00edticos nacionales. Cristina sali\u00f3 al balc\u00f3n a saludar.<\/p>\n\n\n\n<p class=\"wp-block-paragraph\"><a href=\"https:\/\/www.pagina12.com.ar\/autores\/karina-micheletto\">Por\u00a0Karina Micheletto<\/a>   &#8211;   Fuente: <a href=\"https:\/\/www.pagina12.com.ar\/\">https:\/\/www.pagina12.com.ar\/<\/a>   2 de septiembre, 2026.<\/p>\n\n\n\n<p class=\"wp-block-paragraph\">Te amo. Fuerza. Gracias. Los gritos de la multitud reunida bajo el simb\u00f3lico balc\u00f3n de San Jos\u00e9 1111, y en el simb\u00f3lico 1S, se entremezclaban con las consignas de las banderas m\u00e1s destacadas el martes al atardecer. Cristina libre. Cristina presidenta.&nbsp;<strong>De San Jos\u00e9 a la Rosada<\/strong>. Fue el tono y el foco que eligi\u00f3&nbsp;<strong>M\u00e1ximo Kirchner<\/strong>, \u00fanico orador en un peque\u00f1o escenario circular montado en esta esquina de Constituci\u00f3n: todo un&nbsp;<strong>discurso de campa\u00f1a&nbsp;<\/strong>que repas\u00f3 las causas por las que la expresidenta est\u00e1 hoy all\u00ed presa, pero sobre todo llam\u00f3 a \u201cabrazar, ayudar, contener, organizar\u201d y coloc\u00f3 a Cristina Fern\u00e1ndez de Kirchner como la candidata capaz de derrotar a la derecha gobernante en las pr\u00f3ximas elecciones. El acto culmin\u00f3 con lo que todos y todas all\u00ed reunidos esperaban:&nbsp;<a href=\"https:\/\/www.pagina12.com.ar\/2026\/09\/01\/cristina-kirchner-saludo-a-la-militancia-desde-el-balcon\/\">la expresidenta sali\u00f3 al balc\u00f3n<\/a>&nbsp;y reparti\u00f3 saludos, sonrisas y corazones.<\/p>\n\n\n\n<p class=\"wp-block-paragraph\">Antes, la lectura de la solicitada&nbsp;<a href=\"https:\/\/www.pagina12.com.ar\/2026\/09\/01\/la-democracia-no-admite-la-eliminacion-del-adversario\/\">\u201cLa democracia no admite la eliminaci\u00f3n del adversario\u201d<\/a>, publicada ayer por&nbsp;<strong>P\u00e1gina\/12<\/strong>&nbsp;y firmada por 23 espacios pol\u00edticos nacionales, traz\u00f3 un estado de situaci\u00f3n a cuatro a\u00f1os del intento de asesinato a la expresidenta de la Naci\u00f3n, en este mismo lugar. Una denuncia al Lawfare y una advertencia sobre lo que ocurre cuando se dejan correr los discursos de odio, y c\u00f3mo conducen a este presente.<\/p>\n\n\n\n<p class=\"wp-block-paragraph\"><strong>\u201cNo est\u00e1 proscripta Cristina, estamos proscriptos todos los que la queremos votar.<\/strong>&nbsp;Nos quieren decir qu\u00e9 s\u00ed y qu\u00e9 no\u201d.<strong>&nbsp;\u201cLa Casa Rosada debe volver a ser de las y los argentinos\u201d<\/strong>, fueron algunas de las frases destacadas del discurso de M\u00e1ximo Kirchner, junto a un llamado a \u201cvolver a abrazarnos, a encontrarnos, a mirarnos a la cara y a debatir\u201d. Hubo, decididamente, no solo una denuncia por lo que pas\u00f3 casi a esta misma hora hace exactamente cuatro a\u00f1os, el modo en que da\u00f1\u00f3 a la Rep\u00fablica y c\u00f3mo aquel atentado se entrelaz\u00f3 con la condena a CFK.&nbsp;<strong>Lo que son\u00f3 en el discurso fue la consigna que cantaba una y otra vez la gente aqu\u00ed reunida: \u201cPresidenta, Cristina Presidenta\u201d.<\/strong><\/p>\n\n\n\n<p class=\"wp-block-paragraph\">Hubo una&nbsp;<strong>enumeraci\u00f3n de los logros<\/strong>&nbsp;de los a\u00f1os kirchneristas, en lo general -la recuperaci\u00f3n de YPF, Vaca Muerta, la Ley Nacional de Educaci\u00f3n- pero sobre todo en lo muy particular, concreto y cotidiano: \u201cNuestro pueblo quiere volver a poder comer los domingos en familia, a dise\u00f1ar el cumplea\u00f1os del abuelo o del hijo, las vacaciones o la salida cerquita\u201d.&nbsp;<strong>\u201c\u00a1\u00a1Un asado!!\u201c<\/strong>, grit\u00f3 alguien bien fuerte entre la multitud, visualizando lo preciado entre todo lo que ya no es posible. \u201c\u00bfY qui\u00e9n se est\u00e1 quedando con el salario de los argentinos? Debe volver a mano de quienes corresponde, de los que producen, de los laburantes\u00bb, reclam\u00f3 Kirchner.<\/p>\n\n\n\n<p class=\"wp-block-paragraph\">\u201cA las y los argentinos les mintieron, les dijeron que iba a dolarizar sus ingresos. Y&nbsp;<strong>nosotros no supimos desmontar esa mentira<\/strong>. No es que iban a ganar en d\u00f3lares, lo que dolarizaron fueron las tarifas.&nbsp;<strong>Tenemos que hablar menos de algunos quilombos que tenemos y explicar m\u00e1s<\/strong>&nbsp;a la gente lo que pasa con este tipo de modelos\u201d, advirti\u00f3 el diputado.<\/p>\n\n\n\n<p class=\"wp-block-paragraph\">Fue una de las&nbsp;<strong>pocas alusiones a la interna&nbsp;<\/strong>que el peronismo sigue disputando, en el d\u00eda en que el gobernador Axel Kicillof se pronunci\u00f3 en redes con contundencia por Cristina Kirchner \u201cinjustamente detenida\u201d y por la immpunidad que sigui\u00f3 al intento de magnicidio.<\/p>\n\n\n\n<h2 class=\"wp-block-heading\">Banderas del coraz\u00f3n<\/h2>\n\n\n\n<p class=\"wp-block-paragraph\">Entre los asistentes se vio a Carmen Arias, de Madres de Plaza de Mayo. Tambi\u00e9n a referentes no solo de la C\u00e1mpora y de distintos espacios que firmaron la solicitada. Entre otros Leopoldo Moreau, Juan Grabois, Alicia Kirchner, Guillermo Moreno, Wado de Pedro, Mart\u00edn Sabbatella, M\u00f3nica Macha, Lorena Pokoik, Teresa Garc\u00eda, Paula Penacca, Fernanda Raverta, Mariano Recalde, Horacio Pietragalla, Edgardo Depetri, Luc\u00eda C\u00e1mpora, Vanesa Siley, Mayra Mendoza, Eva Mieri -actual intendenta interina de Quilmes,&nbsp;<a href=\"https:\/\/www.pagina12.com.ar\/842851-eva-mieri-senti-que-yo-era-como-un-trofeo-de-guerra\/\">detenida 13 d\u00edas en un penal de m\u00e1xima seguridad de Ezeiza&nbsp;<\/a>el a\u00f1o pasado, acusada de delitos grav\u00edsimos por participar de un escrache-.<\/p>\n\n\n\n<p class=\"wp-block-paragraph\">Aunque las columnas de la militancia eran las que m\u00e1s se hicieron ver y o\u00edr, era mucha la cantidad de gente \u201csuelta\u201d, de distintas edades, algunas con ni\u00f1os y ni\u00f1as a upa. Esther fue una de las que sigui\u00f3 todo el discurso con l\u00e1grimas en los ojos, abrazada a una bandera argentina tejida al crochet por ella misma, con la foto de Cristina y de Evita en el centro. \u201cLo que pas\u00f3 con Evita y Per\u00f3n, pasa con Cristina, no les perdonan lo que hacen por el pueblo\u201d, le dijo a&nbsp;<strong>P\u00e1gina\/12<\/strong>.<\/p>\n\n\n\n<p class=\"wp-block-paragraph\">A las banderas y remeras de Cristina y de la liturgia peronista se sumaron esta vez las del Indio Solari y de \u201cLas Malvinas son Argentinas\u201d, con la letra del trapo del Mundial devenido s\u00edmbolo. \u201cEso de que son \u2018nuestros h\u00e9roes en este l\u00edo\u2019 es una frase hecha pero es una verdad muy profunda, uno se aferra y necesita estas figuras en estos tiempos de tanta oscuridad\u201d, explica Natal\u00ed Lugo, una chica universitaria que luc\u00eda sobre el sueter la remera con la foto del Indio y Cristina.<\/p>\n\n\n\n<h2 class=\"wp-block-heading\">La crisis no distingue<\/h2>\n\n\n\n<p class=\"wp-block-paragraph\">\u201cLa crisis econ\u00f3mica no mira qu\u00e9 votas y a qu\u00e9 partido est\u00e1s afiliado. Y eso es lo que hay que tener en cuenta. Esto que se vive hoy, esta degradaci\u00f3n constante de la vida de las personas, que hace que muchas familias imploten y se rompan al medio porque no hay un mango, que hace que los pibes y pibas no tengan expectativas en el futuro, que algunos busquen horizonte fuera de nuestra patria, que otros simplemente y tr\u00e1gicamente elijan quitarse la vida antes que vivir\u201d, describi\u00f3 M\u00e1ximo Kirchner en otro tramo de su discurso, en su llamado a la acci\u00f3n.<\/p>\n\n\n\n<p class=\"wp-block-paragraph\">\u201cComo est\u00e1 pasando con miles de pibes en nuestro pa\u00eds, apretados por una crisis econ\u00f3mica, en soledad, porque lamentablemente muchas veces han entregado sus vidas a comunicarse solo digitalmente y a dejar de verse unos a otros. Los argentinos y argentinas tenemos que volver a encontrarnos, abrazarnos y a debatir y a discutir, en todos los lugares que podamos, cu\u00e1l es el pa\u00eds que queremos\u201d, insisti\u00f3.<\/p>\n\n\n\n<h2 class=\"wp-block-heading\">Sin autocompasi\u00f3n<\/h2>\n\n\n\n<p class=\"wp-block-paragraph\">Al repasar el atentado a su madre, lo calific\u00f3 como \u201c<strong>un ataque tan cobarde<\/strong>&nbsp;que quien iba a martillar y disparar el arma estaba&nbsp;<strong>agazapado&nbsp;<\/strong>entre muchos quiz\u00e1s de los que hoy est\u00e1n aqu\u00ed, que iban a esperarla afuera de su departamento para demostrar amor, presencia, lealtad\u201d. \u201cEstaban ah\u00ed para acompa\u00f1ar a quien entend\u00edan le hab\u00eda dado no solo a ellos en t\u00e9rminos individuales y personales, sino a la Argentina, los mejores a\u00f1os de su vida desde la vuelta de la democracia a esa fecha\u201d, record\u00f3.<\/p>\n\n\n\n<p class=\"wp-block-paragraph\">Y volvi\u00f3 sobre su madre en tiempo presente: \u201cEsa compa\u00f1era que&nbsp;<strong>todos los d\u00edas, disciplinadamente, hace gimnasia, lee todo, estudia, se prepara<\/strong>, nos est\u00e1 diciendo que no nos quebremos, que puede haber momentos duros y dif\u00edciles. Pero&nbsp;<strong>Cristina no practica la autocompasi\u00f3n<\/strong>&nbsp;ah\u00ed arriba. Tiene el autoestima alta, se prepara y por eso fue a la ONU para reclamar por sus derechos pol\u00edticos. Por eso llama la atenci\u00f3n que muchos de esos que dicen que Cristina ya fue, no acompa\u00f1en el pedido para que pueda presentarse en elecciones. Si ellos tienen raz\u00f3n y nadie quiere a la compa\u00f1era, \u00bfqu\u00e9 m\u00e1s lindo que arrasarla en una elecci\u00f3n?\u201c, desliz\u00f3.<\/p>\n\n\n\n<p class=\"wp-block-paragraph\">M\u00e1ximo Kirchner agradeci\u00f3 el acompa\u00f1amiento de la gente,&nbsp;<strong>\u201cen nombre m\u00edo, de mi hermana y de mi viejo\u201d,&nbsp;<\/strong>volvi\u00f3 a pedir que \u201cno se quiebren, que no les rompan la autoestima\u201d.<\/p>\n\n\n\n<p class=\"wp-block-paragraph\"><strong>Al final son\u00f3 el Indio y Cristina sali\u00f3 al balc\u00f3n<\/strong>, cargando una gran sonrisa. Salud\u00f3 a la multitud, reparti\u00f3 besos en el aire hacia un lado y al otro, arm\u00f3 corazones con sus manos. Y tambi\u00e9n agradeci\u00f3 y aplaudi\u00f3 a los presentes, en una forma de abrazo que ya forma parte de esta esquina de Constituci\u00f3n.<\/p>\n\n\n\n<h4 class=\"wp-block-heading\">Temas en esta nota:<\/h4>\n\n\n\n<hr class=\"wp-block-separator has-alpha-channel-opacity\"\/>\n\n\n\n<ul class=\"wp-block-list\">\n<li><a href=\"https:\/\/www.pagina12.com.ar\/tags\/cristina-fernandez-de-kirchner\">Cristina Fern\u00e1ndez de Kirchner<\/a><\/li>\n\n\n\n<li><a href=\"https:\/\/www.pagina12.com.ar\/tags\/atentado-a-cristina-kirchner\">Atentado a Cristina Kirchner<\/a><\/li>\n\n\n\n<li><a href=\"https:\/\/www.pagina12.com.ar\/tags\/maximo-kirchner\">M\u00e1ximo Kirchner<\/a><\/li>\n<\/ul>\n","protected":false},"excerpt":{"rendered":"<p>\u201cSalgamos a abrazar, contener y organizar\u201d M\u00e1ximo Kirchner hizo un llamado por Cristina candidata y se ley\u00f3 una solicitada contra el lawfare y la proscripci\u00f3n, firmada por distintos espacios pol\u00edticos nacionales. Cristina sali\u00f3 al balc\u00f3n a saludar. Por\u00a0Karina Micheletto &#8211; Fuente: https:\/\/www.pagina12.com.ar\/ 2 de septiembre, 2026. Te amo. Fuerza. Gracias. Los gritos de la multitud [&hellip;]<\/p>\n","protected":false},"author":3,"featured_media":3575,"comment_status":"closed","ping_status":"closed","sticky":false,"template":"","format":"standard","meta":{"sync_status":"","episode_type":"","audio_file":"","castos_file_data":"","podmotor_file_id":"","cover_image":"","cover_image_id":"","duration":"","filesize":"","filesize_raw":"","date_recorded":"","explicit":"","block":"","footnotes":""},"categories":[18],"tags":[],"class_list":["post-3574","post","type-post","status-publish","format-standard","has-post-thumbnail","hentry","category-nacionales"],"_links":{"self":[{"href":"https:\/\/fmmural91.uno\/2024\/wp-json\/wp\/v2\/posts\/3574","targetHints":{"allow":["GET"]}}],"collection":[{"href":"https:\/\/fmmural91.uno\/2024\/wp-json\/wp\/v2\/posts"}],"about":[{"href":"https:\/\/fmmural91.uno\/2024\/wp-json\/wp\/v2\/types\/post"}],"author":[{"embeddable":true,"href":"https:\/\/fmmural91.uno\/2024\/wp-json\/wp\/v2\/users\/3"}],"replies":[{"embeddable":true,"href":"https:\/\/fmmural91.uno\/2024\/wp-json\/wp\/v2\/comments?post=3574"}],"version-history":[{"count":1,"href":"https:\/\/fmmural91.uno\/2024\/wp-json\/wp\/v2\/posts\/3574\/revisions"}],"predecessor-version":[{"id":3576,"href":"https:\/\/fmmural91.uno\/2024\/wp-json\/wp\/v2\/posts\/3574\/revisions\/3576"}],"wp:featuredmedia":[{"embeddable":true,"href":"https:\/\/fmmural91.uno\/2024\/wp-json\/wp\/v2\/media\/3575"}],"wp:attachment":[{"href":"https:\/\/fmmural91.uno\/2024\/wp-json\/wp\/v2\/media?parent=3574"}],"wp:term":[{"taxonomy":"category","embeddable":true,"href":"https:\/\/fmmural91.uno\/2024\/wp-json\/wp\/v2\/categories?post=3574"},{"taxonomy":"post_tag","embeddable":true,"href":"https:\/\/fmmural91.uno\/2024\/wp-json\/wp\/v2\/tags?post=3574"}],"curies":[{"name":"wp","href":"https:\/\/api.w.org\/{rel}","templated":true}]}}