{"id":3580,"date":"2026-09-02T09:46:34","date_gmt":"2026-09-02T12:46:34","guid":{"rendered":"https:\/\/fmmural91.uno\/2024\/?p=3580"},"modified":"2026-09-02T09:46:36","modified_gmt":"2026-09-02T12:46:36","slug":"habra-paro-ante-una-nueva-provocacion-oficial","status":"publish","type":"post","link":"https:\/\/fmmural91.uno\/2024\/habra-paro-ante-una-nueva-provocacion-oficial\/","title":{"rendered":"Habr\u00e1 paro ante una nueva provocaci\u00f3n oficial"},"content":{"rendered":"\n<h1 class=\"wp-block-heading\">El Gobierno vuelve a tensar la cuerda con las universidades<\/h1>\n\n\n\n<p class=\"wp-block-paragraph\">El juez Mart\u00edn Cormick rechaz\u00f3 un pedido del Poder Ejecutivo de levantar la medida cautelar que ordena cumplir con el financiamiento universitario. Por el contrario, el magistrado le dio tres d\u00edas al Ministerio de Capital Humano para que explique qu\u00e9 hizo para obeder la orden judicial.<\/p>\n\n\n\n<p class=\"wp-block-paragraph\">Por\u00a0Luciana Bertoia   &#8211;   Fuente: <a href=\"https:\/\/www.pagina12.com.ar\/\">https:\/\/www.pagina12.com.ar\/<\/a>   2 de septiembre, 2026.<\/p>\n\n\n\n<p class=\"wp-block-paragraph\">Las universidades iniciar\u00e1n una nueva jornada de 24 horas de paro ante una nueva provocaci\u00f3n del Gobierno de Javier Milei, que se niega a cumplir con la Ley de Financiamiento de la Educaci\u00f3n Universitaria (LFEU). La administraci\u00f3n libertaria convoc\u00f3 a los gremios y al Consejo Interuniversitario Nacional (CIN) a una reuni\u00f3n a la que llev\u00f3 una propuesta irrisoria: un aumento del 3 por ciento para los salarios de septiembre. El encuentro tuvo lugar horas despu\u00e9s de que el juez federal Mart\u00edn Cormick rechazara un pedido del Poder Ejecutivo de levantar la medida cautelar que ordena pagar lo adeudado en salarios, becas y funcionamiento de las casas de altos estudios. El juez, por el contrario, intim\u00f3 al Ministerio de Capital Humano a informar en un plazo de tres d\u00edas qu\u00e9 cumplimiento hab\u00eda dado a lo dispuesto en diciembre pasado antes de ejecutar la cautelar.<\/p>\n\n\n\n<p class=\"wp-block-paragraph\">Minutos antes de la medianoche del lunes, Cormick rechaz\u00f3 un pedido que hab\u00eda hecho el Gobierno para levantar la cautelar que el magistrado hab\u00eda concedido a pedido de las universidades. La decisi\u00f3n fue inicialmente confirmada por la Sala III de la C\u00e1mara en lo Contencioso Administrativo Federal y el 25 de junio pasado ratificada por la Corte Suprema.<\/p>\n\n\n\n<p class=\"wp-block-paragraph\">El m\u00e1ximo tribunal, fiel a su estilo, hab\u00eda dilatado las definiciones sobre la medida cautelar que obliga a cumplir con la LFEU. Finalmente, decidi\u00f3 firmar el fallo dos semanas despu\u00e9s de una reuni\u00f3n en la que hubo un principio de acercamiento entre los gremios, las universidades y la administraci\u00f3n libertaria.<\/p>\n\n\n\n<p class=\"wp-block-paragraph\">El 10 de junio pasado, el Ministerio de Capital Humano, que maneja Sandra Pettovello, le inform\u00f3 a Cormick que se hab\u00eda llegado a un acuerdo entre el CIN, la Subsecretar\u00eda de Pol\u00edticas Universitarias y los gremios. En las actas, se afirmaba que el Gobierno iba a transferir 24,33 por ciento a las universidades para el pago de salarios \u201321 por ciento en junio y un tres por ciento adicional en octubre\u2013, iba a actualizar en un 20 por ciento los gastos de funcionamiento y que iba a incrementar la partida para los hospitales universitarios.<\/p>\n\n\n\n<p class=\"wp-block-paragraph\">Despu\u00e9s de que el Gobierno presentara el acta como para desinflar el reclamo ante los tribunales, el CIN contest\u00f3 que la suscripci\u00f3n de ese documento no implicaba renunciar a la posici\u00f3n que manten\u00eda y dijo que era una \u201cgota en medio del oc\u00e9ano de los incumplimientos del Poder Ejecutivo\u201d.<\/p>\n\n\n\n<p class=\"wp-block-paragraph\">El 21 de agosto pasado, hubo una audiencia en la que el Poder Ejecutivo volvi\u00f3 a pedir que Cormick levantara la cautelar. El argumento que invoca el Gobierno es que, como hab\u00eda hecho transferencias parciales en favor de las universidades, hab\u00eda desaparecido el requisito del peligro en la demora.<\/p>\n\n\n\n<p class=\"wp-block-paragraph\">La posici\u00f3n del Gobierno no convenci\u00f3 al juez, que rechaz\u00f3 la pretensi\u00f3n de la administraci\u00f3n libertaria. Cormick le record\u00f3 al Ministerio de Capital Humano que ya hab\u00eda establecido que la cautelar iba a regir hasta en tanto dicte una sentencia definitiva. Lo que piden las universidades es que se declare la inconstitucionalidad del decreto 759\/2025 del Gobierno de Milei, a trav\u00e9s del cual suspendi\u00f3 materialmente el cumplimiento de la LFEU.<\/p>\n\n\n\n<p class=\"wp-block-paragraph\">Cormick dej\u00f3 en claro que, a su entender, el incumplimiento persist\u00eda. \u201cSe vislumbra que el Estado nacional no ha logrado demostrar el impacto positivo sobreviniente que refiere habr\u00edan alcanzado los acuerdos en relaci\u00f3n a los perjuicios graves de imposible reparaci\u00f3n ulterior, ni que hubiere brindado una definici\u00f3n efectiva y final en lo atinente al deterioro de los ingresos, la disminuci\u00f3n del poder adquisitivo y la p\u00e9rdida salarial del colectivo afectado\u201d, escribi\u00f3.<\/p>\n\n\n\n<p class=\"wp-block-paragraph\">\u201cAtendiendo al escenario descripto por los accionantes y la persistencia de la problem\u00e1tica, mal puede considerarse superado el peligro en la demora, por lo que corresponde desestimar lo peticionado atento no existir razones que avalen \u2013en este estado de situaci\u00f3n\u2013 el levantamiento de la medida otorgada\u201d, a\u00f1adi\u00f3 el juez.<\/p>\n\n\n\n<p class=\"wp-block-paragraph\">En otras palabras, para el juzgado estaba claro que el Gobierno busca dilatar para seguir desfinanciando a las universidades. En otro fallo, Cormick tambi\u00e9n reconoci\u00f3 un reclamo que hab\u00eda hecho la Universidad de Buenos Aires (UBA) y, en l\u00ednea con lo que hab\u00eda sostenido en el expediente que impulsa el CIN, concedi\u00f3 una medida cautelar.<\/p>\n\n\n\n<p class=\"wp-block-paragraph\">\u201cLa resoluci\u00f3n del juez es un paso muy importante que valoramos en el marco de la causa y que pone otra vez en evidencia que el Estado Nacional debe cumplir la cautelar sin m\u00e1s dilaciones, sin m\u00e1s excusas. Por lo dem\u00e1s, esperamos ahora una r\u00e1pida resoluci\u00f3n sobre la cuesti\u00f3n de fondo que a\u00fan est\u00e1 pendiente\u201d, le dijo a&nbsp;<strong>P\u00e1gina\/12&nbsp;<\/strong>Franco Bartolacci, rector de la Universidad Nacional de Rosario (UNR) y presidente del CIN.<\/p>\n\n\n\n<p class=\"wp-block-paragraph\">En el plazo de tres d\u00edas, el Gobierno le tiene que informar a Cormick qu\u00e9 hizo para cumplir con la cautelar que \u00e9l dict\u00f3 a finales del a\u00f1o pasado. A partir de este informe, el juez decidir\u00e1 c\u00f3mo continuar\u00e1 con la ejecuci\u00f3n de la cautelar.<\/p>\n\n\n\n<h2 class=\"wp-block-heading\">Una provocaci\u00f3n<\/h2>\n\n\n\n<p class=\"wp-block-paragraph\">En ese acta que el Gobierno invocaba ante Cormick como prueba irrefutable de su compromiso con el financiamiento de las universidades, hab\u00eda quedado plasmado que el Ejecutivo deb\u00eda convocar a una nueva reuni\u00f3n en el plazo de tres meses. La fecha l\u00edmite para la convocatoria era el 15 de septiembre. Uno de los puntos que hab\u00eda quedado establecido es que en el nuevo encuentro deber\u00eda discutirse el \u201cdesfasaje\u201d que se hab\u00eda producido en 2024.<\/p>\n\n\n\n<p class=\"wp-block-paragraph\">El encuentro se realiz\u00f3 este martes y fue un fracaso estrepitoso. La propuesta oficial fue un 3 por ciento de aumento para septiembre. Desde el Ministerio de Capital Humano, presentaron el ofrecimiento como de un 6 por ciento \u20133 por ciento para el mes pr\u00f3ximo y otro 3 por ciento para octubre\u2013. Sin embargo, el incremento de octubre ya estaba acordado desde la reuni\u00f3n de junio.<\/p>\n\n\n\n<p class=\"wp-block-paragraph\">Desde el frente universitario, contestaron que la oferta estaba lejos del 31,2 por ciento que se estaba reclamando. A ese porcentaje, los gremios sostienen que debe computarse la inflaci\u00f3n que se registr\u00f3 en junio, julio y agosto.<\/p>\n\n\n\n<p class=\"wp-block-paragraph\">\u201cEl escenario, ante el incumplimiento de la ley por parte del Gobierno, es muy complejo\u201d, contin\u00faa Bartolacci. \u201cEn pocas semanas m\u00e1s estaremos discutiendo en el Congreso el presupuesto 2027. La situaci\u00f3n que atraviesa el sistema universitario es muy delicada. Este viernes tenemos plenario del CIN en la Universidad Nacional de R\u00edo Negro. All\u00ed evaluaremos, con las autoridades de todas las universidades p\u00fablicas en la reuni\u00f3n del CIN y con todas las representaciones gremiales en un encuentro ya previsto, los pasos a seguir\u201d.<\/p>\n","protected":false},"excerpt":{"rendered":"<p>El Gobierno vuelve a tensar la cuerda con las universidades El juez Mart\u00edn Cormick rechaz\u00f3 un pedido del Poder Ejecutivo de levantar la medida cautelar que ordena cumplir con el financiamiento universitario. Por el contrario, el magistrado le dio tres d\u00edas al Ministerio de Capital Humano para que explique qu\u00e9 hizo para obeder la orden [&hellip;]<\/p>\n","protected":false},"author":3,"featured_media":3581,"comment_status":"closed","ping_status":"closed","sticky":false,"template":"","format":"standard","meta":{"sync_status":"","episode_type":"","audio_file":"","castos_file_data":"","podmotor_file_id":"","cover_image":"","cover_image_id":"","duration":"","filesize":"","filesize_raw":"","date_recorded":"","explicit":"","block":"","footnotes":""},"categories":[18],"tags":[],"class_list":["post-3580","post","type-post","status-publish","format-standard","has-post-thumbnail","hentry","category-nacionales"],"_links":{"self":[{"href":"https:\/\/fmmural91.uno\/2024\/wp-json\/wp\/v2\/posts\/3580","targetHints":{"allow":["GET"]}}],"collection":[{"href":"https:\/\/fmmural91.uno\/2024\/wp-json\/wp\/v2\/posts"}],"about":[{"href":"https:\/\/fmmural91.uno\/2024\/wp-json\/wp\/v2\/types\/post"}],"author":[{"embeddable":true,"href":"https:\/\/fmmural91.uno\/2024\/wp-json\/wp\/v2\/users\/3"}],"replies":[{"embeddable":true,"href":"https:\/\/fmmural91.uno\/2024\/wp-json\/wp\/v2\/comments?post=3580"}],"version-history":[{"count":1,"href":"https:\/\/fmmural91.uno\/2024\/wp-json\/wp\/v2\/posts\/3580\/revisions"}],"predecessor-version":[{"id":3582,"href":"https:\/\/fmmural91.uno\/2024\/wp-json\/wp\/v2\/posts\/3580\/revisions\/3582"}],"wp:featuredmedia":[{"embeddable":true,"href":"https:\/\/fmmural91.uno\/2024\/wp-json\/wp\/v2\/media\/3581"}],"wp:attachment":[{"href":"https:\/\/fmmural91.uno\/2024\/wp-json\/wp\/v2\/media?parent=3580"}],"wp:term":[{"taxonomy":"category","embeddable":true,"href":"https:\/\/fmmural91.uno\/2024\/wp-json\/wp\/v2\/categories?post=3580"},{"taxonomy":"post_tag","embeddable":true,"href":"https:\/\/fmmural91.uno\/2024\/wp-json\/wp\/v2\/tags?post=3580"}],"curies":[{"name":"wp","href":"https:\/\/api.w.org\/{rel}","templated":true}]}}