{"id":3583,"date":"2026-09-02T09:55:27","date_gmt":"2026-09-02T12:55:27","guid":{"rendered":"https:\/\/fmmural91.uno\/2024\/?p=3583"},"modified":"2026-09-02T09:55:28","modified_gmt":"2026-09-02T12:55:28","slug":"el-gobierno-moldea-comodoro-py","status":"publish","type":"post","link":"https:\/\/fmmural91.uno\/2024\/el-gobierno-moldea-comodoro-py\/","title":{"rendered":"El Gobierno moldea Comodoro Py"},"content":{"rendered":"\n<h1 class=\"wp-block-heading\">Milei nombr\u00f3 a Bertuzzi y Yadarola en la C\u00e1mara Federal porte\u00f1a<\/h1>\n\n\n\n<p class=\"wp-block-paragraph\">Est\u00e1 previsto que juren el jueves al mediod\u00eda y, de esa forma, se incorporen formalmente al tribunal que revisa las causas en tr\u00e1mite &#8211;como $LIBRA o ANDIS&#8211;. La llegada de Yadarola acarrea la salida de Leopoldo Bruglia.<\/p>\n\n\n\n<p class=\"wp-block-paragraph\"><a href=\"https:\/\/www.pagina12.com.ar\/autores\/luciana-bertoia\">Por\u00a0Luciana Bertoia<\/a>    &#8211;    Fuente: <a href=\"https:\/\/www.pagina12.com.ar\/\">https:\/\/www.pagina12.com.ar\/<\/a>   2 de septiembre, 2026.<\/p>\n\n\n\n<p class=\"wp-block-paragraph\">Javier Milei&nbsp;<strong>nombr\u00f3 a sus primeros dos jueces en Comodoro Py<\/strong>, y nada menos que para la estrat\u00e9gica&nbsp;<strong>C\u00e1mara Federal porte\u00f1a<\/strong>.&nbsp;<strong>Pablo Bertuzzi<\/strong>&nbsp;asegur\u00f3, de esta forma, su continuidad en el tribunal que revisa las causas en tr\u00e1mite en los tribunales penales de Retiro.&nbsp;<strong>Pablo Yadarola&nbsp;<\/strong>se incorporar\u00e1 tambi\u00e9n a la Sala I \u2013que entiende en el expediente $LIBRA, que compromete al Presidente\u2013 tras la&nbsp;<strong>jura que est\u00e1 prevista para el jueves.<\/strong><\/p>\n\n\n\n<p class=\"wp-block-paragraph\">A trav\u00e9s de los decretos 847 y 848, Milei design\u00f3 a Yadarola y Bertuzzi ante la C\u00e1mara Federal porte\u00f1a despu\u00e9s de que el Senado diera su acuerdo el jueves pasado. En el caso de Yadarola fue por unanimidad. En el caso de Bertuzzi, recogi\u00f3 44 a favor y 23 en contra. Esos votos negativos provinieron del&nbsp;<strong>peronismo, que le enrostra a Bertuzzi haber sido parte de la persecuci\u00f3n contra Cristina Fern\u00e1ndez de Kirchner y del blindaje a Mauricio Macri.<\/strong><\/p>\n\n\n\n<p class=\"wp-block-paragraph\">Bertuzzi est\u00e1 en la C\u00e1mara Federal desde septiembre de 2018. Fue trasladado hacia esa instancia por decisi\u00f3n de Mauricio Macri. Un mes antes, Bertuzzi hab\u00eda firmado la condena e inhabilitaci\u00f3n perpetua del exvicepresidente Amado Boudou en el caso Ciccone Calcogr\u00e1fica. Por entonces, Bertuzzi ocupaba el Tribunal Oral Federal (TOF) 4, al que tambi\u00e9n hab\u00eda llegado tras un traslado.<\/p>\n\n\n\n<p class=\"wp-block-paragraph\">En 2008, Bertuzzi hab\u00eda sido designado juez del TOF 1 de La Plata, que ven\u00eda de condenar a los represores Miguel Osvaldo Etchecolatz y Christian von Wernich. Su paso por la jurisdicci\u00f3n fue breve y traum\u00e1tico: no tard\u00f3 en enemistarse con su colega Carlos Rozanski. De hecho, pidi\u00f3 que el Consejo de la Magistratura hiciera una auditor\u00eda con la que pretend\u00eda demostrar que el otro juez solo priorizaba las causas por cr\u00edmenes contra la humanidad.<\/p>\n\n\n\n<p class=\"wp-block-paragraph\">Tras gestiones de hombres de la Corte y del Consejo, Bertuzzi volvi\u00f3 a Comodoro Py \u2013donde hab\u00eda hecho la mayor parte de su carrera\u2013. Lo cobij\u00f3 Leopoldo Bruglia en el TOF 4. En el gobierno de Cambiemos, Bruglia tambi\u00e9n le abri\u00f3 la puerta de la C\u00e1mara Federal.<\/p>\n\n\n\n<p class=\"wp-block-paragraph\"><strong>Los caminos de Bruglia y Bertuzzi empezaron a bifurcarse despu\u00e9s del fallo de la Corte Suprema de noviembre de 2020<\/strong>&nbsp;en el que los supremos sostuvieron que los traslados no eran permanentes y que el \u00fanico modo de acceder al cargo era a trav\u00e9s de un concurso.<\/p>\n\n\n\n<p class=\"wp-block-paragraph\">Bertuzzi se anot\u00f3 para el concurso 461. En febrero de 2021, en plena pandemia, se present\u00f3 en Tecn\u00f3polis para rendir el examen. Bruglia, por el contrario, llev\u00f3 su reclamo a instancias internacionales: ante la Comisi\u00f3n Interamericana de Derechos Humanos (CIDH) denunci\u00f3 que estaba recibiendo un trato discriminatorio.<\/p>\n\n\n\n<p class=\"wp-block-paragraph\">El concurso se enfri\u00f3 durante m\u00e1s de cinco a\u00f1os.&nbsp;<strong>Inicialmente, el Gobierno de Javier Milei ten\u00eda previsto conservar a Bruglia y a Bertuzzi en la C\u00e1mara Federal.&nbsp;<\/strong>Para eso, impulsaba la firma de un acuerdo de soluci\u00f3n amistosa ante la CIDH. Esa estrategia se empez\u00f3 a romper en diciembre del a\u00f1o pasado. En Comodoro Py, le atribuyen responsabilidad a Santiago Viola, que, por entonces, solo fung\u00eda como asesor de Karina Milei.<\/p>\n\n\n\n<p class=\"wp-block-paragraph\">En marzo de este a\u00f1o, Juan Bautista Mahiques reemplaz\u00f3 a Mariano C\u00faneo Libarona en el Ministerio de Justicia. Viola pas\u00f3 a ocupar la Secretar\u00eda de Justicia y a representar al Poder Ejecutivo en el Consejo de la Magistratura, desde donde movi\u00f3 los hilos para reactivar el concurso 461.<\/p>\n\n\n\n<p class=\"wp-block-paragraph\">En junio, el Consejo aprob\u00f3 las dos ternas. En una estaba Yadarola y en la otra, Bertuzzi. Ninguno de los dos hab\u00eda quedado en los primeros lugares; para que fueran postulados debi\u00f3 mediar la mano invisible del Consejo de la Magistratura.<\/p>\n\n\n\n<p class=\"wp-block-paragraph\">Yadarola se desempe\u00f1a desde 2015 como juez en lo penal econ\u00f3mico. Inici\u00f3 su carrera como auxiliar en la justicia ordinaria. Despu\u00e9s pas\u00f3 un tiempo en la jurisdicci\u00f3n de Quilmes. Su llegada a Comodoro Py se dio de la mano de Sergio Torres, quien no solo promovi\u00f3 su nombramiento como secretario federal sino que le encomend\u00f3 una causa de mucha sensibilidad: la investigaci\u00f3n sobre los cr\u00edmenes cometidos en el campo de concentraci\u00f3n de la Escuela de Mec\u00e1nica de la Armada (ESMA).<\/p>\n\n\n\n<p class=\"wp-block-paragraph\">En 2022, Yadarola qued\u00f3 salpicado con un esc\u00e1ndalo: su viaje junto con otros jueces, funcionarios macristas, un exintegrante de la Secretar\u00eda de Inteligencia (SI) y empresarios de medios a Lago Escondido. Este episodio explica por qu\u00e9 el senador Mart\u00edn Soria se levant\u00f3 el jueves cuando iban a votarse los pliegos de Yadarola y otros 65 postulantes: no iba a prestarle acuerdo a quien hab\u00eda denunciado penalmente.<\/p>\n\n\n\n<p class=\"wp-block-paragraph\">La llegada de Yadarola a la C\u00e1mara Federal implica la salida de Bruglia, quien deber\u00e1 reincorporarse al TOF 4 en los pr\u00f3ximos d\u00edas. Mantendr\u00e1 el reclamo ante la CIDH.<\/p>\n\n\n\n<p class=\"wp-block-paragraph\">Estos movimientos tambi\u00e9n llevar\u00e1n a que Eduardo Farah pase a ocupar la presidencia de la C\u00e1mara Federal. Ser\u00e1 \u00e9l quien el jueves al mediod\u00eda les tomar\u00e1 juramento a Bertuzzi y Yadarola, explicaron fuentes de la C\u00e1mara a&nbsp;<strong>P\u00e1gina\/12<\/strong>. Ser\u00e1 en el Sal\u00f3n Auditorio del subsuelo de los tribunales de Comodoro Py, donde se sustancian las audiencias de los juicios con mayor n\u00famero de partes.<\/p>\n\n\n\n<p class=\"wp-block-paragraph\">Para el Gobierno, la prioridad era la reconfiguraci\u00f3n de la C\u00e1mara Federal porque este es el tribunal que puede frenar investigaciones que complican a los moradores de la Casa Rosada o de los principales ministerios.<\/p>\n\n\n\n<p class=\"wp-block-paragraph\">Despu\u00e9s del jueves, la C\u00e1mara Federal tendr\u00e1 una nueva composici\u00f3n y una nueva din\u00e1mica. En la Sala I estar\u00e1n Bertuzzi, Yadarola y Mariano Llorens. En la Sala II, Farah y Roberto Boico. El tercer integrante de la Sala II, Mart\u00edn Irurzun, est\u00e1 en un limbo porque cumpli\u00f3 75 a\u00f1os y no consigui\u00f3 el acuerdo del Senado para permanecer en el cargo. Irurzun judicializ\u00f3 la cuesti\u00f3n, pero la Corte lleva casi un mes sin mover su expediente.<\/p>\n\n\n\n<p class=\"wp-block-paragraph\">Irurzun supo ser durante la \u00faltima d\u00e9cada el hombre fuerte de la C\u00e1mara Federal. Lleg\u00f3 al cargo en 1994, pero su momento de mayor exposici\u00f3n fue durante la era Cambiemos: manej\u00f3 la oficina de escuchas \u2013desde donde se filtraban comunicaciones de CFK hacia los medios\u2013 y le dio nombre a una doctrina que permiti\u00f3 encarcelar preventivamente a exfuncionarios kirchneristas. Sin Irurzun, el m\u00e1s antiguo en el tribunal es Farah, que se incorpor\u00f3 en 2008. Llorens y Bertuzzi llegaron durante el macrismo y Boico, durante la gesti\u00f3n del Frente de Todos.<\/p>\n\n\n\n<p class=\"wp-block-paragraph\">El Ministerio de Justicia tiene en carpeta otros pliegos para Comodoro Py y un proyecto para reducir el n\u00famero de juzgados de primera instancia y de integrantes de la C\u00e1mara Federal de Casaci\u00f3n Penal. Sin embargo, explican que&nbsp;<strong>nada se va a activar por el momento.<\/strong><\/p>\n\n\n\n<p class=\"wp-block-paragraph\">Con su tendencia hiperb\u00f3lica habitual, Milei se jact\u00f3 de haber sido el presidente que m\u00e1s jueces, fiscales y defensores design\u00f3 en un a\u00f1o. En los \u00faltimos tres meses, el Senado prest\u00f3 acuerdo para la designaci\u00f3n de 167 magistrados.<\/p>\n","protected":false},"excerpt":{"rendered":"<p>Milei nombr\u00f3 a Bertuzzi y Yadarola en la C\u00e1mara Federal porte\u00f1a Est\u00e1 previsto que juren el jueves al mediod\u00eda y, de esa forma, se incorporen formalmente al tribunal que revisa las causas en tr\u00e1mite &#8211;como $LIBRA o ANDIS&#8211;. La llegada de Yadarola acarrea la salida de Leopoldo Bruglia. Por\u00a0Luciana Bertoia &#8211; Fuente: https:\/\/www.pagina12.com.ar\/ 2 de [&hellip;]<\/p>\n","protected":false},"author":3,"featured_media":3584,"comment_status":"closed","ping_status":"closed","sticky":false,"template":"","format":"standard","meta":{"sync_status":"","episode_type":"","audio_file":"","castos_file_data":"","podmotor_file_id":"","cover_image":"","cover_image_id":"","duration":"","filesize":"","filesize_raw":"","date_recorded":"","explicit":"","block":"","footnotes":""},"categories":[18],"tags":[],"class_list":["post-3583","post","type-post","status-publish","format-standard","has-post-thumbnail","hentry","category-nacionales"],"_links":{"self":[{"href":"https:\/\/fmmural91.uno\/2024\/wp-json\/wp\/v2\/posts\/3583","targetHints":{"allow":["GET"]}}],"collection":[{"href":"https:\/\/fmmural91.uno\/2024\/wp-json\/wp\/v2\/posts"}],"about":[{"href":"https:\/\/fmmural91.uno\/2024\/wp-json\/wp\/v2\/types\/post"}],"author":[{"embeddable":true,"href":"https:\/\/fmmural91.uno\/2024\/wp-json\/wp\/v2\/users\/3"}],"replies":[{"embeddable":true,"href":"https:\/\/fmmural91.uno\/2024\/wp-json\/wp\/v2\/comments?post=3583"}],"version-history":[{"count":1,"href":"https:\/\/fmmural91.uno\/2024\/wp-json\/wp\/v2\/posts\/3583\/revisions"}],"predecessor-version":[{"id":3585,"href":"https:\/\/fmmural91.uno\/2024\/wp-json\/wp\/v2\/posts\/3583\/revisions\/3585"}],"wp:featuredmedia":[{"embeddable":true,"href":"https:\/\/fmmural91.uno\/2024\/wp-json\/wp\/v2\/media\/3584"}],"wp:attachment":[{"href":"https:\/\/fmmural91.uno\/2024\/wp-json\/wp\/v2\/media?parent=3583"}],"wp:term":[{"taxonomy":"category","embeddable":true,"href":"https:\/\/fmmural91.uno\/2024\/wp-json\/wp\/v2\/categories?post=3583"},{"taxonomy":"post_tag","embeddable":true,"href":"https:\/\/fmmural91.uno\/2024\/wp-json\/wp\/v2\/tags?post=3583"}],"curies":[{"name":"wp","href":"https:\/\/api.w.org\/{rel}","templated":true}]}}