{"id":3586,"date":"2026-09-02T10:16:15","date_gmt":"2026-09-02T13:16:15","guid":{"rendered":"https:\/\/fmmural91.uno\/2024\/?p=3586"},"modified":"2026-09-02T10:16:16","modified_gmt":"2026-09-02T13:16:16","slug":"nombraron-un-asteroide-con-el-apellido-de-una-astronoma-bonaerense-egresada-de-la-unlp","status":"publish","type":"post","link":"https:\/\/fmmural91.uno\/2024\/nombraron-un-asteroide-con-el-apellido-de-una-astronoma-bonaerense-egresada-de-la-unlp\/","title":{"rendered":"Nombraron un asteroide con el apellido de una astr\u00f3noma bonaerense egresada de la UNLP"},"content":{"rendered":"\n<p class=\"wp-block-paragraph\">Sociedad<\/p>\n\n\n\n<p class=\"wp-block-paragraph\"><\/p>\n\n\n\n<p class=\"has-medium-font-size wp-block-paragraph\">A la cient\u00edfica Irina San Sebasti\u00e1n la homenajea un meteorito.<\/p>\n\n\n\n<p class=\"wp-block-paragraph\">Por\u00a0Omar Alfonzo   &#8211;   Fuente: <a href=\"https:\/\/www.pagina12.com.ar\/\">https:\/\/www.pagina12.com.ar\/<\/a>   2 de septiembre, 2026.<\/p>\n\n\n\n<p class=\"wp-block-paragraph\">Ni en sus mejores sue\u00f1os<strong>&nbsp;Irina San Sebasti\u00e1n<\/strong>&nbsp;imagin\u00f3 que alg\u00fan d\u00eda su apellido compuesto pod\u00eda ser el nuevo nombre de un asteroide que hoy gira alrededor del sol, a\u00fan siendo Doctora en Astronom\u00eda de la Facultad de Ciencias Astron\u00f3micas y Geof\u00edsicas de la Universidad Nacional de La Plata (UNLP). Pero como advierte el dicho popular, est\u00e1n para cumplirse.<\/p>\n\n\n\n<p class=\"wp-block-paragraph\">Hace unos d\u00edas, la&nbsp;<strong>Uni\u00f3n Astron\u00f3mica Internacional (IAU)&nbsp;<\/strong>nombr\u00f3 oficialmente al asteroide 2000 RG62 descubierto en el a\u00f1o a principios de este siglo por el programa LINEAR como&nbsp;<strong>\u201cSan Sebasti\u00e1n\u201d<\/strong>, en honor a la astr\u00f3noma. \u201cSent\u00ed much\u00edsima emoci\u00f3n. Cuando me enter\u00e9 estaba sola en mi casa e indefectiblemente me largu\u00e9 a llorar de la alegr\u00eda. Nunca imagin\u00e9 que esto me fuera a pasar, ni hab\u00eda so\u00f1ado con este momento\u201d, dice la astr\u00f3noma.<\/p>\n\n\n\n<p class=\"wp-block-paragraph\">Irina naci\u00f3 en Bah\u00eda Blanca y, como tantos otros, recal\u00f3 en La Plata en 2007 para estudiar. Desde all\u00ed, todo fue en ascenso: Licenciatura en Astronom\u00eda en 2015 y Doctorado en 2020. Luego, trabaj\u00f3 como becaria doctoral y postdoctoral de Conicet, y en el Instituto de Astrof\u00edsica de La Plata.<\/p>\n\n\n\n<figure class=\"wp-block-image size-full\"><a href=\"https:\/\/fmmural91.uno\/2024\/wp-content\/uploads\/2026\/09\/Captura-de-pantalla-2026-09-02-100730.png\"><img fetchpriority=\"high\" decoding=\"async\" width=\"717\" height=\"656\" src=\"https:\/\/fmmural91.uno\/2024\/wp-content\/uploads\/2026\/09\/Captura-de-pantalla-2026-09-02-100730.png\" alt=\"\" class=\"wp-image-3587\" srcset=\"https:\/\/fmmural91.uno\/2024\/wp-content\/uploads\/2026\/09\/Captura-de-pantalla-2026-09-02-100730.png 717w, https:\/\/fmmural91.uno\/2024\/wp-content\/uploads\/2026\/09\/Captura-de-pantalla-2026-09-02-100730-559x511.png 559w\" sizes=\"(max-width: 717px) 100vw, 717px\" \/><\/a><\/figure>\n\n\n\n<p class=\"wp-block-paragraph\">Hoy vive en Mil\u00e1n, Italia, donde trabaja en el Politecnico di Milano formando parte de un grupo llamado TRACES dentro del DART lab. \u201cMe dedico a las Ciencias Planetarias. Antes trabajaba en formaci\u00f3n planetaria y c\u00f3mo los eventos colisionales afectan este proceso\u201d, dice Irina y a\u00f1ade: \u201cHoy estudio los asteroides tipo \u2018rubble-pile\u2019, que son objetos formados por un conjunto de fragmentos de roca unidos principalmente por su propia gravedad\u201d.<\/p>\n\n\n\n<p class=\"wp-block-paragraph\">Su trabajo e investigaci\u00f3n es fundamental para la defensa planetaria porque se desarrollan estrategias destinadas a prevenir o mitigar el impacto de asteroides potencialmente peligrosos contra la Tierra. \u201cConocer su estructura y comportamiento nos permite evaluar con mayor precisi\u00f3n su respuesta ante posibles t\u00e9cnicas de desviaci\u00f3n\u201d, dice. En este escenario, Irina desarrolla experimentos en microgravedad para estudiar el comportamiento de dichos objetos y sus propiedades.<\/p>\n\n\n\n<p class=\"wp-block-paragraph\">No obstante, su trabajo se paraliz\u00f3 con el nombramiento. Por lo menos, su atenci\u00f3n. \u201cEs un honor enorme que haya un asteroide con mi apellido orbitando junto a otros cuyos nombres son de colegas que admiro; junto con Anadiego\u201d. \u201cTiene un valor especial para m\u00ed que la persona que propuso mi nombre por mi trayectoria cient\u00edfica sea un colega sudamericano que me conoce desde mis primeros pasos en la investigaci\u00f3n cient\u00edfica\u201d, dice sobre el investigador uruguayo, Gonzalo Tancredi.<\/p>\n\n\n\n<h3 class=\"wp-block-heading\">Antecedentes<\/h3>\n\n\n\n<p class=\"wp-block-paragraph\">No es la primera vez que el nombre de un argentino graduado en la UNLP orbita en el espacio.&nbsp;<strong>Jos\u00e9 Luis S\u00e9rsic<\/strong>&nbsp;es otro cuyo apellido bautiz\u00f3 a un asteroide. El motivo: su centenar de publicaciones en revistas especializadas del pa\u00eds y del exterior, y su trabajo en la astronom\u00eda extragal\u00e1ctica. En la lista tambi\u00e9n aparece Virpi Sinikka Niemel\u00e4, una cient\u00edfica finlandesa que vivi\u00f3 gran parte de su vida en Argentina y cuya labor se destac\u00f3 en el estudio de estrellas masivas. Su apellido dio nombre al asteroide previamente conocido como Namiela.<\/p>\n\n\n\n<p class=\"wp-block-paragraph\">Sin embargo, es otro el nombre que despert\u00f3 el inter\u00e9s de San Sebasti\u00e1n: \u201cLa primera vez que prest\u00e9 atenci\u00f3n a los nombramientos de asteroides fue con Ana Teresa Diego, una estudiante de astronom\u00eda de mi misma facultad que fue desaparecida por la \u00faltima dictadura c\u00edvico-militar-eclesi\u00e1stica en Argentina\u201d, recuerda.<\/p>\n\n\n\n<figure class=\"wp-block-image size-full\"><a href=\"https:\/\/fmmural91.uno\/2024\/wp-content\/uploads\/2026\/09\/Captura-de-pantalla-2026-09-02-101156.png\"><img decoding=\"async\" width=\"728\" height=\"657\" src=\"https:\/\/fmmural91.uno\/2024\/wp-content\/uploads\/2026\/09\/Captura-de-pantalla-2026-09-02-101156.png\" alt=\"\" class=\"wp-image-3588\" srcset=\"https:\/\/fmmural91.uno\/2024\/wp-content\/uploads\/2026\/09\/Captura-de-pantalla-2026-09-02-101156.png 728w, https:\/\/fmmural91.uno\/2024\/wp-content\/uploads\/2026\/09\/Captura-de-pantalla-2026-09-02-101156-559x504.png 559w\" sizes=\"(max-width: 728px) 100vw, 728px\" \/><\/a><\/figure>\n\n\n\n<p class=\"wp-block-paragraph\">En 2011, la IAU nombr\u00f3 en 2011 a un asteroide que orbitaba el sol como Anadiego, siendo la primera vez que el organismo bautizara a un cuerpo del Sistema Solar en homenaje a una persona desaparecida. Ante ello, San Sebasti\u00e1n detalla: \u201cDesde que entr\u00e9 en la facultad y conoc\u00ed su historia siempre la tuve presente en mi transitar acad\u00e9mico y pol\u00edtico en la universidad. Ella ven\u00eda de Bah\u00eda Blanca, como yo, a estudiar astronom\u00eda, era una militante con fuerte compromiso social y la secuestraron a la salida del Observatorio\u201d.<\/p>\n\n\n\n<p class=\"wp-block-paragraph\">En este marco, Irina confiesa: \u201cSiempre se me vienen las preguntas de qu\u00e9 hubiera sido de ella si esto no hubiera sucedido, si la hubiese tenido de profe o a qu\u00e9 rama de la astronom\u00eda se hubiese dedicado. Nos han arrebatado estas respuestas, pero no la memoria\u201d.<\/p>\n\n\n\n<h3 class=\"wp-block-heading\">Volver<\/h3>\n\n\n\n<p class=\"wp-block-paragraph\">De 2007 a 2023, San Sebasti\u00e1n respir\u00f3 el olor de los tilos platenses mientras estudiaba y trabajaba, siempre vinculada a la universidad local. \u201cNo fue un pasar sino una construcci\u00f3n de mi carrera y de m\u00ed misma. Es inevitable no relacionar la UNLP, y en general la educaci\u00f3n p\u00fablica, con este reconocimiento. La facultad me dio mucho m\u00e1s que el transitar acad\u00e9mico: me ense\u00f1\u00f3 a construir colectivamente, a cuestionarme, a luchar por mejorar nuestro entorno\u201d, dice.<\/p>\n\n\n\n<p class=\"wp-block-paragraph\">Con ello en mente y tras el nombramiento, la bahiense vaticina: \u201cMe gustar\u00eda volver a hacer ciencia en mi pa\u00eds en un futuro nuevamente. Es un momento muy complejo para la ciencia argentina por la falta de presupuesto, los recortes, la migraci\u00f3n de trabajadores de la ciencia (como es mi caso porque era esto o dejar la ciencia) o directamente el abandono de la investigaci\u00f3n por cuestiones econ\u00f3micas\u201d, San Sebasti\u00e1n remarca y concluye: \u201cArgentina hace ciencia de calidad y es fundamental que la defendamos\u201d<\/p>\n","protected":false},"excerpt":{"rendered":"<p>Sociedad A la cient\u00edfica Irina San Sebasti\u00e1n la homenajea un meteorito. Por\u00a0Omar Alfonzo &#8211; Fuente: https:\/\/www.pagina12.com.ar\/ 2 de septiembre, 2026. Ni en sus mejores sue\u00f1os&nbsp;Irina San Sebasti\u00e1n&nbsp;imagin\u00f3 que alg\u00fan d\u00eda su apellido compuesto pod\u00eda ser el nuevo nombre de un asteroide que hoy gira alrededor del sol, a\u00fan siendo Doctora en Astronom\u00eda de la Facultad [&hellip;]<\/p>\n","protected":false},"author":3,"featured_media":3589,"comment_status":"closed","ping_status":"closed","sticky":false,"template":"","format":"standard","meta":{"sync_status":"","episode_type":"","audio_file":"","castos_file_data":"","podmotor_file_id":"","cover_image":"","cover_image_id":"","duration":"","filesize":"","filesize_raw":"","date_recorded":"","explicit":"","block":"","footnotes":""},"categories":[18],"tags":[],"class_list":["post-3586","post","type-post","status-publish","format-standard","has-post-thumbnail","hentry","category-nacionales"],"_links":{"self":[{"href":"https:\/\/fmmural91.uno\/2024\/wp-json\/wp\/v2\/posts\/3586","targetHints":{"allow":["GET"]}}],"collection":[{"href":"https:\/\/fmmural91.uno\/2024\/wp-json\/wp\/v2\/posts"}],"about":[{"href":"https:\/\/fmmural91.uno\/2024\/wp-json\/wp\/v2\/types\/post"}],"author":[{"embeddable":true,"href":"https:\/\/fmmural91.uno\/2024\/wp-json\/wp\/v2\/users\/3"}],"replies":[{"embeddable":true,"href":"https:\/\/fmmural91.uno\/2024\/wp-json\/wp\/v2\/comments?post=3586"}],"version-history":[{"count":1,"href":"https:\/\/fmmural91.uno\/2024\/wp-json\/wp\/v2\/posts\/3586\/revisions"}],"predecessor-version":[{"id":3590,"href":"https:\/\/fmmural91.uno\/2024\/wp-json\/wp\/v2\/posts\/3586\/revisions\/3590"}],"wp:featuredmedia":[{"embeddable":true,"href":"https:\/\/fmmural91.uno\/2024\/wp-json\/wp\/v2\/media\/3589"}],"wp:attachment":[{"href":"https:\/\/fmmural91.uno\/2024\/wp-json\/wp\/v2\/media?parent=3586"}],"wp:term":[{"taxonomy":"category","embeddable":true,"href":"https:\/\/fmmural91.uno\/2024\/wp-json\/wp\/v2\/categories?post=3586"},{"taxonomy":"post_tag","embeddable":true,"href":"https:\/\/fmmural91.uno\/2024\/wp-json\/wp\/v2\/tags?post=3586"}],"curies":[{"name":"wp","href":"https:\/\/api.w.org\/{rel}","templated":true}]}}