{"id":3600,"date":"2026-09-02T10:55:44","date_gmt":"2026-09-02T13:55:44","guid":{"rendered":"https:\/\/fmmural91.uno\/2024\/?p=3600"},"modified":"2026-09-02T10:55:46","modified_gmt":"2026-09-02T13:55:46","slug":"la-recaudacion-corre-de-atras-a-la-inflacion-y-refleja-la-fuerte-caida-de-actividad","status":"publish","type":"post","link":"https:\/\/fmmural91.uno\/2024\/la-recaudacion-corre-de-atras-a-la-inflacion-y-refleja-la-fuerte-caida-de-actividad\/","title":{"rendered":"La recaudaci\u00f3n corre de atr\u00e1s a la inflaci\u00f3n y refleja la fuerte ca\u00edda de actividad"},"content":{"rendered":"\n<p class=\"wp-block-paragraph\">En agosto, los ingresos crecieron 33,5% interanual y el acumulado del a\u00f1o se mantiene\u00a04 puntos por detr\u00e1s de la inflaci\u00f3n. Los impuestos que reflejan el nivel de actividad, IVA y cr\u00e9ditos y d\u00e9bitos, volvieron a reflejar la recesi\u00f3n que atraviesa la econom\u00eda vinculada al mercado interno.<\/p>\n\n\n\n<p class=\"wp-block-paragraph\">Por <a href=\"https:\/\/www.eldestapeweb.com\/perfil\/fernando-alonso\">Fernando Alonso<\/a>   &#8211;   Fuente:<a href=\"https:\/\/www.eldestapeweb.com\/\">https:\/\/www.eldestapeweb.com\/<\/a>   2 de septiembre, 2026. <\/p>\n\n\n\n<p class=\"wp-block-paragraph\"><strong>La recaudaci\u00f3n de impuestos volvi\u00f3 a marcar el&nbsp;<a href=\"https:\/\/www.eldestapeweb.com\/economia\/crecimiento-no-llega-mesa-familiar-cae-consumo-crece-deuda-comprar-alimentos-202682212460\">proceso de recesi\u00f3n que atraviesa la econom\u00eda<\/a>&nbsp;vinculada al mercado interno<\/strong>, con un crecimiento interanual global en agosto de 33,5% y un acumulado en los primeros ocho&nbsp;meses de apenas 28,2% contra una inflaci\u00f3n en el mismo per\u00edodo que se estima en 33,8%.<\/p>\n\n\n\n<p class=\"wp-block-paragraph\">Los impactos que crecieron por encima de la inflaci\u00f3n fueron Ganancias, por cambios en los meses de liquidaci\u00f3n, y a los Combustibles, por las actualizaciones que dispuso el Gobierno que se sigue apropiando de los recursos y no los afecta a las asignaciones espec\u00edficas.<\/p>\n\n\n\n<h2 class=\"wp-block-heading\">La peor en una d\u00e9cada<\/h2>\n\n\n\n<p class=\"wp-block-paragraph\">La recaudaci\u00f3n total tambi\u00e9n est\u00e1 en retroceso cuando se la mide contra el Producto Bruto Interno y&nbsp;<strong>en agosto alcanz\u00f3 el menor porcentaje de la \u00faltima d\u00e9cada con 19,7%&nbsp;<\/strong>como promedio m\u00f3vil de los \u00faltimos doce meses, un punto menos que en 2025 y hasta cuatro puntos menos que en los mejores a\u00f1os, como en 2015, 2016 \u00f3&nbsp;2022.<\/p>\n\n\n\n<figure class=\"wp-block-image\"><img decoding=\"async\" src=\"https:\/\/cdn.eldestapeweb.com\/eldestape\/092026\/1788299767144\/WhatsApp_Image_2026-09-01_at_8.14.23_PM.webp?cw=703&amp;ch=391&amp;extw=jpeg\" alt=\"\"\/><\/figure>\n\n\n\n<p class=\"wp-block-paragraph\"><strong>La ca\u00edda de la recaudaci\u00f3n en t\u00e9rminos reales presiona con m\u00e1s ajuste sobre el gasto para mantener el super\u00e1vit fiscal<\/strong>, en un contexto donde exceptuando los derechos de exportaci\u00f3n&nbsp;los tributos de mejor evoluci\u00f3n fueron Ganancias y Combustibles, que son los que m\u00e1s se coparticipan por lo que el efecto del incremento se ve disminu\u00eddo a nivel nacional.<\/p>\n\n\n\n<p class=\"wp-block-paragraph\">Incluso los derechos de exportaci\u00f3n que en agosto crecieron 155% a 1,1 bill\u00f3n de pesos en el acumulado del a\u00f1o cae 3,6% por la baja de las retenciones al campo que no logra ser compensada por el fuerte aumento del precio del petr\u00f3leo que tiene una al\u00edcuota mucho menor.<\/p>\n\n\n\n<p class=\"wp-block-paragraph\"><strong>Los dos impuestos m\u00e1s vinculados al nivel de actividad econ\u00f3mica quedaron notablemente por detr\u00e1s de la inflaci\u00f3n:<\/strong>&nbsp;el IVA impositivo recaud\u00f3 4.815.066 millones de pesos,creci\u00f3 26,9% y acumula 31% en el a\u00f1o, y el Impuesto a los Cr\u00e9ditos y D\u00e9bitos alcanz\u00f3 los 1.520.865 millones de pesos, con un incremento interanual de 21,5% y un acumulado de 28,2%.<\/p>\n\n\n\n<p class=\"wp-block-paragraph\">Esos dos impuestos est\u00e1n directamente relacionados con el consumo y con el nivel de formalizaci\u00f3n de la econom\u00eda y expresan que en agosto se mantuvo el serrucho que mostr\u00f3 el nivel de actividad econ\u00f3mica a lo largo de todo el a\u00f1o, con meses que muestran una peque\u00f1a recuperaci\u00f3n seguido de otros con ca\u00eddas.<\/p>\n\n\n\n<p class=\"wp-block-paragraph\">En julio, \u00faltimo dato relevado por la consultoras econ\u00f3micas, habr\u00eda vuelto a ser contractivo en t\u00e9rminos mensuales, aunque el acumulado anual todav\u00eda permanece positivo en algunas mediciones pero acotando el crecimiento esperado anual a 2% considerado el arrastre estad\u00edstico de 2025.<\/p>\n\n\n\n<p class=\"wp-block-paragraph\">El Impuesto al Valor Agregado Neto recaud\u00f3 6.675.409 millones de pesos y tuvo una variaci\u00f3n interanual de 25,3%, como promedio entre el aument\u00f3 de 29,6% del IVA impositivo y de 15,4% del IVA Aduanero.<\/p>\n\n\n\n<p class=\"wp-block-paragraph\">El organismo recaudador consider\u00f3 que impact\u00f3 en forma negativas una mayor utilizaci\u00f3n de saldos de IVA para cancelar otras obligaciones y una menor cancelaci\u00f3n de obligaciones de IVA Impositivo con saldos a favor de otros impuestos cuando hace un a\u00f1o las reafectaciones netas fueron positivas y hubo mayores devoluciones del R\u00e9gimen de Comercializaci\u00f3n de Granos en relaci\u00f3n al a\u00f1o anterior.<\/p>\n\n\n\n<p class=\"wp-block-paragraph\">En el IVA Aduanero pese a quedar por detr\u00e1s de la inflaci\u00f3n incidi\u00f3 positivamente el incremento del tipo de cambio.<\/p>\n\n\n\n<p class=\"wp-block-paragraph\">Respecto del Impuesto a los Cr\u00e9ditos y D\u00e9bitos, percibi\u00f3 1.520.865 millones de pesos, con un incremento interanual de 21,5%, y seg\u00fan ARCA impact\u00f3 que hubo un d\u00eda h\u00e1bil menos de recaudaci\u00f3n y que impactaron las exenciones que dispuso el Gobierno.<\/p>\n\n\n\n<p class=\"wp-block-paragraph\">Los ingresos por Seguridad Social, vinculados al nivel de empleo y de ocupaci\u00f3n, aumentaron 31,9% interanual en agosto a 4.833.581 millones de pesos por el aumento de la remuneraci\u00f3n bruta promedio, pero en el a\u00f1o se mantiene por detr\u00e1s, con un incremento de 28,4%.<\/p>\n\n\n\n<p class=\"wp-block-paragraph\">El Impuesto a las Ganancias present\u00f3 una variaci\u00f3n interanual de 45,2%, recaudando 4.636.836 millones de pesos por el pago del saldo de declaraci\u00f3n jurada de personas humanas del per\u00edodo fiscal 2025. En el a\u00f1o anterior tanto el pago como la presentaci\u00f3n fueron en junio por eso el mayor crecimiento interanual.<\/p>\n\n\n\n<p class=\"wp-block-paragraph\">Seg\u00fan el an\u00e1lisis de ARCA, incidieron positivamente los mayores anticipos de las sociedades, debido al aumento del impuesto determinado del per\u00edodo fiscal 2025, una menor utilizaci\u00f3n de saldos a favor de Ganancias para el pago de obligaciones en otros impuestos, en relaci\u00f3n al a\u00f1o anterior.<\/p>\n\n\n\n<p class=\"wp-block-paragraph\">En cambio, incidi\u00f3 negativamente el ingreso en agosto 2025 del primer anticipo de personas humanas per\u00edodo fiscal 2026 mientras el de este a\u00f1o se prorrog\u00f3 hasta&nbsp;septiembre 2026, debido al corrimiento del vencimiento de la presentaci\u00f3n de la declaraci\u00f3n jurada.<\/p>\n\n\n\n<p class=\"wp-block-paragraph\">En Impuesto a los Combustibles ingresaron $ 724.899 millones con una variaci\u00f3n interanual de 50,4% por las actualizaciones del impuesto que hizo el Gobierno, mientras Bienes Personales alcanz\u00f3 137.797 millones de pesos con una variaci\u00f3n interanual de 24,8% por el vencimiento del primer anticipo correspondiente al per\u00edodo fiscal 2026.<\/p>\n\n\n\n<p class=\"wp-block-paragraph\">La consultora&nbsp;<strong>Equilibra<\/strong>&nbsp;es la m\u00e1s optimista con una expansi\u00f3n de 1,7% entre enero y julio, aunque el dato est\u00e1 explicado casi \u00edntegramente por las actividades primarias, agro, miner\u00eda, energ\u00eda y pesca acumularon, mientras&nbsp;<strong>Ferreres<\/strong>&nbsp;estim\u00f3 una recuperaci\u00f3n mucho m\u00e1s d\u00e9bil, de 0,3% acumulado en siete meses, con una ca\u00edda mensual desestacionalizada de 0,9%.<\/p>\n\n\n\n<p class=\"wp-block-paragraph\">Para&nbsp;<strong>Analytica<\/strong>&nbsp;en julio la actividad cay\u00f3 1,1% mensual, aunque todav\u00eda registra 0,7% interanual y el CICEC de las Bolsas de Comercio de Rosario y Santa Fe registra una ca\u00edda mensual de 0,6% y una variaci\u00f3n interanual negativa de 1,2%.<\/p>\n\n\n\n<p class=\"wp-block-paragraph\">En julio, \u00faltimo dato relevado por la consultoras econ\u00f3micas, habr\u00eda vuelto a ser contractivo en t\u00e9rminos mensuales, aunque el acumulado anual todav\u00eda permanece positivo en algunas mediciones pero acotando el crecimiento esperado anual a 2% considerado el arrastre estad\u00edstico de 2025.<\/p>\n\n\n\n<ul class=\"wp-block-list\">\n<li><a href=\"https:\/\/www.eldestapeweb.com\/tag\/crisis-economica\">Crisis Econ\u00f3mica<\/a><\/li>\n\n\n\n<li><a href=\"https:\/\/www.eldestapeweb.com\/tag\/inflacion\">Inflaci\u00f3n<\/a><\/li>\n\n\n\n<li><a href=\"https:\/\/www.eldestapeweb.com\/tag\/recaudacion\">Recaudaci\u00f3n<\/a><\/li>\n\n\n\n<li><a href=\"https:\/\/www.eldestapeweb.com\/tag\/arca\">ARCA<\/a><\/li>\n\n\n\n<li><a href=\"https:\/\/www.eldestapeweb.com\/tag\/actividad-economica\">Actividad econ\u00f3mica<\/a><\/li>\n\n\n\n<li><a href=\"https:\/\/www.eldestapeweb.com\/tag\/originales\">Originales<\/a><\/li>\n\n\n\n<li><a href=\"https:\/\/www.eldestapeweb.com\/tag\/el-destape-radio\">El Destape Radio<\/a><\/li>\n\n\n\n<li><a href=\"https:\/\/www.eldestapeweb.com\/tag\/javier-milei-presidente\">Javier Milei presidente<\/a><\/li>\n<\/ul>\n","protected":false},"excerpt":{"rendered":"<p>En agosto, los ingresos crecieron 33,5% interanual y el acumulado del a\u00f1o se mantiene\u00a04 puntos por detr\u00e1s de la inflaci\u00f3n. Los impuestos que reflejan el nivel de actividad, IVA y cr\u00e9ditos y d\u00e9bitos, volvieron a reflejar la recesi\u00f3n que atraviesa la econom\u00eda vinculada al mercado interno. Por Fernando Alonso &#8211; Fuente:https:\/\/www.eldestapeweb.com\/ 2 de septiembre, 2026. [&hellip;]<\/p>\n","protected":false},"author":3,"featured_media":3601,"comment_status":"closed","ping_status":"closed","sticky":false,"template":"","format":"standard","meta":{"sync_status":"","episode_type":"","audio_file":"","castos_file_data":"","podmotor_file_id":"","cover_image":"","cover_image_id":"","duration":"","filesize":"","filesize_raw":"","date_recorded":"","explicit":"","block":"","footnotes":""},"categories":[18],"tags":[],"class_list":["post-3600","post","type-post","status-publish","format-standard","has-post-thumbnail","hentry","category-nacionales"],"_links":{"self":[{"href":"https:\/\/fmmural91.uno\/2024\/wp-json\/wp\/v2\/posts\/3600","targetHints":{"allow":["GET"]}}],"collection":[{"href":"https:\/\/fmmural91.uno\/2024\/wp-json\/wp\/v2\/posts"}],"about":[{"href":"https:\/\/fmmural91.uno\/2024\/wp-json\/wp\/v2\/types\/post"}],"author":[{"embeddable":true,"href":"https:\/\/fmmural91.uno\/2024\/wp-json\/wp\/v2\/users\/3"}],"replies":[{"embeddable":true,"href":"https:\/\/fmmural91.uno\/2024\/wp-json\/wp\/v2\/comments?post=3600"}],"version-history":[{"count":1,"href":"https:\/\/fmmural91.uno\/2024\/wp-json\/wp\/v2\/posts\/3600\/revisions"}],"predecessor-version":[{"id":3602,"href":"https:\/\/fmmural91.uno\/2024\/wp-json\/wp\/v2\/posts\/3600\/revisions\/3602"}],"wp:featuredmedia":[{"embeddable":true,"href":"https:\/\/fmmural91.uno\/2024\/wp-json\/wp\/v2\/media\/3601"}],"wp:attachment":[{"href":"https:\/\/fmmural91.uno\/2024\/wp-json\/wp\/v2\/media?parent=3600"}],"wp:term":[{"taxonomy":"category","embeddable":true,"href":"https:\/\/fmmural91.uno\/2024\/wp-json\/wp\/v2\/categories?post=3600"},{"taxonomy":"post_tag","embeddable":true,"href":"https:\/\/fmmural91.uno\/2024\/wp-json\/wp\/v2\/tags?post=3600"}],"curies":[{"name":"wp","href":"https:\/\/api.w.org\/{rel}","templated":true}]}}