{"id":3603,"date":"2026-09-02T11:09:42","date_gmt":"2026-09-02T14:09:42","guid":{"rendered":"https:\/\/fmmural91.uno\/2024\/?p=3603"},"modified":"2026-09-02T11:09:44","modified_gmt":"2026-09-02T14:09:44","slug":"malvinas-mientras-milei-prepara-anuncio-los-ex-combatientes-denunciaron-la-explotacion-petrolera-en-las-islas","status":"publish","type":"post","link":"https:\/\/fmmural91.uno\/2024\/malvinas-mientras-milei-prepara-anuncio-los-ex-combatientes-denunciaron-la-explotacion-petrolera-en-las-islas\/","title":{"rendered":"Malvinas: mientras Milei prepara anuncio, los ex combatientes denunciaron la explotaci\u00f3n petrolera en las Islas"},"content":{"rendered":"\n<p class=\"wp-block-paragraph\">Tras unas declaraciones de Trump, el Presidente anunci\u00f3 una cadena nacional en la que expondr\u00e1 supuestos avances en el reclamo por Malvinas, que su gobierno mantiene congelado en los foros internacionales. Ex combatientes y abogados ambientalistas acudieron a la Justicia para frenar la explotaci\u00f3n petrolera\u00a0en las islas.<\/p>\n\n\n\n<p class=\"wp-block-paragraph\"><a href=\"https:\/\/www.eldestapeweb.com\/perfil\/fernando-cibeira\">Por\u00a0Fernando Cibeira<\/a>\u00a0   &#8211;   Fuente: <a href=\"https:\/\/www.eldestapeweb.com\/\">https:\/\/www.eldestapeweb.com\/<\/a>   2 de septiembre, 2026.<\/p>\n\n\n\n<p class=\"wp-block-paragraph\">A partir de unas declaraciones al pasar de Donald Trump,\u00a0<strong>el presidente Javier Milei mostr\u00f3 este martes un repentino inter\u00e9s por el reclamo de soberan\u00eda sobre las Malvinas, al que calific\u00f3 como un tema \u201csagrado\u201d, y anunci\u00f3 para el jueves una cadena nacional envuelta en misterio.\u00a0<\/strong>Lo cierto es que se trata de una causa que su gobierno mantiene congelada en los foros internacionales, donde se limit\u00f3 a cumplir con las formalidades. Quienes dieron un paso concreto contra los intereses\u00a0brit\u00e1nicos\u00a0fueron la Asociaci\u00f3n Argentina de Abogados Ambientalistas y el Centro de Ex Combatientes Islas Malvinas La Plata (CECIM), que presentaron ante la Justicia Federal de Tierra del Fuego una acci\u00f3n para frenar el proyecto petrolero Sea Lion.\u00a0<strong>\u201cEl Gobierno no hizo nada y podr\u00eda hacer muchas cosas\u201d,<\/strong>\u00a0sostuvo Enrique Viale, integrante de la organizaci\u00f3n de abogados ambientalistas.<\/p>\n\n\n\n<p class=\"wp-block-paragraph\">Milei es admirador de Margaret Thatcher y lleg\u00f3 a tener una foto suya en el despacho presidencial. El renacer del sentimiento nacional que produjo el partido contra Inglaterra en el Mundial y la bandera con la leyenda \u201cLas Malvinas son argentinas\u201d que agitaron los jugadores encontraron al Gobierno muy mal parado. El Presidente, incluso, cuestion\u00f3 su actitud. Adem\u00e1s,\u00a0<strong>hubo\u00a0dos episodios que volvieron a dejar en evidencia el lugar marginal que ocupa la cuesti\u00f3n Malvinas en la pol\u00edtica exterior.<\/strong>\u00a0El buque de guerra brit\u00e1nico HMS Medway naveg\u00f3 por aguas argentinas sin informar previamente a las autoridades, lo que provoc\u00f3 el repudio del gobierno de Tierra del Fuego, pero no una reacci\u00f3n inmediata de la Canciller\u00eda que encabeza Pablo Quirno. La protesta formal lleg\u00f3 reci\u00e9n despu\u00e9s del partido contra Inglaterra, cuando el tema ya era p\u00fablico.\u00a0<strong>Algo similar ocurri\u00f3 d\u00edas atr\u00e1s, cuando el buque petrolero de bandera inglesa VS Promise amarr\u00f3 en el intervenido puerto de Ushuaia.<\/strong><\/p>\n\n\n\n<p class=\"wp-block-paragraph\"><strong>Pero unas declaraciones de Trump, en las que dej\u00f3 abierta la posibilidad de revisar el respaldo de Estados Unidos a la ocupaci\u00f3n brit\u00e1nica de las islas, despertaron una impensada veta malvinera en el Gobierno.\u00a0<\/strong>Desde hace tiempo, el jefe de la Casa Blanca busca presionar al gobierno laborista brit\u00e1nico para que acompa\u00f1e sus incursiones militares contra Ir\u00e1n y aumente su presupuesto de Defensa. Poco le importa lo que suceda con Malvinas.\u00a0<strong>La Casa Rosada, sin embargo, pretende presentar el eventual giro de Washington como el resultado de su trabajo diplom\u00e1tico.<\/strong>\u00a0Milei sacar\u00e1 pecho el jueves con una cadena nacional en la que detallar\u00e1 los supuestos avances conseguidos para una causa hasta hace poco ignorada y ahora convertida en \u201csagrada\u201d, encuestas de opini\u00f3n mediante. Su apuesta es a una diplomacia como la de los ositos Winnie the Pooh que en los noventa el canciller Guido Di Tella les envi\u00f3 a los kelpers.<\/p>\n\n\n\n<p class=\"wp-block-paragraph\"><strong>En cambio, quienes s\u00ed buscaron avances concretos en la defensa de los derechos argentinos fueron los excombatientes del CECIM La Plata, en una novedosa asociaci\u00f3n con abogados ambientalistas.<\/strong>\u00a0Juntos presentaron este martes en R\u00edo Grande una acci\u00f3n preventiva de da\u00f1o ambiental colectivo contra<strong>\u00a0la brit\u00e1nica Rockhopper Exploration y la israel\u00ed Navitas Petroleum Development, las dos empresas que impulsan el proyecto petrolero y gas\u00edfero Sea Lion<\/strong>\u00a0en la Cuenca Malvinas Norte.\u00a0El CECIM , que tiene entre sus referentes a Ernesto Alonso y a Jer\u00f3nimo Guerrero Iraola, cuenta con un antecedente judicial relativamente reciente: consigui\u00f3 frenar mediante una medida cautelar la modificaci\u00f3n de la Ley de Tierras incluida en el decreto 70.\u00a0<strong>Esta vez, la presentaci\u00f3n combina el reclamo de soberan\u00eda con la defensa del ambiente.<\/strong><\/p>\n\n\n\n<figure class=\"wp-block-image size-full\"><a href=\"https:\/\/fmmural91.uno\/2024\/wp-content\/uploads\/2026\/09\/Captura-de-pantalla-2026-09-02-110305.png\"><img fetchpriority=\"high\" decoding=\"async\" width=\"708\" height=\"447\" src=\"https:\/\/fmmural91.uno\/2024\/wp-content\/uploads\/2026\/09\/Captura-de-pantalla-2026-09-02-110305.png\" alt=\"\" class=\"wp-image-3604\" srcset=\"https:\/\/fmmural91.uno\/2024\/wp-content\/uploads\/2026\/09\/Captura-de-pantalla-2026-09-02-110305.png 708w, https:\/\/fmmural91.uno\/2024\/wp-content\/uploads\/2026\/09\/Captura-de-pantalla-2026-09-02-110305-559x353.png 559w\" sizes=\"(max-width: 708px) 100vw, 708px\" \/><\/a><\/figure>\n\n\n\n<p class=\"wp-block-paragraph\">Sea Lion se encuentra a 220 kil\u00f3metros al norte de las islas, sobre la plataforma continental argentina. Las dos primeras fases del proyecto contemplan la perforaci\u00f3n de 23 pozos submarinos y la instalaci\u00f3n de las ca\u00f1er\u00edas, los equipos y las unidades flotantes de producci\u00f3n correspondientes.\u00a0<strong>Las empresas proyectan comenzar a extraer petr\u00f3leo en 2028, con un promedio de 120 mil barriles diarios durante 30 a\u00f1os.\u00a0<\/strong>\u201cEl proyecto afecta directamente dos ecorregiones reconocidas por Argentina: Mar Argentino e Islas del Atl\u00e1ntico Sur. Su \u00e1rea de influencia mantiene, adem\u00e1s, una conexi\u00f3n ecol\u00f3gica con la Ant\u00e1rtida\u201d, plantearon en el escrito<strong>. La medida cautelar busca suspender las obras e impedir la firma de nuevos contratos.<\/strong>\u00a0El objetivo es detener el riesgo ambiental y el perjuicio a la soberan\u00eda antes de que el da\u00f1o se concrete.<\/p>\n\n\n\n<figure class=\"wp-block-image size-full\"><a href=\"https:\/\/fmmural91.uno\/2024\/wp-content\/uploads\/2026\/09\/Captura-de-pantalla-2026-09-02-110711.png\"><img decoding=\"async\" width=\"705\" height=\"407\" src=\"https:\/\/fmmural91.uno\/2024\/wp-content\/uploads\/2026\/09\/Captura-de-pantalla-2026-09-02-110711.png\" alt=\"\" class=\"wp-image-3605\" srcset=\"https:\/\/fmmural91.uno\/2024\/wp-content\/uploads\/2026\/09\/Captura-de-pantalla-2026-09-02-110711.png 705w, https:\/\/fmmural91.uno\/2024\/wp-content\/uploads\/2026\/09\/Captura-de-pantalla-2026-09-02-110711-559x323.png 559w\" sizes=\"(max-width: 705px) 100vw, 705px\" \/><\/a><\/figure>\n\n\n\n<p class=\"wp-block-paragraph\"><strong>\u201cUna vez que est\u00e1n en marcha es muy dif\u00edcil sacarlos\u201d<\/strong>, explic\u00f3 Viale. Por sus caracter\u00edsticas, el proyecto en las profundidades del oc\u00e9ano requiere una inversi\u00f3n muy elevada y la estrategia judicial tambi\u00e9n apunta a dificultar su financiamiento, ya que varios de los bancos y las entidades involucradas operan en el continente.&nbsp;\u201cPedimos que se informe sobre la causa a los organismos de control financiero y a los mercados donde operan las empresas. Tambi\u00e9n que las compa\u00f1\u00edas identifiquen a los bancos, fondos, aseguradoras y dem\u00e1s actores que sostienen la explotaci\u00f3n\u201d, explicaron los demandantes. Si la causa avanza y la Justicia dispone alg\u00fan embargo, estiman que el impacto en los mercados podr\u00eda complicar la puesta en marcha de un proyecto pensado a largo plazo.&nbsp;<strong>\u201cEl mar es territorio. El ambiente es patrimonio. La soberan\u00eda es del pueblo\u201d<\/strong>, concluyeron en la presentaci\u00f3n.<\/p>\n\n\n\n<ul class=\"wp-block-list\">\n<li><a href=\"https:\/\/www.eldestapeweb.com\/tag\/javier-milei-presidente\">Javier Milei presidente<\/a><\/li>\n\n\n\n<li><a href=\"https:\/\/www.eldestapeweb.com\/tag\/ex-combatientes-de-malvinas\">Ex combatientes de Malvinas<\/a><\/li>\n\n\n\n<li><a href=\"https:\/\/www.eldestapeweb.com\/tag\/-malvinas\">MALVINAS<\/a><\/li>\n\n\n\n<li><a href=\"https:\/\/www.eldestapeweb.com\/tag\/originales\">Originales<\/a><\/li>\n<\/ul>\n","protected":false},"excerpt":{"rendered":"<p>Tras unas declaraciones de Trump, el Presidente anunci\u00f3 una cadena nacional en la que expondr\u00e1 supuestos avances en el reclamo por Malvinas, que su gobierno mantiene congelado en los foros internacionales. Ex combatientes y abogados ambientalistas acudieron a la Justicia para frenar la explotaci\u00f3n petrolera\u00a0en las islas. Por\u00a0Fernando Cibeira\u00a0 &#8211; Fuente: https:\/\/www.eldestapeweb.com\/ 2 de septiembre, [&hellip;]<\/p>\n","protected":false},"author":3,"featured_media":3606,"comment_status":"closed","ping_status":"closed","sticky":false,"template":"","format":"standard","meta":{"sync_status":"","episode_type":"","audio_file":"","castos_file_data":"","podmotor_file_id":"","cover_image":"","cover_image_id":"","duration":"","filesize":"","filesize_raw":"","date_recorded":"","explicit":"","block":"","footnotes":""},"categories":[18],"tags":[],"class_list":["post-3603","post","type-post","status-publish","format-standard","has-post-thumbnail","hentry","category-nacionales"],"_links":{"self":[{"href":"https:\/\/fmmural91.uno\/2024\/wp-json\/wp\/v2\/posts\/3603","targetHints":{"allow":["GET"]}}],"collection":[{"href":"https:\/\/fmmural91.uno\/2024\/wp-json\/wp\/v2\/posts"}],"about":[{"href":"https:\/\/fmmural91.uno\/2024\/wp-json\/wp\/v2\/types\/post"}],"author":[{"embeddable":true,"href":"https:\/\/fmmural91.uno\/2024\/wp-json\/wp\/v2\/users\/3"}],"replies":[{"embeddable":true,"href":"https:\/\/fmmural91.uno\/2024\/wp-json\/wp\/v2\/comments?post=3603"}],"version-history":[{"count":1,"href":"https:\/\/fmmural91.uno\/2024\/wp-json\/wp\/v2\/posts\/3603\/revisions"}],"predecessor-version":[{"id":3607,"href":"https:\/\/fmmural91.uno\/2024\/wp-json\/wp\/v2\/posts\/3603\/revisions\/3607"}],"wp:featuredmedia":[{"embeddable":true,"href":"https:\/\/fmmural91.uno\/2024\/wp-json\/wp\/v2\/media\/3606"}],"wp:attachment":[{"href":"https:\/\/fmmural91.uno\/2024\/wp-json\/wp\/v2\/media?parent=3603"}],"wp:term":[{"taxonomy":"category","embeddable":true,"href":"https:\/\/fmmural91.uno\/2024\/wp-json\/wp\/v2\/categories?post=3603"},{"taxonomy":"post_tag","embeddable":true,"href":"https:\/\/fmmural91.uno\/2024\/wp-json\/wp\/v2\/tags?post=3603"}],"curies":[{"name":"wp","href":"https:\/\/api.w.org\/{rel}","templated":true}]}}