{"id":3608,"date":"2026-09-02T11:18:13","date_gmt":"2026-09-02T14:18:13","guid":{"rendered":"https:\/\/fmmural91.uno\/2024\/?p=3608"},"modified":"2026-09-02T11:18:14","modified_gmt":"2026-09-02T14:18:14","slug":"el-reconocimiento-de-la-formula-1-a-la-renovacion-de-franco-colapinto-con-alpine-esperen","status":"publish","type":"post","link":"https:\/\/fmmural91.uno\/2024\/el-reconocimiento-de-la-formula-1-a-la-renovacion-de-franco-colapinto-con-alpine-esperen\/","title":{"rendered":"El reconocimiento de la F\u00f3rmula 1 a la renovaci\u00f3n de Franco Colapinto con Alpine: \u00abEsperen\u00bb"},"content":{"rendered":"\n<p class=\"wp-block-paragraph\">La m\u00e1xima categor\u00eda le dedic\u00f3 un posteo al piloto argentino tras anunciarse su continuidad con el equipo galo. Qu\u00e9 dijeron.<\/p>\n\n\n\n<p class=\"wp-block-paragraph\">Fuente: <a href=\"https:\/\/www.eldestapeweb.com\/\">https:\/\/www.eldestapeweb.com\/<\/a>   2 de septiembre, 2026.<\/p>\n\n\n\n<p class=\"wp-block-paragraph\">A diferencia del complicado 2025, la&nbsp;<strong>nueva era de la&nbsp;<a href=\"https:\/\/www.eldestapeweb.com\/deportes\/formula-1\/calendario-de-formula-1-2026-fechas-carreras-y-circuitos-2025611141547?mrfhud=true\">F\u00f3rmula 1<\/a>&nbsp;<\/strong>le ha sentado bien a&nbsp;<a href=\"https:\/\/www.eldestapeweb.com\/motor\/punto-oculto-contrato-colapinto-alpine-2027-2026830123057\"><strong>Alpine<\/strong><\/a>&nbsp;con sus&nbsp;<strong>nuevos motores de Mercedes<\/strong>, algo que se vio reflejado no solo en los resultados, sino tambi\u00e9n en el&nbsp;<strong>rendimiento general del A526<\/strong>. Como consecuencia de esto,&nbsp;<a href=\"https:\/\/www.eldestapeweb.com\/deportes\/gp-italia-antecedentes-preocupan-franco-colapinto-renovacion-alpine-202683017649\"><strong>Franco Colapinto<\/strong><\/a>&nbsp;ha podido&nbsp;<strong>demostrar m\u00e1s su val\u00eda en la primera parte del campeonato<\/strong>, a tal punto de que lleg\u00f3 a<strong>&nbsp;sumar 19 puntos antes del parate<\/strong>&nbsp;por el verano europeo.<\/p>\n\n\n\n<p class=\"wp-block-paragraph\">Si bien se esperaba que la&nbsp;<strong>renovaci\u00f3n&nbsp;<\/strong>llegue durante el receso,&nbsp;<strong>el anuncio de Alpine finalmente sali\u00f3 a la luz el jueves pasado<\/strong>&nbsp;despu\u00e9s del&nbsp;<strong>GP de Pa\u00edses Bajos<\/strong>, en el que&nbsp;<strong>el piloto argentino termin\u00f3 en el decimocuarto lugar<\/strong>. En este contexto, las redes sociales de la&nbsp;<strong>m\u00e1xima categor\u00eda<\/strong>&nbsp;celebraron la noticia con varios&nbsp;<strong>posteos dedicados a Colapinto<\/strong>, aunque uno de ellos llam\u00f3 poderosamente la atenci\u00f3n por su&nbsp;<strong>contenido audiovisual<\/strong>.<\/p>\n\n\n\n<p class=\"wp-block-paragraph\">A trav\u00e9s de su cuenta de Instagram,<strong>&nbsp;la F1 public\u00f3 un video con los mejores momentos que atraves\u00f3 el pilarense en la presente temporada<\/strong>, incluyendo algunas de sus m\u00e1s&nbsp;<strong>asombrosas maniobras<\/strong>. Entre ellas puede vislumbrarse un par en las largadas y el&nbsp;<strong>doble rebase a Pierre Gasly y Liam Lawson<\/strong>&nbsp;que tuvo lugar en el&nbsp;<strong>GP de B\u00e9lgica<\/strong>&nbsp;y que, a priori, le hab\u00eda dado el&nbsp;<strong>premio al Mejor Adelantamiento del Mes en julio<\/strong>.<\/p>\n\n\n\n<p class=\"wp-block-paragraph\"><strong>\u201cEsperen mucho m\u00e1s de esto con @francolapinto la pr\u00f3xima temporada\u201d<\/strong>, escribieron en la descripci\u00f3n de la publicaci\u00f3n, aunque&nbsp;<strong>el recibimiento de los fan\u00e1ticos no fue el mejor<\/strong>&nbsp;debido a los&nbsp;<strong>reclamos por el galard\u00f3n del mes<\/strong>. De hecho, muchos usuarios aprovecharon la oportunidad para quejarse de que hayan incluido el&nbsp;<strong>doble adelantamiento<\/strong>&nbsp;despu\u00e9s de que los profesionales hayan metido mano para&nbsp;<strong>entregarle el premio a Max Verstappen por su rebase sobre Lewis Hamilton<\/strong>&nbsp;en&nbsp;<strong>Budapest<\/strong>.<\/p>\n\n\n\n<p class=\"wp-block-paragraph\">Por fuera de lo sucedido en las pistas, el video cierra con un\u00a0<strong>emotivo abrazo de Colapinto con Lionel Messi<\/strong>, quien fue a visitarlo al<strong>\u00a0GP de Miami<\/strong>\u00a0a inicios de mayo y le mostr\u00f3 todo su apoyo para lo que se viene. Aun con la presencia del\u00a0<strong>Diez<\/strong>, los fans siguieron\u00a0<strong>criticando a la F1<\/strong>, incluso con\u00a0<strong>mensajes hacia la FIA por las cuestionables sanciones que recibi\u00f3 el argentino<\/strong>\u00a0en el pasado\u00a0<strong>GP de Pa\u00edses Bajos.<\/strong><\/p>\n\n\n\n<figure class=\"wp-block-image size-full\"><a href=\"https:\/\/fmmural91.uno\/2024\/wp-content\/uploads\/2026\/09\/Captura-de-pantalla-2026-09-02-111639.png\"><img fetchpriority=\"high\" decoding=\"async\" width=\"706\" height=\"413\" src=\"https:\/\/fmmural91.uno\/2024\/wp-content\/uploads\/2026\/09\/Captura-de-pantalla-2026-09-02-111639.png\" alt=\"\" class=\"wp-image-3609\" srcset=\"https:\/\/fmmural91.uno\/2024\/wp-content\/uploads\/2026\/09\/Captura-de-pantalla-2026-09-02-111639.png 706w, https:\/\/fmmural91.uno\/2024\/wp-content\/uploads\/2026\/09\/Captura-de-pantalla-2026-09-02-111639-559x327.png 559w\" sizes=\"(max-width: 706px) 100vw, 706px\" \/><\/a><\/figure>\n\n\n\n<p class=\"wp-block-paragraph\">El argentino suma 19 puntos en la temporada.<\/p>\n\n\n\n<h2 class=\"wp-block-heading\">\u00bfCu\u00e1ndo es la siguiente carrera de la F1?<\/h2>\n\n\n\n<p class=\"wp-block-paragraph\">Tras el&nbsp;<strong>GP de Pa\u00edses<\/strong>&nbsp;<strong>Bajos<\/strong>, la&nbsp;<strong>F\u00f3rmula 1<\/strong>&nbsp;tendr\u00e1 una semana libre antes de la siguiente fecha, que se llevar\u00e1 a cabo en el&nbsp;<strong>Autodromo Nazionale di Monza<\/strong>&nbsp;el pr\u00f3ximo mes. All\u00ed se desarrollar\u00e1 el&nbsp;<strong>Gran Premio de Italia<\/strong>&nbsp;por la&nbsp;<strong>decimotercera fecha&nbsp;<\/strong>entre el&nbsp;<strong>4 y 6 de septiembre<\/strong>&nbsp;bajo el&nbsp;<strong>formato tradicional<\/strong>, es decir, sin carrera sprint.<\/p>\n\n\n\n<ul class=\"wp-block-list\">\n<li><a href=\"https:\/\/www.eldestapeweb.com\/tag\/formula-1\">F\u00f3rmula 1<\/a><\/li>\n\n\n\n<li><a href=\"https:\/\/www.eldestapeweb.com\/tag\/franco-colapinto\">Franco Colapinto<\/a><\/li>\n\n\n\n<li><a href=\"https:\/\/www.eldestapeweb.com\/tag\/alpine\">ALPINE<\/a><\/li>\n\n\n\n<li><a href=\"https:\/\/www.eldestapeweb.com\/tag\/f1\">F1<\/a><\/li>\n\n\n\n<li><a href=\"https:\/\/www.eldestapeweb.com\/tag\/automovilismo\">Automovilismo<\/a><\/li>\n<\/ul>\n","protected":false},"excerpt":{"rendered":"<p>La m\u00e1xima categor\u00eda le dedic\u00f3 un posteo al piloto argentino tras anunciarse su continuidad con el equipo galo. Qu\u00e9 dijeron. Fuente: https:\/\/www.eldestapeweb.com\/ 2 de septiembre, 2026. A diferencia del complicado 2025, la&nbsp;nueva era de la&nbsp;F\u00f3rmula 1&nbsp;le ha sentado bien a&nbsp;Alpine&nbsp;con sus&nbsp;nuevos motores de Mercedes, algo que se vio reflejado no solo en los resultados, sino [&hellip;]<\/p>\n","protected":false},"author":3,"featured_media":3610,"comment_status":"closed","ping_status":"closed","sticky":false,"template":"","format":"standard","meta":{"sync_status":"","episode_type":"","audio_file":"","castos_file_data":"","podmotor_file_id":"","cover_image":"","cover_image_id":"","duration":"","filesize":"","filesize_raw":"","date_recorded":"","explicit":"","block":"","footnotes":""},"categories":[18],"tags":[],"class_list":["post-3608","post","type-post","status-publish","format-standard","has-post-thumbnail","hentry","category-nacionales"],"_links":{"self":[{"href":"https:\/\/fmmural91.uno\/2024\/wp-json\/wp\/v2\/posts\/3608","targetHints":{"allow":["GET"]}}],"collection":[{"href":"https:\/\/fmmural91.uno\/2024\/wp-json\/wp\/v2\/posts"}],"about":[{"href":"https:\/\/fmmural91.uno\/2024\/wp-json\/wp\/v2\/types\/post"}],"author":[{"embeddable":true,"href":"https:\/\/fmmural91.uno\/2024\/wp-json\/wp\/v2\/users\/3"}],"replies":[{"embeddable":true,"href":"https:\/\/fmmural91.uno\/2024\/wp-json\/wp\/v2\/comments?post=3608"}],"version-history":[{"count":1,"href":"https:\/\/fmmural91.uno\/2024\/wp-json\/wp\/v2\/posts\/3608\/revisions"}],"predecessor-version":[{"id":3611,"href":"https:\/\/fmmural91.uno\/2024\/wp-json\/wp\/v2\/posts\/3608\/revisions\/3611"}],"wp:featuredmedia":[{"embeddable":true,"href":"https:\/\/fmmural91.uno\/2024\/wp-json\/wp\/v2\/media\/3610"}],"wp:attachment":[{"href":"https:\/\/fmmural91.uno\/2024\/wp-json\/wp\/v2\/media?parent=3608"}],"wp:term":[{"taxonomy":"category","embeddable":true,"href":"https:\/\/fmmural91.uno\/2024\/wp-json\/wp\/v2\/categories?post=3608"},{"taxonomy":"post_tag","embeddable":true,"href":"https:\/\/fmmural91.uno\/2024\/wp-json\/wp\/v2\/tags?post=3608"}],"curies":[{"name":"wp","href":"https:\/\/api.w.org\/{rel}","templated":true}]}}