{"id":3612,"date":"2026-09-02T11:27:03","date_gmt":"2026-09-02T14:27:03","guid":{"rendered":"https:\/\/fmmural91.uno\/2024\/?p=3612"},"modified":"2026-09-02T11:27:04","modified_gmt":"2026-09-02T14:27:04","slug":"la-fia-ratifico-que-apoya-un-gran-premio-de-formula-1-en-argentina-pero-pidio-paciencia","status":"publish","type":"post","link":"https:\/\/fmmural91.uno\/2024\/la-fia-ratifico-que-apoya-un-gran-premio-de-formula-1-en-argentina-pero-pidio-paciencia\/","title":{"rendered":"La FIA ratific\u00f3 que apoya un Gran Premio de F\u00f3rmula 1 en Argentina pero pidi\u00f3 \u00abpaciencia\u00bb"},"content":{"rendered":"\n<p class=\"wp-block-paragraph\">El dirigente de la entidad opin\u00f3 que el pa\u00eds tiene \u201chistoria y trayectoria\u201d suficiente para volver a alojar a la categor\u00eda por primera vez desde 1998. Sin embargo confirm\u00f3 que no \u00abser\u00e1 en el corto plazo\u00bb.<\/p>\n\n\n\n<p class=\"wp-block-paragraph\"><a href=\"https:\/\/www.eldestapeweb.com\/perfil\/matias-fernandez\">Por Mat\u00edas Fern\u00e1ndez<\/a>   &#8211;    Fuente: <a href=\"https:\/\/www.eldestapeweb.com\/\">https:\/\/www.eldestapeweb.com\/<\/a>   2 de septiembre, 2026.<\/p>\n\n\n\n<p class=\"wp-block-paragraph\">En medio de la fiebre por la&nbsp;<strong>F\u00f3rmula 1 en el pa\u00eds<\/strong>, el&nbsp;presidente de la Federaci\u00f3n Internacional del Autom\u00f3vil (FIA), Mohammed Ben Sulayem, declar\u00f3 que \u201cser\u00eda muy bueno para Argentina y para la categor\u00eda\u201d el retorno de la competencia a Argentina.&nbsp;<strong>Sin embargo, no le puso plazos a la cantidad de a\u00f1os que ello podr\u00eda tardar aunque pidi\u00f3 \u00abpaciencia\u00bb.<\/strong><\/p>\n\n\n\n<p class=\"wp-block-paragraph\"><strong>El dirigente de la entidad opin\u00f3 que el pa\u00eds tiene \u201chistoria y trayectoria\u201d suficiente para volver a alojar a la categor\u00eda por primera vez desde 1998.&nbsp;<\/strong>Apoyado en la gran popularidad de Franco Colapinto que -actualmente- tiene su tercera temporada, la F\u00f3rmula 1 mantiene un gran crecimiento y expectativas de poder llegar al pa\u00eds. Sin embargo no ser\u00e1 en el 2027 y posiblemente estar\u00e1&nbsp;m\u00e1s cerca del 2029 o incluso del 20:30.<\/p>\n\n\n\n<p class=\"wp-block-paragraph\"><strong>Ben Sulayem confirm\u00f3 que apoyar\u00e1 el regreso de la F1 y pero sum\u00f3 la posibilidad de que llegue el Campeonato Mundial de Rally (WRC)&nbsp;<\/strong>al pa\u00eds, ya que la Argentina se lo merece por su \u201chistoria y trayectoria\u201d.&nbsp;<strong>Por otro lado dijo que en 2027 \u00abser\u00eda&nbsp;muy pronto para que la F\u00f3rmula 1 vuelva a la Argentina pero pido paciencia\u00bb. En la conferencia de prensa por otro lado&nbsp;&nbsp;dej\u00f3 en claro que no tiene dudas desde lo emocional, aunque enfatiz\u00f3 en que se debe \u201catravesar un proceso\u201d, trazando un plan de negocios y con la evaluaci\u00f3n necesaria del cupo en el calendario deportivo de la categor\u00eda.&nbsp;<\/strong><\/p>\n\n\n\n<p class=\"wp-block-paragraph\">Con respecto a lo que sostiene a nivel deportivo y Mundial tamb\u00e9n hizo hincapi\u00e9 en que el Calendario de las temporada de F\u00f3rmula 1 no crecer\u00e1 sino que m\u00e1s bien tiende a achicarse en la cantidad de competencia . \u201cSi la Argentina entra, alguien tiene que salir\u201d contin\u00fao el mandatario, por lo que deber\u00e1 evaluar las prioridades y priorizar el negocio, que opina que \u201cser\u00eda muy bueno para la Argentina y la categor\u00eda\u201d.<\/p>\n\n\n\n<p class=\"wp-block-paragraph\">El plan para volver a tener a la competencia en la&nbsp;<strong>Ciudad de Buenos Aires<\/strong>&nbsp;parece tomar cada vez m\u00e1s forma, sobre todo con la&nbsp;<strong>visita de Mohammed ben Sulayem<\/strong>&nbsp;al&nbsp;<strong>Congreso Americano Buenos Aires 2026<\/strong>&nbsp;que se llev\u00f3 a cabo este lunes. El evento organizado por el<strong>&nbsp;Autom\u00f3vil Club Argentino<\/strong>&nbsp;fue abierto por&nbsp;<a href=\"https:\/\/www.eldestapeweb.com\/deportes\/javier-milei-anuncio-desean-vuelta-formula-1-argentina-queremos-ver-colapinto-202683112254\"><strong>Javier Milei<\/strong><\/a>, quien dej\u00f3 en claro sus intenciones de que&nbsp;<strong>Argentina vuelva a ser sede de la F1 y del Rally<\/strong><\/p>\n\n\n\n<p class=\"wp-block-paragraph\"><a href=\"https:\/\/www.eldestapeweb.com\/tag\/formula-1\">F\u00f3rmula 1<\/a><\/p>\n","protected":false},"excerpt":{"rendered":"<p>El dirigente de la entidad opin\u00f3 que el pa\u00eds tiene \u201chistoria y trayectoria\u201d suficiente para volver a alojar a la categor\u00eda por primera vez desde 1998. Sin embargo confirm\u00f3 que no \u00abser\u00e1 en el corto plazo\u00bb. Por Mat\u00edas Fern\u00e1ndez &#8211; Fuente: https:\/\/www.eldestapeweb.com\/ 2 de septiembre, 2026. En medio de la fiebre por la&nbsp;F\u00f3rmula 1 en [&hellip;]<\/p>\n","protected":false},"author":3,"featured_media":3613,"comment_status":"closed","ping_status":"closed","sticky":false,"template":"","format":"standard","meta":{"sync_status":"","episode_type":"","audio_file":"","castos_file_data":"","podmotor_file_id":"","cover_image":"","cover_image_id":"","duration":"","filesize":"","filesize_raw":"","date_recorded":"","explicit":"","block":"","footnotes":""},"categories":[18],"tags":[],"class_list":["post-3612","post","type-post","status-publish","format-standard","has-post-thumbnail","hentry","category-nacionales"],"_links":{"self":[{"href":"https:\/\/fmmural91.uno\/2024\/wp-json\/wp\/v2\/posts\/3612","targetHints":{"allow":["GET"]}}],"collection":[{"href":"https:\/\/fmmural91.uno\/2024\/wp-json\/wp\/v2\/posts"}],"about":[{"href":"https:\/\/fmmural91.uno\/2024\/wp-json\/wp\/v2\/types\/post"}],"author":[{"embeddable":true,"href":"https:\/\/fmmural91.uno\/2024\/wp-json\/wp\/v2\/users\/3"}],"replies":[{"embeddable":true,"href":"https:\/\/fmmural91.uno\/2024\/wp-json\/wp\/v2\/comments?post=3612"}],"version-history":[{"count":1,"href":"https:\/\/fmmural91.uno\/2024\/wp-json\/wp\/v2\/posts\/3612\/revisions"}],"predecessor-version":[{"id":3614,"href":"https:\/\/fmmural91.uno\/2024\/wp-json\/wp\/v2\/posts\/3612\/revisions\/3614"}],"wp:featuredmedia":[{"embeddable":true,"href":"https:\/\/fmmural91.uno\/2024\/wp-json\/wp\/v2\/media\/3613"}],"wp:attachment":[{"href":"https:\/\/fmmural91.uno\/2024\/wp-json\/wp\/v2\/media?parent=3612"}],"wp:term":[{"taxonomy":"category","embeddable":true,"href":"https:\/\/fmmural91.uno\/2024\/wp-json\/wp\/v2\/categories?post=3612"},{"taxonomy":"post_tag","embeddable":true,"href":"https:\/\/fmmural91.uno\/2024\/wp-json\/wp\/v2\/tags?post=3612"}],"curies":[{"name":"wp","href":"https:\/\/api.w.org\/{rel}","templated":true}]}}