{"id":3622,"date":"2026-09-04T08:50:38","date_gmt":"2026-09-04T11:50:38","guid":{"rendered":"https:\/\/fmmural91.uno\/2024\/?p=3622"},"modified":"2026-09-04T08:50:39","modified_gmt":"2026-09-04T11:50:39","slug":"el-discurso-de-milei-recuerda-a-galtieri","status":"publish","type":"post","link":"https:\/\/fmmural91.uno\/2024\/el-discurso-de-milei-recuerda-a-galtieri\/","title":{"rendered":"El discurso de Milei recuerda a Galtieri"},"content":{"rendered":"\n<p class=\"wp-block-paragraph\"><a href=\"https:\/\/www.eldestapeweb.com\/perfil\/luis-aparicio\">Por\u00a0Luis Aparicio<\/a>   &#8211;   Fuente: <a href=\"https:\/\/www.eldestapeweb.com\/\">https:\/\/www.eldestapeweb.com\/<\/a>   4 de septiembre, 2026.<\/p>\n\n\n\n<p class=\"wp-block-paragraph\">Lo primero que hay que decir es que el presidente J<strong>avier Milei se sum\u00f3 a la convocatoria que \u00e9l mismo hace<\/strong>. En lo que lleva de gesti\u00f3n,<strong>&nbsp;es&nbsp;la primera vez que lo escuchamos leyendo art\u00edculos de la Constituci\u00f3n Nacional<\/strong>, en los que cita las leyes que ya est\u00e1n vigentes desde hace tiempo y no se cumplen. El lunes pasado, desde el&nbsp;<strong>Centro Ex Combatientes Islas Malvinas (CECIM)<\/strong>, nosotros le pedimos a la Justicia exactamente lo mismo: que hagan uso de todos los medios a su alcance&nbsp;<strong>para frenar la explotaci\u00f3n de nuestro territorio en las Islas Malvinas<\/strong>, haciendo invocaci\u00f3n a la cuesti\u00f3n ambiental y de nuestra soberan\u00eda.<\/p>\n\n\n\n<p class=\"wp-block-paragraph\">Si nosotros decimos que esa zona es nuestra y tenemos una ley de ambiente,&nbsp;<strong>queremos que se haga la evaluaci\u00f3n de impacto ambiental necesaria<\/strong>&nbsp;para que no nos afecte a nosotros. Porque otro aspecto no menor&nbsp;<strong>es que est\u00e1n haci\u00e9ndolo en la plataforma nuestra<\/strong>, en una zona que est\u00e1&nbsp;en disputa y en la que adem\u00e1s las Naciones Unidas tienen una resoluci\u00f3n que dice que&nbsp;<strong>no se puede innovar unilateralmente<\/strong>.&nbsp;Y&nbsp;eso no es solo con el petr\u00f3leo, lo&nbsp;vienen haciendo con la pesca hace muchos a\u00f1os.&nbsp;<\/p>\n\n\n\n<p class=\"wp-block-paragraph\"><strong>En esto Milei me hace acordar a Galtieri.<\/strong>&nbsp;\u00c9l cre\u00eda que ten\u00eda a los norteamericanos de amigos cuando los norteamericanos, en realidad, tienen una historia con Malvinas.&nbsp;No respetaron el Tratado Interamericano de Asistencia Rec\u00edproca (TIAR) en el 1982 durante la guerra y&nbsp;<strong>son los que bombardearon el antiguo Puerto Luis&nbsp;<\/strong>y el&nbsp;Puerto de la Soledad en Malvinas, previo a que los ingleses vieran y lo usurpen.&nbsp;<strong>Los estadounidenses nunca fueron indiferentes a Malvinas.&nbsp;<\/strong><\/p>\n\n\n\n<p class=\"wp-block-paragraph\">Me preocupa mucho&nbsp;el tema del&nbsp;enemigo interno, el crear&nbsp;un Consejo de Seguridad, una base, que si bien ya se est\u00e1&nbsp;construyendo&#8230;&nbsp;<strong>\u00bfPor qu\u00e9&nbsp;van los norteamericanos a Ushuaia?<\/strong>&nbsp;Vamos a tener una base con ellos, con todo lo que cost\u00f3 sacarlos&nbsp;de toda Latinoam\u00e9rica&nbsp;en d\u00f3nde estaban.<\/p>\n\n\n\n<p class=\"wp-block-paragraph\"><strong>Al gobierno nunca le interes\u00f3 nada de todo esto y escucharlo ahora me da estupor.&nbsp;<\/strong>Es la primera vez que asisten a este problema.<\/p>\n\n\n\n<p class=\"wp-block-paragraph\">Me apena much\u00edsimo la situaci\u00f3n que se vive por varias cuestiones. Primero porque despu\u00e9s de todos los lazos que se hab\u00edan construido para hacer la patria grande de nuestros libertadores, Inglaterra termin\u00f3 metido desde el principio para que eso no ocurra.&nbsp;Segundo, me apena much\u00edsimo porque<strong>&nbsp;se est\u00e1n disipando&nbsp;todas las alianzas que nosotros ten\u00edamos<\/strong>&nbsp;y en tercer lugar, me apena porque&nbsp;<strong>realmente seguimos sosteniendo que eso es un peligro:&nbsp;<\/strong>tener una base de la OTAN tan cerca del continente es un verdadero peligro&nbsp;para todo el Cono Sur, no solo para la Argentina, y sobre todo es un peligro que el aliado sea Estados Unidos.&nbsp;<strong>Con los a\u00f1os nos vamos dando cuenta que asistimos a un proceso de destrucci\u00f3n del pa\u00eds y nos estamos transformando de a poco en una colonia.<\/strong><\/p>\n\n\n\n<ul class=\"wp-block-list\">\n<li><a href=\"https:\/\/www.eldestapeweb.com\/tag\/ex-combatientes-de-malvinas\">Ex combatientes de Malvinas<\/a><\/li>\n\n\n\n<li><a href=\"https:\/\/www.eldestapeweb.com\/tag\/malvinas\">Malvinas<\/a><\/li>\n\n\n\n<li><a href=\"https:\/\/www.eldestapeweb.com\/tag\/guerra-de-malvinas\">Guerra de Malvinas<\/a><\/li>\n\n\n\n<li><a href=\"https:\/\/www.eldestapeweb.com\/tag\/cecim\">CECIM<\/a><\/li>\n\n\n\n<li><a href=\"https:\/\/www.eldestapeweb.com\/tag\/islas-malvinas\">Islas Malvinas<\/a><\/li>\n\n\n\n<li><a href=\"https:\/\/www.eldestapeweb.com\/tag\/javier-milei-presidente\">Javier Milei presidente<\/a><\/li>\n<\/ul>\n","protected":false},"excerpt":{"rendered":"<p>Por\u00a0Luis Aparicio &#8211; Fuente: https:\/\/www.eldestapeweb.com\/ 4 de septiembre, 2026. Lo primero que hay que decir es que el presidente Javier Milei se sum\u00f3 a la convocatoria que \u00e9l mismo hace. En lo que lleva de gesti\u00f3n,&nbsp;es&nbsp;la primera vez que lo escuchamos leyendo art\u00edculos de la Constituci\u00f3n Nacional, en los que cita las leyes que ya [&hellip;]<\/p>\n","protected":false},"author":3,"featured_media":3623,"comment_status":"closed","ping_status":"closed","sticky":false,"template":"","format":"standard","meta":{"sync_status":"","episode_type":"","audio_file":"","castos_file_data":"","podmotor_file_id":"","cover_image":"","cover_image_id":"","duration":"","filesize":"","filesize_raw":"","date_recorded":"","explicit":"","block":"","footnotes":""},"categories":[18],"tags":[],"class_list":["post-3622","post","type-post","status-publish","format-standard","has-post-thumbnail","hentry","category-nacionales"],"_links":{"self":[{"href":"https:\/\/fmmural91.uno\/2024\/wp-json\/wp\/v2\/posts\/3622","targetHints":{"allow":["GET"]}}],"collection":[{"href":"https:\/\/fmmural91.uno\/2024\/wp-json\/wp\/v2\/posts"}],"about":[{"href":"https:\/\/fmmural91.uno\/2024\/wp-json\/wp\/v2\/types\/post"}],"author":[{"embeddable":true,"href":"https:\/\/fmmural91.uno\/2024\/wp-json\/wp\/v2\/users\/3"}],"replies":[{"embeddable":true,"href":"https:\/\/fmmural91.uno\/2024\/wp-json\/wp\/v2\/comments?post=3622"}],"version-history":[{"count":1,"href":"https:\/\/fmmural91.uno\/2024\/wp-json\/wp\/v2\/posts\/3622\/revisions"}],"predecessor-version":[{"id":3624,"href":"https:\/\/fmmural91.uno\/2024\/wp-json\/wp\/v2\/posts\/3622\/revisions\/3624"}],"wp:featuredmedia":[{"embeddable":true,"href":"https:\/\/fmmural91.uno\/2024\/wp-json\/wp\/v2\/media\/3623"}],"wp:attachment":[{"href":"https:\/\/fmmural91.uno\/2024\/wp-json\/wp\/v2\/media?parent=3622"}],"wp:term":[{"taxonomy":"category","embeddable":true,"href":"https:\/\/fmmural91.uno\/2024\/wp-json\/wp\/v2\/categories?post=3622"},{"taxonomy":"post_tag","embeddable":true,"href":"https:\/\/fmmural91.uno\/2024\/wp-json\/wp\/v2\/tags?post=3622"}],"curies":[{"name":"wp","href":"https:\/\/api.w.org\/{rel}","templated":true}]}}