{"id":3625,"date":"2026-09-04T09:04:13","date_gmt":"2026-09-04T12:04:13","guid":{"rendered":"https:\/\/fmmural91.uno\/2024\/?p=3625"},"modified":"2026-09-04T09:04:14","modified_gmt":"2026-09-04T12:04:14","slug":"malvinas-criticas-y-desconfianza-de-la-oposicion-ante-el-drastico-giro-de-milei","status":"publish","type":"post","link":"https:\/\/fmmural91.uno\/2024\/malvinas-criticas-y-desconfianza-de-la-oposicion-ante-el-drastico-giro-de-milei\/","title":{"rendered":"Malvinas: cr\u00edticas y desconfianza de la oposici\u00f3n ante el dr\u00e1stico giro de Milei"},"content":{"rendered":"\n<p class=\"wp-block-paragraph\">El peronismo calific\u00f3 de tard\u00edas y oportunistas las sanciones anunciadas contra las petroleras que operan en Sea Lion. Record\u00f3 las concesiones realizadas al Reino Unido y advirti\u00f3 que la base naval y el Consejo de Seguridad podr\u00edan profundizar el alineamiento con Estados Unidos.<\/p>\n\n\n\n<p class=\"wp-block-paragraph\"><a href=\"https:\/\/www.eldestapeweb.com\/perfil\/fernando-cibeira\">Por\u00a0Fernando Cibeira<\/a>\u00a0   &#8211;   Fuente: <a href=\"https:\/\/www.eldestapeweb.com\/\">https:\/\/www.eldestapeweb.com\/<\/a>   4 de septiembre, 2026.<\/p>\n\n\n\n<p class=\"wp-block-paragraph\">La oposici\u00f3n reaccion\u00f3 con cr\u00edticas y desconfianza ante el dr\u00e1stico giro de Javier Milei sobre Malvinas. El Presidente anunci\u00f3 sanciones contra las empresas petroleras que participen del proyecto Sea Lion, adem\u00e1s de la creaci\u00f3n de un Consejo de Seguridad Nacional y de una base integrada en Tierra del Fuego.\u00a0<strong>\u201cEl fan de Thatcher tard\u00f3 267 d\u00edas en cumplir la ley. Ahora lo hace de manera oportunista\u201d<\/strong>, se\u00f1al\u00f3 el ministro de Gobierno bonaerense, Carlos Bianco, mano derecha de Axel Kicillof.\u00a0<strong>\u201cTras tres a\u00f1os de persistente desmalvinizaci\u00f3n, Milei anuncia medidas que llegan tarde, despu\u00e9s de haber flexibilizado normas y hecho concesiones que facilitaron el avance del Reino Unido sobre nuestros intereses\u201d<\/strong>, coincidi\u00f3 el ex canciller y actual diputado Jorge Taiana. \u201c<strong>Malvinas no puede ser moneda de cambio entre Donald Trump y el Reino Unido\u201d<\/strong>, advirti\u00f3 el diputado y excombatiente Aldo Leiva.\u00a0En la oposici\u00f3n hasta utilizaron el t\u00e9rmino \u201cgaltierizar\u201d para definir la repentina voltereta nacionalista de Milei.<\/p>\n\n\n\n<p class=\"wp-block-paragraph\">En un largo tuit, Bianco record\u00f3 que el gobierno de la provincia de Buenos Aires hab\u00eda denunciado la explotaci\u00f3n ileg\u00edtima de recursos argentinos en el proyecto Sea Lion, ubicado en la cuenca norte de Malvinas.\u00a0<strong>\u201cSi reci\u00e9n hoy, casi nueve meses despu\u00e9s, Milei anuncia una medida administrativa, habr\u00e1 que preguntarse por qu\u00e9 dej\u00f3 pasar tanto tiempo mientras avanzaba un proyecto destinado a saquear nuestros recursos\u201d<\/strong>, cuestion\u00f3 el ministro de Kicillof. Dirigentes del peronismo se\u00f1alaron que contin\u00faa vigente la ley 26.659, sancionada en 2011 durante el gobierno de Cristina Kirchner, que proh\u00edbe realizar tareas hidrocarbur\u00edferas en la plataforma continental argentina sin autorizaci\u00f3n del Estado. La norma contempla sanciones no s\u00f3lo para las petroleras, sino tambi\u00e9n para quienes las financien, les presten servicios o est\u00e9n asociados con ellas. En 2021, el Estado argentino aplic\u00f3 esa ley contra la firma israel\u00ed Navitas. \u201c<strong>En todo este tiempo, Milei no adopt\u00f3 ninguna medida efectiva para afectar los intereses vinculados con este proyecto\u201d<\/strong>, advirti\u00f3 Bianco.<\/p>\n\n\n\n<p class=\"wp-block-paragraph\">Taiana subray\u00f3 que, en los casi tres a\u00f1os de gobierno de Milei, su pol\u00edtica exterior estuvo caracterizada por la \u201cdesmalvinizaci\u00f3n\u201d, con el reclamo por la soberan\u00eda pr\u00e1cticamente ausente en\u00a0sus planteos. Record\u00f3 que ya existen leyes que establecen sanciones para quienes extraigan recursos del territorio argentino sin autorizaci\u00f3n y plante\u00f3 reparos sobre otros dos anuncios del Presidente: la base naval y el Consejo de Seguridad Nacional.\u00a0<strong>\u201cLa Base Naval Integrada de Ushuaia la comenzamos a construir en 2022, cuando era ministro de Defensa, y nunca fue pensada para compartir con ning\u00fan pa\u00eds extranjero\u201d<\/strong>, puntualiz\u00f3. En cuanto al Consejo, lo enmarc\u00f3 en la estrategia contrainsurgente de Trump denominada \u201cEscudo de las Am\u00e9ricas\u201d.\u00a0<strong>\u201cResulta peligroso\u201d<\/strong>, advirti\u00f3.<\/p>\n\n\n\n<figure class=\"wp-block-image size-full\"><a href=\"https:\/\/fmmural91.uno\/2024\/wp-content\/uploads\/2026\/09\/Captura-de-pantalla-2026-09-04-085624.png\"><img fetchpriority=\"high\" decoding=\"async\" width=\"582\" height=\"687\" src=\"https:\/\/fmmural91.uno\/2024\/wp-content\/uploads\/2026\/09\/Captura-de-pantalla-2026-09-04-085624.png\" alt=\"\" class=\"wp-image-3626\" srcset=\"https:\/\/fmmural91.uno\/2024\/wp-content\/uploads\/2026\/09\/Captura-de-pantalla-2026-09-04-085624.png 582w, https:\/\/fmmural91.uno\/2024\/wp-content\/uploads\/2026\/09\/Captura-de-pantalla-2026-09-04-085624-474x559.png 474w\" sizes=\"(max-width: 582px) 100vw, 582px\" \/><\/a><\/figure>\n\n\n\n<p class=\"wp-block-paragraph\">Leiva asisti\u00f3 a la \u00faltima sesi\u00f3n de Diputados con un traje estampado con la leyenda \u201cLas Malvinas son argentinas\u201d, escrita con la misma tipograf\u00eda de la bandera que los jugadores de la Selecci\u00f3n exhibieron despu\u00e9s del partido contra Inglaterra y que se convirti\u00f3 en emblema del resurgimiento del sentimiento nacional. El diputado sostuvo que todo paso que contribuyera a recuperar la soberan\u00eda sobre las islas era bienvenido, pero advirti\u00f3 que no pod\u00eda negociarse el reemplazo de la influencia brit\u00e1nica por la estadounidense.<strong>\u00a0\u201cCuando Estados Unidos reconozca, sin condicionamientos y de manera inequ\u00edvoca, la soberan\u00eda argentina sobre las Islas Malvinas, podremos hablar de un verdadero avance diplom\u00e1tico. Hasta entonces, prudencia\u201d<\/strong>, remarc\u00f3.<\/p>\n\n\n\n<figure class=\"wp-block-image size-full\"><a href=\"https:\/\/fmmural91.uno\/2024\/wp-content\/uploads\/2026\/09\/Captura-de-pantalla-2026-09-04-085915.png\"><img decoding=\"async\" width=\"541\" height=\"330\" src=\"https:\/\/fmmural91.uno\/2024\/wp-content\/uploads\/2026\/09\/Captura-de-pantalla-2026-09-04-085915.png\" alt=\"\" class=\"wp-image-3627\"\/><\/a><\/figure>\n\n\n\n<p class=\"wp-block-paragraph\">El diputado y exministro de Defensa Agust\u00edn Rossi le dio, ir\u00f3nicamente, la bienvenida a Milei a la causa Malvinas.&nbsp;<strong>\u201cMilei habla de soberan\u00eda y en el mismo discurso justifica que puede hacer lo que dice que quiere hacer por su alianza con Trump. Deber\u00eda y podr\u00eda haberlo hecho desde el 10\/12\/2023 por ser el presidente de la Naci\u00f3n Argentina, en cumplimiento de la cl\u00e1usula transitoria 1&nbsp;de la Constituci\u00f3n Nacional\u201d<\/strong>, indic\u00f3. Respecto de la base naval de Ushuaia, record\u00f3, al igual que Taiana, que su construcci\u00f3n comenz\u00f3 en 2022, durante el gobierno de Alberto Fern\u00e1ndez. Tambi\u00e9n se\u00f1al\u00f3 que Milei le ofreci\u00f3 en dos oportunidades a Estados Unidos participar de la obra y que, apenas unas semanas atr\u00e1s, el Gobierno puso en venta terrenos aleda\u00f1os.<\/p>\n\n\n\n<figure class=\"wp-block-image size-full\"><a href=\"https:\/\/fmmural91.uno\/2024\/wp-content\/uploads\/2026\/09\/Captura-de-pantalla-2026-09-04-090102.png\"><img decoding=\"async\" width=\"552\" height=\"350\" src=\"https:\/\/fmmural91.uno\/2024\/wp-content\/uploads\/2026\/09\/Captura-de-pantalla-2026-09-04-090102.png\" alt=\"\" class=\"wp-image-3628\"\/><\/a><\/figure>\n\n\n\n<p class=\"wp-block-paragraph\">El jefe del bloque de diputados de Uni\u00f3n por la Patria, Germ\u00e1n Mart\u00ednez, advirti\u00f3\u00a0que la construcci\u00f3n de consensos deb\u00eda pasar por el Congreso.\u00a0<strong>\u201cEn 33 meses Milei no aport\u00f3 nada significativo a la Cuesti\u00f3n Malvinas; gobern\u00f3 en contra de la soberan\u00eda nacional e impidi\u00f3 todo tipo de consenso sobre el rumbo de la pol\u00edtica exterior y la defensa nacional\u201d<\/strong>, subray\u00f3. Agreg\u00f3 que, si efectivamente estaba dispuesto a avanzar en un sentido diferente, deb\u00eda convocar a las comisiones de Defensa Nacional y de Relaciones Exteriores de Diputados.\u00a0<strong>\u201cTenemos propuestas y proyectos para aportar al debate\u201d<\/strong>, afirm\u00f3.<\/p>\n\n\n\n<p class=\"wp-block-paragraph\">El ex secretario de Malvinas Daniel Filmus record\u00f3 que ya existe una causa abierta contra las empresas que operan en las islas, iniciada en 2015 y ampliada en 2021 a partir del ingreso de la petrolera israel\u00ed Navitas. Por entonces, la Argentina hab\u00eda conseguido el respaldo de distintos foros internacionales, como el Mercosur, la Celac, la Cumbre Iberoamericana y el G77+China. Esos avances quedaron luego desactivados y ahora, con casi tres a\u00f1os de demora, Milei propone profundizar esa l\u00ednea.&nbsp;<strong>\u201c\u00bfEn qu\u00e9 Milei creemos?\u201d<\/strong>, se pregunt\u00f3 Filmus. El repentino giro presidencial, con definiciones que hasta este jueves no formaban parte del discurso oficial, acentu\u00f3 la desconfianza de la oposici\u00f3n.&nbsp;<strong>Los pr\u00f3ximos pasos del Gobierno mostrar\u00e1n si se trata de un cambio efectivo de la pol\u00edtica sobre Malvinas o de un movimiento circunstancial dictado por su alianza con Estados Unidos y la necesidad de recuperar apoyos en las encuestas.<\/strong><\/p>\n\n\n\n<ul class=\"wp-block-list\">\n<li><a href=\"https:\/\/www.eldestapeweb.com\/tag\/javier-milei-presidente\">Javier Milei presidente<\/a><\/li>\n\n\n\n<li><a href=\"https:\/\/www.eldestapeweb.com\/tag\/islas-malvinas\">Islas Malvinas<\/a><\/li>\n\n\n\n<li><a href=\"https:\/\/www.eldestapeweb.com\/tag\/cadena-nacional\">Cadena Nacional<\/a><\/li>\n\n\n\n<li><a href=\"https:\/\/www.eldestapeweb.com\/tag\/originales\">Originales<\/a><\/li>\n<\/ul>\n","protected":false},"excerpt":{"rendered":"<p>El peronismo calific\u00f3 de tard\u00edas y oportunistas las sanciones anunciadas contra las petroleras que operan en Sea Lion. Record\u00f3 las concesiones realizadas al Reino Unido y advirti\u00f3 que la base naval y el Consejo de Seguridad podr\u00edan profundizar el alineamiento con Estados Unidos. Por\u00a0Fernando Cibeira\u00a0 &#8211; Fuente: https:\/\/www.eldestapeweb.com\/ 4 de septiembre, 2026. La oposici\u00f3n reaccion\u00f3 [&hellip;]<\/p>\n","protected":false},"author":3,"featured_media":3629,"comment_status":"closed","ping_status":"closed","sticky":false,"template":"","format":"standard","meta":{"sync_status":"","episode_type":"","audio_file":"","castos_file_data":"","podmotor_file_id":"","cover_image":"","cover_image_id":"","duration":"","filesize":"","filesize_raw":"","date_recorded":"","explicit":"","block":"","footnotes":""},"categories":[18],"tags":[],"class_list":["post-3625","post","type-post","status-publish","format-standard","has-post-thumbnail","hentry","category-nacionales"],"_links":{"self":[{"href":"https:\/\/fmmural91.uno\/2024\/wp-json\/wp\/v2\/posts\/3625","targetHints":{"allow":["GET"]}}],"collection":[{"href":"https:\/\/fmmural91.uno\/2024\/wp-json\/wp\/v2\/posts"}],"about":[{"href":"https:\/\/fmmural91.uno\/2024\/wp-json\/wp\/v2\/types\/post"}],"author":[{"embeddable":true,"href":"https:\/\/fmmural91.uno\/2024\/wp-json\/wp\/v2\/users\/3"}],"replies":[{"embeddable":true,"href":"https:\/\/fmmural91.uno\/2024\/wp-json\/wp\/v2\/comments?post=3625"}],"version-history":[{"count":1,"href":"https:\/\/fmmural91.uno\/2024\/wp-json\/wp\/v2\/posts\/3625\/revisions"}],"predecessor-version":[{"id":3630,"href":"https:\/\/fmmural91.uno\/2024\/wp-json\/wp\/v2\/posts\/3625\/revisions\/3630"}],"wp:featuredmedia":[{"embeddable":true,"href":"https:\/\/fmmural91.uno\/2024\/wp-json\/wp\/v2\/media\/3629"}],"wp:attachment":[{"href":"https:\/\/fmmural91.uno\/2024\/wp-json\/wp\/v2\/media?parent=3625"}],"wp:term":[{"taxonomy":"category","embeddable":true,"href":"https:\/\/fmmural91.uno\/2024\/wp-json\/wp\/v2\/categories?post=3625"},{"taxonomy":"post_tag","embeddable":true,"href":"https:\/\/fmmural91.uno\/2024\/wp-json\/wp\/v2\/tags?post=3625"}],"curies":[{"name":"wp","href":"https:\/\/api.w.org\/{rel}","templated":true}]}}