{"id":3631,"date":"2026-09-04T09:22:46","date_gmt":"2026-09-04T12:22:46","guid":{"rendered":"https:\/\/fmmural91.uno\/2024\/?p=3631"},"modified":"2026-09-04T09:22:47","modified_gmt":"2026-09-04T12:22:47","slug":"sobreendeudados-y-morosos-la-legislatura-bonaerense-trata-14-proyectos-para-aminorar-la-crisis-de-millones-de-personas","status":"publish","type":"post","link":"https:\/\/fmmural91.uno\/2024\/sobreendeudados-y-morosos-la-legislatura-bonaerense-trata-14-proyectos-para-aminorar-la-crisis-de-millones-de-personas\/","title":{"rendered":"Sobreendeudados y morosos: la legislatura bonaerense trata 14 proyectos para aminorar la crisis de millones de personas"},"content":{"rendered":"\n<p class=\"wp-block-paragraph\">El sobreendeudamiento y la morosidad escalan abruptamente y en la Legislatura bonaerense ya hay 14 proyectos espec\u00edficos por el tema. El peronismo lidera en punta con 12 escritos.\u00a0<\/p>\n\n\n\n<p class=\"wp-block-paragraph\">Por <a href=\"https:\/\/www.eldestapeweb.com\/perfil\/belen-bartoli\">Bel\u00e9n Bartoli<\/a>   &#8211;   Fuente: <a href=\"https:\/\/www.eldestapeweb.com\/\">https:\/\/www.eldestapeweb.com\/<\/a>   4 de septiembre, 2026.<\/p>\n\n\n\n<p class=\"wp-block-paragraph\">En la provincia de Buenos Aires, unas 6 millones de personas tiene deudas producto de haber recurrido a cr\u00e9ditos bancario y no bancarios. Adem\u00e1s, y producto de la crisis econ\u00f3mica actual y la recesi\u00f3n<strong>, la morosidad se cuadruplic\u00f3 y en algunos distritos trepa al 50%, lo que muestra la gravedad de la situaci\u00f3n.&nbsp;<\/strong><\/p>\n\n\n\n<p class=\"wp-block-paragraph\">El Centro de Estudios para la Ciudad (CEC), una Asociaci\u00f3n Civil conformada por profesionales comprometidos con los derechos sociales y colectivos, realiz\u00f3 un mapa de la deuda (<a href=\"https:\/\/mapadeladeuda.ar\/\">https:\/\/mapadeladeuda.ar<\/a>) A modo de ejemplo,<strong>&nbsp;en julio de 2026 las deudas de personas de hasta 25 a\u00f1os con neobancos y fintech ten\u00eda una tasa de mora por encima del 38% entre los 135 distritos.<\/strong>&nbsp;En el primer cord\u00f3n del conurbano el promedio est\u00e1 por encima del 40%.&nbsp;<\/p>\n\n\n\n<figure class=\"wp-block-image size-full\"><a href=\"https:\/\/fmmural91.uno\/2024\/wp-content\/uploads\/2026\/09\/Captura-de-pantalla-2026-09-04-091928.png\"><img fetchpriority=\"high\" decoding=\"async\" width=\"706\" height=\"332\" src=\"https:\/\/fmmural91.uno\/2024\/wp-content\/uploads\/2026\/09\/Captura-de-pantalla-2026-09-04-091928.png\" alt=\"\" class=\"wp-image-3634\" srcset=\"https:\/\/fmmural91.uno\/2024\/wp-content\/uploads\/2026\/09\/Captura-de-pantalla-2026-09-04-091928.png 706w, https:\/\/fmmural91.uno\/2024\/wp-content\/uploads\/2026\/09\/Captura-de-pantalla-2026-09-04-091928-559x263.png 559w\" sizes=\"(max-width: 706px) 100vw, 706px\" \/><\/a><\/figure>\n\n\n\n<p class=\"wp-block-paragraph\">En tanto,<strong>&nbsp;los cr\u00e9ditos solicitados a financieras de cuotas y pr\u00e9stamos personales en todas las edades la tasa de morosidad promedio llega al 50%. Incluso en el conurbano, el mismo rector aumenta considerablemente. &nbsp;<\/strong><\/p>\n\n\n\n<figure class=\"wp-block-image size-full\"><a href=\"https:\/\/fmmural91.uno\/2024\/wp-content\/uploads\/2026\/09\/Captura-de-pantalla-2026-09-04-092029.png\"><img decoding=\"async\" width=\"708\" height=\"325\" src=\"https:\/\/fmmural91.uno\/2024\/wp-content\/uploads\/2026\/09\/Captura-de-pantalla-2026-09-04-092029.png\" alt=\"\" class=\"wp-image-3635\" srcset=\"https:\/\/fmmural91.uno\/2024\/wp-content\/uploads\/2026\/09\/Captura-de-pantalla-2026-09-04-092029.png 708w, https:\/\/fmmural91.uno\/2024\/wp-content\/uploads\/2026\/09\/Captura-de-pantalla-2026-09-04-092029-559x257.png 559w\" sizes=\"(max-width: 708px) 100vw, 708px\" \/><\/a><\/figure>\n\n\n\n<p class=\"wp-block-paragraph\">La problem\u00e1tica lleg\u00f3 a la Legislatura bonaerense con, hasta el momento,&nbsp;<strong>14 proyectos de ley presentados en Diputados y Senadores. De esos 14 escritos, una docena corresponden a legisladores y legisladoras del peronismo, mientras que los 2 restantes los presentaron el bloque UCR + Cambio Federal y Hechos. &nbsp;<\/strong><\/p>\n\n\n\n<h2 class=\"wp-block-heading\">Los proyectos en Diputados<\/h2>\n\n\n\n<p class=\"wp-block-paragraph\">El primer proyecto lo present\u00f3 en junio de 2025 la diputada provincial referenciada en el Movimiento Derecho al Futuro,&nbsp;<strong>Ana Balor<\/strong>.&nbsp;<strong>La legisladora ya lleva 4 escritos sobre el tema y viene trabajando la problem\u00e1tica cuando la misma a\u00fan no hab\u00eda explotado.&nbsp;<\/strong><\/p>\n\n\n\n<p class=\"wp-block-paragraph\">El expediente D1748\/25-26 propone&nbsp;<strong>modificar el C\u00f3digo Provincial de Implementaci\u00f3n de los Derechos de los Consumidores y Usuarios e incorporar el concepto de \u201csobreendeudamiento\u201d. Adem\u00e1s, establece una instancia prejudicial para bajar la morosidad actual.&nbsp;<\/strong><\/p>\n\n\n\n<p class=\"wp-block-paragraph\">El escrito detalla un protocolo de mediaci\u00f3n administrativa obligatoria y la suspensi\u00f3n de embargos y ejecuciones judiciales por 90 d\u00edas para quienes acrediten esa condici\u00f3n. En di\u00e1logo con&nbsp;<strong><em>El Destape<\/em><\/strong>, Balor cont\u00f3:&nbsp;<strong>\u201cEs una situaci\u00f3n que ven\u00edamos viendo hace varios meses en la calle. Muchos vecinos nos contaban que ten\u00edan una deuda, no pod\u00edan cubrirla, tomaban otra deuda y los intereses se iban por las nubes\u201d.<\/strong><\/p>\n\n\n\n<p class=\"wp-block-paragraph\">La\u00a0segunda iniciativa (D- 396\/26-27),<strong>\u00a0\u201cproh\u00edbe el hostigamiento y trato indigno por cobro extrajudicial de deuda\u201d hacia las personas.<\/strong>\u00a0Adem\u00e1s, busca sancionar \u201cel acoso telef\u00f3nico\u201d, \u201clas amenazas y la exposici\u00f3n p\u00fablica de los deudores\u201d. Esta iniciativa se enmarca en la ausencia de una regulaci\u00f3n de los \u201cpar\u00e1metros m\u00ednimos obligatorios de calidad para los Servicios de Atenci\u00f3n y Comunicaci\u00f3n a Distancia, que brindan los proveedores de bienes y servicios\u201d, luego de que Javier Milei derogase la resoluci\u00f3n 1033\/2021 que fijaba dichos par\u00e1metros.\u00a0<\/p>\n\n\n\n<figure class=\"wp-block-image size-full\"><a href=\"https:\/\/fmmural91.uno\/2024\/wp-content\/uploads\/2026\/09\/Captura-de-pantalla-2026-09-04-091555.png\"><img decoding=\"async\" width=\"733\" height=\"430\" src=\"https:\/\/fmmural91.uno\/2024\/wp-content\/uploads\/2026\/09\/Captura-de-pantalla-2026-09-04-091555.png\" alt=\"\" class=\"wp-image-3633\" srcset=\"https:\/\/fmmural91.uno\/2024\/wp-content\/uploads\/2026\/09\/Captura-de-pantalla-2026-09-04-091555.png 733w, https:\/\/fmmural91.uno\/2024\/wp-content\/uploads\/2026\/09\/Captura-de-pantalla-2026-09-04-091555-559x328.png 559w\" sizes=\"(max-width: 733px) 100vw, 733px\" \/><\/a><\/figure>\n\n\n\n<p class=\"wp-block-paragraph\">El tercer proyecto (D -2613\/27-27) establece la<strong>&nbsp;\u201cprotecci\u00f3n de los consumidores en el comercio electr\u00f3nico\u201d, a partir de un fen\u00f3meno de \u00e9poca llamado \u201cprecio din\u00e1micos\u201d (dynamic pricing).<\/strong>&nbsp;Dicha modalidad<strong>&nbsp;altera el valor de un producto o servicio bas\u00e1ndose en los datos recolectados del propio consumidor, como puede ser la ubicaci\u00f3n, modelo del celular, la demanda del momento, la urgencia detectada, etc.<\/strong><\/p>\n\n\n\n<p class=\"wp-block-paragraph\">Se genera una \u201cdiscriminaci\u00f3n algor\u00edtmica\u201d, ya que -a trav\u00e9s del uso de datos personales se segmenta y cobran precios m\u00e1s altos a determinados sectores sociales.&nbsp;<strong>El proyecto \u201cproh\u00edbe\u201d el uso de precios din\u00e1micos que exige que los valores de un producto, una vez iniciado el proceso de compra, quede congelado por 60 minutos.<\/strong><\/p>\n\n\n\n<p class=\"wp-block-paragraph\">El cuarto escrito crea el&nbsp;<strong>Servicio Provincial de Conciliaci\u00f3n de Consumo (SEPROCC)<\/strong>, un espacio compuesto por \u201cconciliadores\u201d para mediar entre el consumidor y el prestamista. El objetivo es dar una respuesta r\u00e1pida y consensuada entre las partes. En caso de no lograrlo, la v\u00eda judicial queda disponible. El SEPROCC&nbsp;<strong>reemplazar\u00eda al Servicio de Conciliaci\u00f3n Previa en las Relaciones de Consumo (COPREC), un espacio nacional que cerrado a trav\u00e9s del decreto nacional 55\/2025.&nbsp;<\/strong><\/p>\n\n\n\n<p class=\"wp-block-paragraph\">Desde el Frente Renovador, el diputado&nbsp;<strong>Juan Mart\u00edn Malpeli&nbsp;<\/strong>present\u00f3 dos proyectos. El primero de ellos (D 3019\/ 26-27) que incorpora dos cap\u00edtulos nuevos a la Ley 13.133 (C\u00f3digo provincial de los Derechos de los Consumidores y Usuarios); el de<strong>&nbsp;\u201cprotecci\u00f3n del consumidor en operaciones de cr\u00e9dito y financiaci\u00f3n\u201d y el de \u201cpublicidad y promoci\u00f3n del cr\u00e9dito de consumo\u201d.<\/strong><\/p>\n\n\n\n<p class=\"wp-block-paragraph\">El escrito obliga a la autoridad de aplicaci\u00f3n a&nbsp;<strong>\u201cprevenir pr\u00e1cticas que generen un incremento manifiestamente desproporcionado de la deuda originalmente contra\u00edda a ra\u00edz de refinanciaciones sucesivas\u201d<\/strong>. Y adem\u00e1s \u201cproh\u00edbe que un proveedor debite autom\u00e1ticamente fondos disponibles del consumidor para cancelar una deuda sin autorizaci\u00f3n expresa\u201d.&nbsp;<\/p>\n\n\n\n<p class=\"wp-block-paragraph\">La segunda iniciativa (D 3096\/ 26-27) crea un<strong>&nbsp;\u201cR\u00e9gimen Judicial de Reestructuraci\u00f3n de Deudas de Consumo\u201d, destinado a las personas que se encuentren en situaci\u00f3n de \u201csobreendeudamiento y acrediten una imposibilidad actual o previsible de afrontar regularmente el conjunto de sus obligaciones derivadas de relaciones de consumo\u201d.<\/strong><\/p>\n\n\n\n<p class=\"wp-block-paragraph\"><strong>La C\u00e1mpora tambi\u00e9n dos iniciativas sobre el tema.<\/strong>&nbsp;Este jueves por la tarde, el diputado de La Matanza,&nbsp;<strong>Facundo Tignanelli<\/strong>, present\u00f3 junto al Defensor del Pueblo bonaerense,<strong>&nbsp;Guido Lorenzino<\/strong>, un<strong>&nbsp;\u201cPrograma de Acompa\u00f1amiento a Familias Deudoras Bonaerenses y el proyecto de R\u00e9gimen Provincial de Prevenci\u00f3n y Tratamiento del Sobreendeudamiento de Consumidores\u201d<\/strong>. El mismo \u201cbusca defender a los bonaerenses que atraviesan situaciones de endeudamiento frente a entidades financieras\u201d, cont\u00f3 el legislador.&nbsp;<\/p>\n\n\n\n<p class=\"wp-block-paragraph\">El Programa de Acompa\u00f1amiento funcionar\u00e1 de manera simple: la persona deber\u00e1 registrarse y cargar los datos de su deuda y sus acreedores. Luego, la Defensor\u00eda tomar\u00e1 el caso e intervendr\u00e1 frente al acreedor para negociar o renegociar los t\u00e9rminos de la deuda.<strong>\u00a0\u201cLa idea es poner en una situaci\u00f3n de igualdad el poder que tienen aquellos que quieren cobrar las deudas con el poder que tiene el Estado\u201d<\/strong>, expres\u00f3 Tignanelli.\u00a0<\/p>\n\n\n\n<figure class=\"wp-block-image size-full\"><a href=\"https:\/\/fmmural91.uno\/2024\/wp-content\/uploads\/2026\/09\/Captura-de-pantalla-2026-09-04-091309.png\"><img loading=\"lazy\" decoding=\"async\" width=\"705\" height=\"408\" src=\"https:\/\/fmmural91.uno\/2024\/wp-content\/uploads\/2026\/09\/Captura-de-pantalla-2026-09-04-091309.png\" alt=\"\" class=\"wp-image-3632\" srcset=\"https:\/\/fmmural91.uno\/2024\/wp-content\/uploads\/2026\/09\/Captura-de-pantalla-2026-09-04-091309.png 705w, https:\/\/fmmural91.uno\/2024\/wp-content\/uploads\/2026\/09\/Captura-de-pantalla-2026-09-04-091309-559x324.png 559w\" sizes=\"(max-width: 705px) 100vw, 705px\" \/><\/a><\/figure>\n\n\n\n<p class=\"wp-block-paragraph\">Facundo Tignanelli<\/p>\n\n\n\n<p class=\"wp-block-paragraph\">Por su parte, el diputado<strong>&nbsp;Ariel Archanco<\/strong>&nbsp;(LC), propone&nbsp;<strong>incorporar un cap\u00edtulo completo a la Ley 13.133 bajo el t\u00edtulo \u00abDe los derechos del consumidor de servicios financieros\u00bb, aplicable a pr\u00e9stamos personales, cr\u00e9ditos prendarios e hipotecarios sobre vivienda \u00fanica, tarjetas de cr\u00e9dito y financiaciones otorgadas por entidades bancarias, no bancarias, mutuales, cooperativas o plataformas digitales.<\/strong><\/p>\n\n\n\n<p class=\"wp-block-paragraph\">El proyecto declara \u00abmanifiestamente abusivo\u00bb el spread o diferencial de tasa que resulte desproporcionado respecto de las condiciones de mercado, carezca de justificaci\u00f3n t\u00e9cnica o genere una carga excesiva para el consumidor, y crea un derecho a pedir la \u00abadecuaci\u00f3n\u00bb del cr\u00e9dito cuando cambios extraordinarios en las variables econ\u00f3micas -tasa de pol\u00edtica monetaria, costo del fondeo, inflaci\u00f3n- alteren significativamente el equilibrio original del contrato, en base a la teor\u00eda de la imprevisi\u00f3n del C\u00f3digo Civil y Comercial.<\/p>\n\n\n\n<p class=\"wp-block-paragraph\">En tanto, la diputada del distrito de Moreno,&nbsp;<strong>Noelia Saavedra<\/strong>&nbsp;impulsa en el proyecto (D 1784\/26-27) la creaci\u00f3n de un<strong>&nbsp;\u00abSistema Bonaerense de Protecci\u00f3n frente al Endeudamiento de Consumo, el Endeudamiento Digital y las Cobranzas Abusivas\u00bb, con un cap\u00edtulo espec\u00edfico sobre cr\u00e9ditos otorgados a trav\u00e9s de aplicaciones, al que busca prohibirle condicionar los pr\u00e9stamos al acceso a contactos, galer\u00eda de fotos, ubicaci\u00f3n permanente o micr\u00f3fono del usuario.<\/strong><\/p>\n\n\n\n<p class=\"wp-block-paragraph\">Finalmente, el bloque&nbsp;<strong>UCR + Cambio Federal<\/strong>&nbsp;tiene un solo proyecto (D 1606\/26-27) presentado de la tutela de&nbsp;<strong>Silvina Vaccarezza<\/strong>. La diputada apunta a reformar la Ley Provincial de Defensa del Consumidor para incorporar al&nbsp;<strong>\u00abconsumidor sobreendeudado\u00bb dentro de la categor\u00eda de sujeto \u00abhipervulnerable\u00bb<\/strong>, lo que le dar\u00eda acceso a las pol\u00edticas de protecci\u00f3n ya previstas para ese universo, adem\u00e1s de poner l\u00edmites a las pr\u00e1cticas de cobranza extrajudicial, como el contacto con familiares o allegados del deudor.<\/p>\n\n\n\n<h2 class=\"wp-block-heading\">Los 4 proyectos presentados&nbsp;en el Senado bonaerense<\/h2>\n\n\n\n<p class=\"wp-block-paragraph\">En la C\u00e1mara Alta, por ahora, hay cuatro&nbsp;escritos. El senador del kirchnerismo,<strong>&nbsp;Sergio Berni&nbsp;<\/strong>apunta a crear un<strong>&nbsp;\u201cR\u00e9gimen Provincial de Protecci\u00f3n del Ingreso, Prevenci\u00f3n del Sobreendeudamiento y Reordenamiento Financiero de los Agentes P\u00fablicos de la Provincia de Buenos Aires\u201d&nbsp;<\/strong>(E 380\/26-27). El objetivo es de \u201cproteger el car\u00e1cter alimentario del salario; garantizar un nivel m\u00ednimo de ingreso disponible; prevenir situaciones de sobreendeudamiento; promover el acceso responsable al cr\u00e9dito; garantizar informaci\u00f3n clara respecto del costo de las operaciones; y establecer condiciones equitativas\u201d, entre otras caracter\u00edsticas.&nbsp;<\/p>\n\n\n\n<p class=\"wp-block-paragraph\">Propone que<strong>&nbsp;\u201cel conjunto de descuentos derivados de obligaciones dinerarias voluntariamente asumidas no podr\u00e1 exceder 30% de la remuneraci\u00f3n neta protegida. Adem\u00e1s, \u201cen ning\u00fan caso los descuentos voluntarios podr\u00e1n producir que el haber efectivamente disponible para el agente resulte inferior a un Salario M\u00ednimo, Vital y M\u00f3vil vigente al momento de la liquidaci\u00f3n\u201d.<\/strong><\/p>\n\n\n\n<p class=\"wp-block-paragraph\">Su compa\u00f1ero de bloque&nbsp;<strong>Marcelo Feli\u00fa<\/strong>&nbsp;impulsa un proyecto para crea el&nbsp;<strong>\u201cEquipo Legal Especializado en Sobreendeudamiento (ELES)\u201d, un cuerpo de abogados que brindar\u00eda asesoramiento gratuito a los deudores y que tendr\u00eda facultades para citar a los proveedores financieros<\/strong>, adem\u00e1s de un Sistema de Informaci\u00f3n Provincial sobre Endeudamiento para relevar qu\u00e9 sectores, g\u00e9neros y regiones sufren mayor impacto, y un cap\u00edtulo de educaci\u00f3n financiera obligatoria.<\/p>\n\n\n\n<p class=\"wp-block-paragraph\">Finalmente, el senador justicialista&nbsp;<strong>Fernando Coronel<\/strong>&nbsp;present\u00f3 un proyecto (F 765\/26-27)para que el Senado bonaerense exprese su \u201cprofunda preocupaci\u00f3n\u201d por la situaci\u00f3n de morosidad que atraviesan las familias de la provincia de Buenos Aires, luego&nbsp;que los<strong>&nbsp;\u00faltimos datos de la Central de Deudores del Sistema Financiero (CENDEU) mostraran que el 28,5% de las personas endeudadas registra al menos una deuda en mora.<\/strong><\/p>\n\n\n\n<p class=\"wp-block-paragraph\">\u201cEn t\u00e9rminos simples, casi 3 de cada 10 bonaerenses que tienen deudas presentan mora.&nbsp;<strong>Esto representa aproximadamente 2,18 millones de personas de la provincia de Buenos Aires con problemas de cumplimiento de alguna de sus obligaciones financieras<\/strong>\u201d, expuso Coronel.&nbsp;<\/p>\n\n\n\n<p class=\"wp-block-paragraph\">Del lado opositor, el senador del bloque&nbsp;<strong>Hechos, Marcelo Leguizam\u00f3n<\/strong>, present\u00f3 otra iniciativa (E 369\/26-27) centrada en el Banco Provincia y en la creaci\u00f3n de un<strong>&nbsp;\u00abR\u00e9gimen Extraordinario de Regularizaci\u00f3n, Recuperaci\u00f3n del Cr\u00e9dito y Refinanciaci\u00f3n de Deudas con el Banco de la Provincia de Buenos Aires\u00bb, con planes de pago a 60 meses y el congelamiento de embargos para grupos familiares con ingresos netos de hasta 10 salarios m\u00ednimos, vitales y m\u00f3viles.<\/strong><\/p>\n\n\n\n<ul class=\"wp-block-list\">\n<li><a href=\"https:\/\/www.eldestapeweb.com\/tag\/provincia-de-buenos-aires\">Provincia de Buenos Aires<\/a><\/li>\n\n\n\n<li><a href=\"https:\/\/www.eldestapeweb.com\/tag\/legislatura-bonaerense\">Legislatura bonaerense<\/a><\/li>\n\n\n\n<li><a href=\"https:\/\/www.eldestapeweb.com\/tag\/pba\">PBA<\/a><\/li>\n\n\n\n<li><a href=\"https:\/\/www.eldestapeweb.com\/tag\/axel-kicillof\">Axel Kicillof<\/a><\/li>\n\n\n\n<li><a href=\"https:\/\/www.eldestapeweb.com\/tag\/la-campora\">La C\u00e1mpora<\/a><\/li>\n\n\n\n<li><a href=\"https:\/\/www.eldestapeweb.com\/tag\/frente-renovador\">Frente Renovador<\/a><\/li>\n\n\n\n<li><a href=\"https:\/\/www.eldestapeweb.com\/tag\/endeudamiento\">ENDEUDAMIENTO<\/a><\/li>\n\n\n\n<li><a href=\"https:\/\/www.eldestapeweb.com\/tag\/morosos\">MOROSOS<\/a><\/li>\n\n\n\n<li><a href=\"https:\/\/www.eldestapeweb.com\/tag\/originales\">Originales<\/a><\/li>\n\n\n\n<li><a href=\"https:\/\/www.eldestapeweb.com\/tag\/el-destape-radio\">El Destape Radio<\/a><\/li>\n<\/ul>\n","protected":false},"excerpt":{"rendered":"<p>El sobreendeudamiento y la morosidad escalan abruptamente y en la Legislatura bonaerense ya hay 14 proyectos espec\u00edficos por el tema. El peronismo lidera en punta con 12 escritos.\u00a0 Por Bel\u00e9n Bartoli &#8211; Fuente: https:\/\/www.eldestapeweb.com\/ 4 de septiembre, 2026. En la provincia de Buenos Aires, unas 6 millones de personas tiene deudas producto de haber recurrido [&hellip;]<\/p>\n","protected":false},"author":3,"featured_media":3636,"comment_status":"closed","ping_status":"closed","sticky":false,"template":"","format":"standard","meta":{"sync_status":"","episode_type":"","audio_file":"","castos_file_data":"","podmotor_file_id":"","cover_image":"","cover_image_id":"","duration":"","filesize":"","filesize_raw":"","date_recorded":"","explicit":"","block":"","footnotes":""},"categories":[18],"tags":[],"class_list":["post-3631","post","type-post","status-publish","format-standard","has-post-thumbnail","hentry","category-nacionales"],"_links":{"self":[{"href":"https:\/\/fmmural91.uno\/2024\/wp-json\/wp\/v2\/posts\/3631","targetHints":{"allow":["GET"]}}],"collection":[{"href":"https:\/\/fmmural91.uno\/2024\/wp-json\/wp\/v2\/posts"}],"about":[{"href":"https:\/\/fmmural91.uno\/2024\/wp-json\/wp\/v2\/types\/post"}],"author":[{"embeddable":true,"href":"https:\/\/fmmural91.uno\/2024\/wp-json\/wp\/v2\/users\/3"}],"replies":[{"embeddable":true,"href":"https:\/\/fmmural91.uno\/2024\/wp-json\/wp\/v2\/comments?post=3631"}],"version-history":[{"count":1,"href":"https:\/\/fmmural91.uno\/2024\/wp-json\/wp\/v2\/posts\/3631\/revisions"}],"predecessor-version":[{"id":3637,"href":"https:\/\/fmmural91.uno\/2024\/wp-json\/wp\/v2\/posts\/3631\/revisions\/3637"}],"wp:featuredmedia":[{"embeddable":true,"href":"https:\/\/fmmural91.uno\/2024\/wp-json\/wp\/v2\/media\/3636"}],"wp:attachment":[{"href":"https:\/\/fmmural91.uno\/2024\/wp-json\/wp\/v2\/media?parent=3631"}],"wp:term":[{"taxonomy":"category","embeddable":true,"href":"https:\/\/fmmural91.uno\/2024\/wp-json\/wp\/v2\/categories?post=3631"},{"taxonomy":"post_tag","embeddable":true,"href":"https:\/\/fmmural91.uno\/2024\/wp-json\/wp\/v2\/tags?post=3631"}],"curies":[{"name":"wp","href":"https:\/\/api.w.org\/{rel}","templated":true}]}}