{"id":3642,"date":"2026-09-04T09:40:27","date_gmt":"2026-09-04T12:40:27","guid":{"rendered":"https:\/\/fmmural91.uno\/2024\/?p=3642"},"modified":"2026-09-04T09:40:28","modified_gmt":"2026-09-04T12:40:28","slug":"el-evento-de-el-nino-se-esta-volviendo-gigantesco-la-dura-advertencia-de-la-onu-para-sudamerica","status":"publish","type":"post","link":"https:\/\/fmmural91.uno\/2024\/el-evento-de-el-nino-se-esta-volviendo-gigantesco-la-dura-advertencia-de-la-onu-para-sudamerica\/","title":{"rendered":"\u00abEl evento de El Ni\u00f1o se est\u00e1 volviendo gigantesco\u00bb: la dura advertencia de la ONU para Sudam\u00e9rica"},"content":{"rendered":"\n<p class=\"wp-block-paragraph\">La Organizaci\u00f3n Meteorol\u00f3gica Mundial advirti\u00f3 que el fen\u00f3meno clim\u00e1tico se intensificar\u00e1 durante los pr\u00f3ximos meses y alcanzar\u00e1 su mayor intensidad hacia fin de a\u00f1o.<\/p>\n\n\n\n<p class=\"wp-block-paragraph\">Fuente: <a href=\"https:\/\/www.eldestapeweb.com\/\">https:\/\/www.eldestapeweb.com\/<\/a>   4 de septiembre, 2026.<\/p>\n\n\n\n<p class=\"wp-block-paragraph\">El&nbsp;<strong><a href=\"https:\/\/www.eldestapeweb.com\/sociedad\/nino-esta-aqui-fase-intensa-veria-noviembre-202681920211\">fen\u00f3meno \u00abEl Ni\u00f1o\u00bb<\/a><\/strong>&nbsp;volvi\u00f3&nbsp;a encender&nbsp;alertas en&nbsp;los organismos meteorol\u00f3gicos internacionales. La&nbsp;<strong>Organizaci\u00f3n Meteorol\u00f3gica Mundial (OMM)<\/strong>, dependiente de la&nbsp;<strong>ONU<\/strong>, advirti\u00f3 que&nbsp;actualmente el evento est\u00e1 en desarrollo y que se fortalecer\u00e1 en&nbsp;los pr\u00f3ximos meses. Seg\u00fan la entidad podr\u00eda alcanzar una intensidad \u201cmuy fuerte\u201d, con efectos que se prolongar\u00edan al menos hasta febrero del 2027.<\/p>\n\n\n\n<p class=\"wp-block-paragraph\">Seg\u00fan el \u00faltimo informe del organismo, existe una probabilidad cercana al 100% de que \u00ab<strong>El Ni\u00f1o\u00bb contin\u00fae durante el per\u00edodo diciembre 2026-febrero 2027<\/strong>. Los pron\u00f3sticos indican adem\u00e1s que el fen\u00f3meno&nbsp;<strong>alcanzar\u00e1 su apogeo hacia finales de este a\u00f1o<\/strong>.<\/p>\n\n\n\n<p class=\"wp-block-paragraph\">Este fen\u00f3meno<strong>&nbsp;no afecta&nbsp;solo a&nbsp;las condiciones clim\u00e1ticas del Oc\u00e9ano Pac\u00edfico<\/strong>, sino que el calentamiento an\u00f3malo del agua&nbsp;altera a su vez los&nbsp;<strong>vientos&nbsp;<\/strong>y la<strong>&nbsp;circulaci\u00f3n atmosf\u00e9rica<\/strong>, lo que&nbsp;puede&nbsp;<strong>modificar las temperaturas&nbsp;<\/strong>y las&nbsp;<strong>precipitaciones&nbsp;<\/strong>en diferentes partes del mundo.<\/p>\n\n\n\n<h2 class=\"wp-block-heading\">La intensidad excepcional del fen\u00f3meno<\/h2>\n\n\n\n<p class=\"wp-block-paragraph\">La&nbsp;directora de la OMM,&nbsp;<strong>Celeste Saulo<\/strong>,&nbsp;describi\u00f3 la evoluci\u00f3n del fen\u00f3meno con una expresi\u00f3n clara: \u201c<em>&#8216;El Ni\u00f1o&#8217;<\/em>&nbsp;<strong>se est\u00e1 volviendo gigantesco<\/strong>&nbsp;ante nuestros ojos\u201d. La preocupaci\u00f3n se relaciona&nbsp;con las temperaturas extraordinarias que presenta actualmente el Pac\u00edfico tropical.<\/p>\n\n\n\n<p class=\"wp-block-paragraph\">Este fen\u00f3meno se produce de manera natural y suele aparecer cada dos a siete a\u00f1os. Sin embargo, cada episodio presenta caracter\u00edsticas diferentes y sus consecuencias no son iguales en todas las regiones. Cuando alcanza una intensidad alta,<strong>&nbsp;aumenta el riesgo de fen\u00f3menos meteorol\u00f3gicos extremos<\/strong>&nbsp;como&nbsp;lluvias intensas, inundaciones, sequ\u00edas y olas de calor.<\/p>\n\n\n\n<figure class=\"wp-block-image size-full\"><a href=\"https:\/\/fmmural91.uno\/2024\/wp-content\/uploads\/2026\/09\/Captura-de-pantalla-2026-09-04-093609.png\"><img fetchpriority=\"high\" decoding=\"async\" width=\"737\" height=\"567\" src=\"https:\/\/fmmural91.uno\/2024\/wp-content\/uploads\/2026\/09\/Captura-de-pantalla-2026-09-04-093609.png\" alt=\"\" class=\"wp-image-3643\" srcset=\"https:\/\/fmmural91.uno\/2024\/wp-content\/uploads\/2026\/09\/Captura-de-pantalla-2026-09-04-093609.png 737w, https:\/\/fmmural91.uno\/2024\/wp-content\/uploads\/2026\/09\/Captura-de-pantalla-2026-09-04-093609-559x430.png 559w\" sizes=\"(max-width: 737px) 100vw, 737px\" \/><\/a><\/figure>\n\n\n\n<p class=\"wp-block-paragraph\">A esta situaci\u00f3n se le suma el contexto de\u00a0<strong>calentamiento global<\/strong>. El secretario general de Naciones Unidas\u00a0<strong>Ant\u00f3nio Guterres<\/strong>\u00a0se\u00f1al\u00f3 que el planeta se encuentra en una \u201czona de peligro\u201d clim\u00e1tico y remarc\u00f3 que las temperaturas de la superficie del mar contin\u00faan aumentando.<\/p>\n\n\n\n<p class=\"wp-block-paragraph\">M\u00c1S INFO<\/p>\n\n\n\n<figure class=\"wp-block-image\"><img decoding=\"async\" src=\"https:\/\/cdn.eldestapeweb.com\/eldestape\/082026\/1787951675128.webp?cw=375&amp;ch=211&amp;extw=jpg\" alt=\"C\u00f3mo es el plan de la Ciudad para enfrentar el fen\u00f3meno de &quot;El Ni\u00f1o&quot;\"\/><\/figure>\n\n\n\n<p class=\"wp-block-paragraph\"><a href=\"https:\/\/www.eldestapeweb.com\/sociedad\/plan-ciudad-enfrentar-fenomeno-nino-2026828192855?utm_medium=internal&amp;utm_source=Notapropia&amp;utm_campaign=Nota_Propia\"><\/a><\/p>\n\n\n\n<p class=\"wp-block-paragraph\"><a href=\"https:\/\/www.eldestapeweb.com\/sociedad\/plan-ciudad-enfrentar-fenomeno-nino-2026828192855\">Clima<\/a><\/p>\n\n\n\n<p class=\"wp-block-paragraph\"><a href=\"https:\/\/www.eldestapeweb.com\/sociedad\/plan-ciudad-enfrentar-fenomeno-nino-2026828192855?utm_medium=internal&amp;utm_source=Notapropia&amp;utm_campaign=Nota_Propia\">C\u00f3mo es el plan de la Ciudad para enfrentar el fen\u00f3meno de \u00abEl Ni\u00f1o\u00bb<\/a><\/p>\n\n\n\n<h2 class=\"wp-block-heading\">Qu\u00e9 puede pasar durante los pr\u00f3ximos meses<\/h2>\n\n\n\n<p class=\"wp-block-paragraph\">La influencia de \u00abEl Ni\u00f1o\u00bb puede<strong>&nbsp;sentirse de manera distinta seg\u00fan la regi\u00f3n<\/strong>. Algunas zonas pueden atravesar per\u00edodos de precipitaciones superiores a lo habitual y otras quedan expuestas a una mayor probabilidad de sequ\u00edas y temperaturas extremas.<\/p>\n\n\n\n<p class=\"wp-block-paragraph\">En Latinoam\u00e9rica&nbsp;el fen\u00f3meno ya est\u00e1 asociado a<strong>&nbsp;alteraciones importantes&nbsp;<\/strong>en los patrones de las lluvias, con riesgo de&nbsp;precipitaciones abundantes y de per\u00edodos secos. Tambi\u00e9n puede tener consecuencias sobre la agricultura, los recursos h\u00eddricos, la generaci\u00f3n de energ\u00eda y los ecosistemas.<\/p>\n\n\n\n<figure class=\"wp-block-image size-full\"><a href=\"https:\/\/fmmural91.uno\/2024\/wp-content\/uploads\/2026\/09\/Captura-de-pantalla-2026-09-04-093741.png\"><img decoding=\"async\" width=\"710\" height=\"413\" src=\"https:\/\/fmmural91.uno\/2024\/wp-content\/uploads\/2026\/09\/Captura-de-pantalla-2026-09-04-093741.png\" alt=\"\" class=\"wp-image-3644\" srcset=\"https:\/\/fmmural91.uno\/2024\/wp-content\/uploads\/2026\/09\/Captura-de-pantalla-2026-09-04-093741.png 710w, https:\/\/fmmural91.uno\/2024\/wp-content\/uploads\/2026\/09\/Captura-de-pantalla-2026-09-04-093741-559x325.png 559w\" sizes=\"(max-width: 710px) 100vw, 710px\" \/><\/a><\/figure>\n\n\n\n<p class=\"wp-block-paragraph\">La OMM insiste en que<strong>&nbsp;la clave estar\u00e1 en anticiparse a cualquier tipo de&nbsp;impacto<\/strong>. Los pron\u00f3sticos permiten que los gobiernos y los sectores productivos preparen las medidas de prevenci\u00f3n necesarias para enfrentar posibles inundaciones, falta de agua, p\u00e9rdidas agr\u00edcolas entre otros eventos.<\/p>\n\n\n\n<p class=\"wp-block-paragraph\">Aunque todav\u00eda resulta imposible determinar con precisi\u00f3n cu\u00e1les ser\u00e1n los efectos del fen\u00f3meno, la postura&nbsp;de los organismos cient\u00edficos coincide en que&nbsp;los pr\u00f3ximos meses estar\u00e1n marcados por un \u00abEl Ni\u00f1o\u00bb excepcionalmente fuerte y con capacidad de&nbsp;<strong>alterar el clima mundial hasta&nbsp;comienzos del 2027<\/strong>.<\/p>\n\n\n\n<p class=\"wp-block-paragraph\">M\u00c1S INFO<\/p>\n\n\n\n<figure class=\"wp-block-image\"><img decoding=\"async\" src=\"https:\/\/cdn.eldestapeweb.com\/eldestape\/082026\/1787178855231.webp?cw=375&amp;ch=211&amp;extw=jpg\" alt=\"El Ni\u00f1o ya est\u00e1 aqu\u00ed; su fase m\u00e1s intensa se ver\u00eda en noviembre\"\/><\/figure>\n\n\n\n<p class=\"wp-block-paragraph\"><a href=\"https:\/\/www.eldestapeweb.com\/sociedad\/nino-esta-aqui-fase-intensa-veria-noviembre-202681920211?utm_medium=internal&amp;utm_source=Notapropia&amp;utm_campaign=Nota_Propia\"><\/a><\/p>\n\n\n\n<p class=\"wp-block-paragraph\"><a href=\"https:\/\/www.eldestapeweb.com\/sociedad\/nino-esta-aqui-fase-intensa-veria-noviembre-202681920211\">Pron\u00f3stico<\/a><\/p>\n\n\n\n<p class=\"wp-block-paragraph\"><a href=\"https:\/\/www.eldestapeweb.com\/sociedad\/nino-esta-aqui-fase-intensa-veria-noviembre-202681920211?utm_medium=internal&amp;utm_source=Notapropia&amp;utm_campaign=Nota_Propia\">El Ni\u00f1o ya est\u00e1 aqu\u00ed; su fase m\u00e1s intensa se ver\u00eda en noviembre<\/a><\/p>\n\n\n\n<p class=\"wp-block-paragraph\"><a href=\"https:\/\/www.eldestapeweb.com\/perfil\/nora-bar\">Por&nbsp;Nora B\u00e4r<\/a><\/p>\n\n\n\n<ul class=\"wp-block-list\">\n<li><a href=\"https:\/\/www.eldestapeweb.com\/tag\/el-nino\">El Ni\u00f1o<\/a><\/li>\n\n\n\n<li><a href=\"https:\/\/www.eldestapeweb.com\/tag\/fenomeno-el-nino\">FEN\u00d3MENO EL NI\u00d1O<\/a><\/li>\n\n\n\n<li><a href=\"https:\/\/www.eldestapeweb.com\/tag\/onu\">ONU<\/a><\/li>\n\n\n\n<li><a href=\"https:\/\/www.eldestapeweb.com\/tag\/clima\">Clima<\/a><\/li>\n\n\n\n<li><a href=\"https:\/\/www.eldestapeweb.com\/tag\/fenomenos-naturales\">Fen\u00f3menos naturales<\/a><\/li>\n\n\n\n<li><a href=\"https:\/\/www.eldestapeweb.com\/tag\/tormentas\">Tormentas<\/a><\/li>\n<\/ul>\n","protected":false},"excerpt":{"rendered":"<p>La Organizaci\u00f3n Meteorol\u00f3gica Mundial advirti\u00f3 que el fen\u00f3meno clim\u00e1tico se intensificar\u00e1 durante los pr\u00f3ximos meses y alcanzar\u00e1 su mayor intensidad hacia fin de a\u00f1o. Fuente: https:\/\/www.eldestapeweb.com\/ 4 de septiembre, 2026. El&nbsp;fen\u00f3meno \u00abEl Ni\u00f1o\u00bb&nbsp;volvi\u00f3&nbsp;a encender&nbsp;alertas en&nbsp;los organismos meteorol\u00f3gicos internacionales. La&nbsp;Organizaci\u00f3n Meteorol\u00f3gica Mundial (OMM), dependiente de la&nbsp;ONU, advirti\u00f3 que&nbsp;actualmente el evento est\u00e1 en desarrollo y que se [&hellip;]<\/p>\n","protected":false},"author":3,"featured_media":3645,"comment_status":"closed","ping_status":"closed","sticky":false,"template":"","format":"standard","meta":{"sync_status":"","episode_type":"","audio_file":"","castos_file_data":"","podmotor_file_id":"","cover_image":"","cover_image_id":"","duration":"","filesize":"","filesize_raw":"","date_recorded":"","explicit":"","block":"","footnotes":""},"categories":[18],"tags":[],"class_list":["post-3642","post","type-post","status-publish","format-standard","has-post-thumbnail","hentry","category-nacionales"],"_links":{"self":[{"href":"https:\/\/fmmural91.uno\/2024\/wp-json\/wp\/v2\/posts\/3642","targetHints":{"allow":["GET"]}}],"collection":[{"href":"https:\/\/fmmural91.uno\/2024\/wp-json\/wp\/v2\/posts"}],"about":[{"href":"https:\/\/fmmural91.uno\/2024\/wp-json\/wp\/v2\/types\/post"}],"author":[{"embeddable":true,"href":"https:\/\/fmmural91.uno\/2024\/wp-json\/wp\/v2\/users\/3"}],"replies":[{"embeddable":true,"href":"https:\/\/fmmural91.uno\/2024\/wp-json\/wp\/v2\/comments?post=3642"}],"version-history":[{"count":1,"href":"https:\/\/fmmural91.uno\/2024\/wp-json\/wp\/v2\/posts\/3642\/revisions"}],"predecessor-version":[{"id":3646,"href":"https:\/\/fmmural91.uno\/2024\/wp-json\/wp\/v2\/posts\/3642\/revisions\/3646"}],"wp:featuredmedia":[{"embeddable":true,"href":"https:\/\/fmmural91.uno\/2024\/wp-json\/wp\/v2\/media\/3645"}],"wp:attachment":[{"href":"https:\/\/fmmural91.uno\/2024\/wp-json\/wp\/v2\/media?parent=3642"}],"wp:term":[{"taxonomy":"category","embeddable":true,"href":"https:\/\/fmmural91.uno\/2024\/wp-json\/wp\/v2\/categories?post=3642"},{"taxonomy":"post_tag","embeddable":true,"href":"https:\/\/fmmural91.uno\/2024\/wp-json\/wp\/v2\/tags?post=3642"}],"curies":[{"name":"wp","href":"https:\/\/api.w.org\/{rel}","templated":true}]}}