{"id":3650,"date":"2026-09-04T09:50:48","date_gmt":"2026-09-04T12:50:48","guid":{"rendered":"https:\/\/fmmural91.uno\/2024\/?p=3650"},"modified":"2026-09-04T09:50:49","modified_gmt":"2026-09-04T12:50:49","slug":"llevo-a-chile-su-batalla-cultural","status":"publish","type":"post","link":"https:\/\/fmmural91.uno\/2024\/llevo-a-chile-su-batalla-cultural\/","title":{"rendered":"Llev\u00f3 a Chile su batalla cultural"},"content":{"rendered":"\n<h1 class=\"wp-block-heading\">Milei admiraba a Thatcher y ahora tambi\u00e9n a Pinochet<\/h1>\n\n\n\n<h3 class=\"wp-block-heading\">El presidente argentino realiz\u00f3 un viaje expr\u00e9s a la capital chilena. Habl\u00f3 en un foro organizado por el Vox espa\u00f1ol donde reivindic\u00f3 el golpe contra Allende y llam\u00f3 a dar la \u201cbatalla global\u201d por la libertad. El repudio de la nieta de Allende.<\/h3>\n\n\n\n<p class=\"wp-block-paragraph\"><a href=\"https:\/\/www.pagina12.com.ar\/autores\/eva-moreira\">Por\u00a0Eva Moreira<\/a>   &#8211;   Fuente: <a href=\"https:\/\/www.pagina12.com.ar\/\">https:\/\/www.pagina12.com.ar\/<\/a>   4 de septiembre, 2026.<\/p>\n\n\n\n<p class=\"wp-block-paragraph\">Tiempo atr\u00e1s, Javier Milei no tuvo reparo en declamar su admiraci\u00f3n por la exprimer ministra brit\u00e1nica, Margaret Thatcher. Ahora, en Chile, particip\u00f3 del Foro de Madrid que organiz\u00f3 el ultraderechista partido espa\u00f1ol Vox. All\u00ed, el presidente argentino reivindic\u00f3 al dictador Augusto Pinochet: \u201cTras el derrocamiento del comunista Allende, Chile entr\u00f3 en un periodo de estabilidad y crecimiento que se extendi\u00f3 por m\u00e1s de 40 a\u00f1os\u201d, dijo, olvidando los miles de muertos, desaparecidos y exiliados que sufri\u00f3 el pa\u00eds trasandino entre 1973 y 1990. Luego se encontr\u00f3 con su par chileno, Jos\u00e9 Antonio Kast, con quien firmaron un documento donde el argentino reconoce a Chile su soberan\u00eda sobre el Estrecho de Magallanes y Kats ratific\u00f3 el respaldo de su pa\u00eds a \u201c<strong>los leg\u00edtimos derechos de soberan\u00eda de la Rep\u00fablica de Argentina sobre las Islas Malvinas\u201d<\/strong>.<\/p>\n\n\n\n<p class=\"wp-block-paragraph\">El viaje a Chile fue expr\u00e9s. Milei organiz\u00f3 todo de manera que antes de las 17 estuviera de regreso en Buenos Aires para grabar la cadena nacional. Lo primero que hizo fue participar en el&nbsp;<strong>V Encuentro Regional del Foro Madrid<\/strong>. All\u00ed fue que reivindic\u00f3 la dictadura y el asesinato del presidente electo democr\u00e1ticamente, Salvador Allende.<\/p>\n\n\n\n<p class=\"wp-block-paragraph\">Maya Fern\u00e1ndez Allende, nieta menor del presidente asesinado, le respondi\u00f3 a Milei. La exministra de Defensa del gobierno de Gabriel Boric repudi\u00f3 los dichos, a los que consider\u00f3 \u201cen extremo graves\u201d porque&nbsp;<strong>\u201celogia el derrocamiento de un Presidente elegido democr\u00e1ticamente\u201d&nbsp;<\/strong>y advirti\u00f3 que esa interpretaci\u00f3n de la historia chilena&nbsp;<strong>\u201cnormaliza la ruptura institucional y el golpe de Estado\u201d<\/strong>.<\/p>\n\n\n\n<p class=\"wp-block-paragraph\">Las referencias de Milei al golpe de Estado se produjeron ocho d\u00edas antes de un nuevo aniversario del inicio de esa dictadura.<\/p>\n\n\n\n<p class=\"wp-block-paragraph\">El argentino no solo alab\u00f3 el modelo econ\u00f3mico de aquella dictadura sino que ahora, y con la llegada de Kast al gobierno, \u201cChile ha vuelto a despertar por las ideas de la libertad. Ha despertado, as\u00ed como Am\u00e9rica Latina est\u00e1 despertando porque tiene pol\u00edticos que tienen el coraje de llamar a las cosas por su nombre, y decirle al mal; el mal, y al bien; el bien\u201d.<\/p>\n\n\n\n<p class=\"wp-block-paragraph\">Otro de los puntos principales de su discurso fue el llamado a consolidar un armado contra la izquierda. \u201cLa derecha tambi\u00e9n se tiene que organizar. Si ellos tuvieron su Internacional Socialista, nosotros tenemos que profundizar nuestra red internacional\u201d, sostuvo Milei. \u201cSomos los que saben que hay que castigar a los delincuentes con mano dura, y somos los que hacen frente a los graves problemas de desigualdad que enfrenta nuestro continente, como el narcotr\u00e1fico\u201d, detall\u00f3.<\/p>\n\n\n\n<p class=\"wp-block-paragraph\">En el marco de esa construcci\u00f3n contra la izquierda -a los que tambi\u00e9n llam\u00f3 \u201czurdos mugrosos\u201d- apunt\u00f3 contra su par espa\u00f1ol, Pedro S\u00e1nchez. \u201cLamentablemente, Europa, la cuna de nuestra civilizaci\u00f3n, es gobernada en el plano nacional y supranacional por bur\u00f3cratas empecinados en destruir todo lo que somos\u201d. Es m\u00e1s, asegur\u00f3 que S\u00e1nchez \u201cfacilita la inmigraci\u00f3n descontrolada, degradando sistem\u00e1ticamente la identidad espa\u00f1ola\u201d.<\/p>\n\n\n\n<p class=\"wp-block-paragraph\">Pero la cr\u00edtica no qued\u00f3 ah\u00ed. Milei, que difunde mensajes de odio todos los d\u00edas, dijo que el gobierno de Espa\u00f1a favorece \u201cel camino para las hordas extranjeras que terminar\u00e1n reemplaz\u00e1ndolos\u201d.<\/p>\n\n\n\n<p class=\"wp-block-paragraph\">Milei no solo repudi\u00f3 a la izquierda. Aprovech\u00f3 el foro internacional para lanzarle una cr\u00edtica a su socio local, Mauricio Macri. \u201cEl gobierno de Cambiemos se dej\u00f3 correr por los que tiraron 14 toneladas de piedra, y por los presuntos aliados que suger\u00edan poner el freno de mano. Nosotros aprendimos esa lecci\u00f3n y no nos vamos a dejar descarrilar por su relato\u201d, chicane\u00f3.<\/p>\n\n\n\n<p class=\"wp-block-paragraph\">El presidente no eludi\u00f3 la posibilidad de autoalabarse con un toque de crueldad. \u201cDespedimos a m\u00e1s de 70.000 empleados p\u00fablicos, llevamos a cabo 17.000 desregulaciones y hace 27 meses seguidos que estamos creciendo\u201d, se ufan\u00f3.<\/p>\n\n\n\n<p class=\"wp-block-paragraph\">El libertario le asegur\u00f3 a su p\u00fablico cautivo que los n\u00fameros de la econom\u00eda argentina son r\u00e9cord: exportaciones y consumo. De manera conveniente, olvid\u00f3 el crecimiento de la pobreza, los endeudados y el r\u00e9cord de empresas cerradas. Tal vez por eso Milei cometi\u00f3 ese fallido que dijo segundos m\u00e1s tarde: \u201cSi nos comparamos con gobiernos anteriores, est\u00e1 claro que nuestro modelo nunca funcion\u00f3\u201d.<\/p>\n\n\n\n<p class=\"wp-block-paragraph\">El discurso tuvo un denominador com\u00fan y b\u00e9lico. En m\u00e1s de una oportunidad habl\u00f3 de batalla y la ubic\u00f3 a nivel global. \u201cEl bien est\u00e1 encarnado por quienes comparten el respeto por la vida, la libertad y la propiedad, por lo bueno y lo bello\u201d. Y agreg\u00f3 que \u201cel mal est\u00e1 encabezado por la izquierda radical y el terrorismo\u201d.<\/p>\n\n\n\n<p class=\"wp-block-paragraph\">Para Milei la izquierda manda a sus milicias a infundir terror en la poblaci\u00f3n y utilizan los medios de comunicaci\u00f3n para mentir. \u201cNo nos enfrentamos a un adversario local, sino regional y tambi\u00e9n global\u201d, agreg\u00f3. Sus dichos, con variantes, son muy similares a los discursos de la Doctrina de la Seguridad Nacional de la \u00faltima dictadura.<\/p>\n\n\n\n<p class=\"wp-block-paragraph\">Por supuesto que tambi\u00e9n tuvo un momento para victimizarse. Para eso recurri\u00f3 a las leyes que impuls\u00f3 y aprob\u00f3 la oposici\u00f3n en el Congreso el a\u00f1o pasado, y que para Milei representaron un intento de golpe de Estado. Por \u00faltimo, arremeti\u00f3 contra la prensa. \u201cSabemos que tienen medios comprados para ejercer terrorismo psicol\u00f3gico sobre la poblaci\u00f3n\u201d. indic\u00f3.<\/p>\n","protected":false},"excerpt":{"rendered":"<p>Milei admiraba a Thatcher y ahora tambi\u00e9n a Pinochet El presidente argentino realiz\u00f3 un viaje expr\u00e9s a la capital chilena. Habl\u00f3 en un foro organizado por el Vox espa\u00f1ol donde reivindic\u00f3 el golpe contra Allende y llam\u00f3 a dar la \u201cbatalla global\u201d por la libertad. El repudio de la nieta de Allende. Por\u00a0Eva Moreira &#8211; [&hellip;]<\/p>\n","protected":false},"author":3,"featured_media":3651,"comment_status":"closed","ping_status":"closed","sticky":false,"template":"","format":"standard","meta":{"sync_status":"","episode_type":"","audio_file":"","castos_file_data":"","podmotor_file_id":"","cover_image":"","cover_image_id":"","duration":"","filesize":"","filesize_raw":"","date_recorded":"","explicit":"","block":"","footnotes":""},"categories":[19],"tags":[],"class_list":["post-3650","post","type-post","status-publish","format-standard","has-post-thumbnail","hentry","category-internacionales"],"_links":{"self":[{"href":"https:\/\/fmmural91.uno\/2024\/wp-json\/wp\/v2\/posts\/3650","targetHints":{"allow":["GET"]}}],"collection":[{"href":"https:\/\/fmmural91.uno\/2024\/wp-json\/wp\/v2\/posts"}],"about":[{"href":"https:\/\/fmmural91.uno\/2024\/wp-json\/wp\/v2\/types\/post"}],"author":[{"embeddable":true,"href":"https:\/\/fmmural91.uno\/2024\/wp-json\/wp\/v2\/users\/3"}],"replies":[{"embeddable":true,"href":"https:\/\/fmmural91.uno\/2024\/wp-json\/wp\/v2\/comments?post=3650"}],"version-history":[{"count":1,"href":"https:\/\/fmmural91.uno\/2024\/wp-json\/wp\/v2\/posts\/3650\/revisions"}],"predecessor-version":[{"id":3652,"href":"https:\/\/fmmural91.uno\/2024\/wp-json\/wp\/v2\/posts\/3650\/revisions\/3652"}],"wp:featuredmedia":[{"embeddable":true,"href":"https:\/\/fmmural91.uno\/2024\/wp-json\/wp\/v2\/media\/3651"}],"wp:attachment":[{"href":"https:\/\/fmmural91.uno\/2024\/wp-json\/wp\/v2\/media?parent=3650"}],"wp:term":[{"taxonomy":"category","embeddable":true,"href":"https:\/\/fmmural91.uno\/2024\/wp-json\/wp\/v2\/categories?post=3650"},{"taxonomy":"post_tag","embeddable":true,"href":"https:\/\/fmmural91.uno\/2024\/wp-json\/wp\/v2\/tags?post=3650"}],"curies":[{"name":"wp","href":"https:\/\/api.w.org\/{rel}","templated":true}]}}