{"id":3653,"date":"2026-09-04T09:57:38","date_gmt":"2026-09-04T12:57:38","guid":{"rendered":"https:\/\/fmmural91.uno\/2024\/?p=3653"},"modified":"2026-09-04T09:57:39","modified_gmt":"2026-09-04T12:57:39","slug":"reunion-de-caracter-urgente-con-funcionarios-de-la-embajada-argentina","status":"publish","type":"post","link":"https:\/\/fmmural91.uno\/2024\/reunion-de-caracter-urgente-con-funcionarios-de-la-embajada-argentina\/","title":{"rendered":"Reuni\u00f3n de car\u00e1cter \u00aburgente\u00bb con funcionarios de la embajada argentina"},"content":{"rendered":"\n<h1 class=\"wp-block-heading\">El gobierno de Xi Jiping le pone los puntos a Milei por la campa\u00f1a antiChina<\/h1>\n\n\n\n<h3 class=\"wp-block-heading\">El pa\u00eds asi\u00e1tico present\u00f3 una \u201cfuerte queja\u201d por las declaraciones del tuitero y funcionario Juan Pablo Carreira sobre la tragedia de Nepal. Se suma a una larga lista de reclamos producto del alineamiento con Donald Trump.<\/h3>\n\n\n\n<p class=\"wp-block-paragraph\">Por\u00a0Celeste del Bianco   &#8211;   Fuente: <a href=\"https:\/\/www.pagina12.com.ar\/\">https:\/\/www.pagina12.com.ar\/<\/a>   4 de septiembre, 2026.<\/p>\n\n\n\n<p class=\"wp-block-paragraph\"><em><strong><br>Desde Beijing, China<\/strong><\/em><\/p>\n\n\n\n<p class=\"wp-block-paragraph\">El gobierno de Xi Jinping expres\u00f3 su enojo y le marc\u00f3 los l\u00edmites a la gesti\u00f3n libertaria por la campa\u00f1a antiChina. La Canciller\u00eda del pa\u00eds asi\u00e1tico convoc\u00f3 a una reuni\u00f3n de urgencia a la que asisti\u00f3 el segundo del embajador Marcelo Su\u00e1rez Salvia por las declaraciones del director de Comunicaci\u00f3n Digital del Gobierno, Juan Pablo Carreira \u2014conocido como Juan Doe en las redes sociales\u2014, quien responsabiliz\u00f3 a la administraci\u00f3n china por la cat\u00e1strofe en Nepal, que dej\u00f3 alrededor de 1400 muertos. Se trata de un nuevo conflicto diplom\u00e1tico con el segundo socio comercial de Argentina en medio del alineamiento de la Casa Rosada con las pol\u00edticas de Donald Trump.<\/p>\n\n\n\n<p class=\"wp-block-paragraph\">Despu\u00e9s de las expresiones de Carreira en las redes sociales, donde responsabiliz\u00f3 a \u201clos t\u00edpicos fallos de la organizaci\u00f3n estatal de la actividad industrial\u201d por el desprendimiento de un glaciar en el Himalaya que dej\u00f3 1280 muertos y m\u00e1s de 5000 desaparecidos, la Canciller\u00eda, a cargo de Wang Yi, convoc\u00f3 al embajador argentino, Marcelo Su\u00e1rez Salvia, a una reuni\u00f3n de urgencia. Como estaba de vacaciones, en su lugar fue Guillermo Alberto Simunovich, quien tuvo que escuchar una \u201cfuerte queja\u201d por la actitud del tuitero y funcionario libertario.<\/p>\n\n\n\n<p class=\"wp-block-paragraph\">Pero no solo eso: los reclamos del gobierno de Xi Jinping al representante de la embajada argentina se extendieron hacia otros temas. Seg\u00fan pudo saber&nbsp;<strong>P\u00e1gina\/12<\/strong>, las quejas a Simunovich tambi\u00e9n fueron por la exclusi\u00f3n de compa\u00f1\u00edas chinas de licitaciones internacionales y \u201clas crecientes hostilidades\u2019 hacia el pa\u00eds asi\u00e1tico. Adem\u00e1s, le remarcaron las molestias por los contactos anteriores que integrantes del gobierno de Javier Milei mantuvieron con representantes de Taiw\u00e1n durante la gesti\u00f3n de Diana Mondino al frente del Ministerio de Relaciones Exteriores.<\/p>\n\n\n\n<p class=\"wp-block-paragraph\">La reacci\u00f3n desde Beijing se suma al comunicado que el martes difundi\u00f3 la Embajada de China en Argentina, en el que exhort\u00f3 \u201cal funcionario en cuesti\u00f3n a que cambie de actitud de inmediato, ponga fin a las especulaciones malintencionadas carentes de fundamento y deje de politizar o instrumentalizar las cat\u00e1strofes naturales, con vistas a evitar da\u00f1os a las relaciones y las cooperaciones sino-argentinas\u201d. Sin nombrar a Carreira, desde la sede diplom\u00e1tica indicaron que \u201ccierto funcionario argentino, movido por prejuicios ideol\u00f3gicos sesgados, difunde maliciosamente rumores para difamar al Partido Comunista de China y manchar la imagen internacional de China\u201d.<\/p>\n\n\n\n<p class=\"wp-block-paragraph\">Lejos de intentar calmar el conflicto, la estrategia del Gobierno a trav\u00e9s de su vocero, Adri\u00e1n Ravier, fue contradecir a la embajada china. \u201cNosotros damos respuesta en relaci\u00f3n a nuestras cuentas oficiales, la de Vocer\u00eda y la Oficina del Presidente de la Rep\u00fablica Argentina, y nada m\u00e1s. No hay ning\u00fan funcionario que haya hecho alguna afirmaci\u00f3n al respecto. Es una tragedia lo de Nepal. El Gobierno no se pronunci\u00f3 negativamente para nada\u201d, dijo al ser consultado.<\/p>\n\n\n\n<p class=\"wp-block-paragraph\">Con ese artilugio discursivo, Ravier intent\u00f3 despegar al Gobierno de lo que el encargado de la Oficina de Respuesta Oficial dijo en sus redes sociales. \u201cEl comunismo mata. El Partido Comunista vestido de \u2018empresario\u2019 mata\u201d, poste\u00f3 d\u00edas atr\u00e1s en su cuenta de X el integrante de Las Fuerzas del Cielo. \u201cSe suma a los mayores desastres humanitarios que gener\u00f3 la gesti\u00f3n del Partido Comunista de la actividad industrial en la historia, como Chernobyl, el Mar Aral, el Gran Salto Adelante y el Holodomor. Y esto no es algo de hace 20 a\u00f1os, esto ocurri\u00f3 esta misma semana\u201d, agreg\u00f3 el funcionario que responde al asesor presidencial Santiago Caputo.<\/p>\n\n\n\n<h2 class=\"wp-block-heading\"><strong>Una lista de reclamos<\/strong><\/h2>\n\n\n\n<p class=\"wp-block-paragraph\">Las declaraciones de Carreira se sumaron a un c\u00famulo de actitudes del gobierno argentino que cayeron muy mal en Beijing: la exclusi\u00f3n de compa\u00f1\u00edas chinas en licitaciones internacionales y \u201clas crecientes hostilidades\u201d hacia el pa\u00eds. Tal como anticip\u00f3&nbsp;<strong>P\u00e1gina\/12<\/strong>, a fines de agosto se publicaron los pliegos para avanzar en la privatizaci\u00f3n del Belgrano Cargas con una cl\u00e1usula anti-China, lo que encendi\u00f3 las alertas en medio de las declaraciones del embajador de Estados Unidos, Peter Lamelas, en contra de los intereses chinos en la regi\u00f3n y de las presiones a la cooperativa el\u00e9ctrica CALF de Neuqu\u00e9n para que diera de baja sus acuerdos con Huawei.<\/p>\n\n\n\n<p class=\"wp-block-paragraph\">Desde la canciller\u00eda asi\u00e1tica tambi\u00e9n le recordaron a Simunovich los \u201ccontactos de funcionarios de Milei con los representantes de Taiw\u00e1n\u201d, que contradicen directamente la pol\u00edtica de \u201cuna sola China\u201d que sostiene el gobierno de Xi Jinping. En enero de 2024, se gener\u00f3 malestar entre ambos pa\u00edses por la informaci\u00f3n de un encuentro entre la entonces canciller Diana Mondino y la representante de Taiw\u00e1n en el pa\u00eds, Miao-hung Hsie, en la sede de la Canciller\u00eda.<\/p>\n\n\n\n<h2 class=\"wp-block-heading\"><strong>Las explicaciones en el Congreso<\/strong><\/h2>\n\n\n\n<p class=\"wp-block-paragraph\">Ayer, el diputado socialista Esteban Paul\u00f3n present\u00f3 un proyecto de resoluci\u00f3n para que Carreira d\u00e9 explicaciones a la C\u00e1mara Baja. \u201cProvoc\u00f3 un conflicto diplom\u00e1tico con la Rep\u00fablica Popular China al exhibir su ignorancia y crueldad\u201d, dijo el legislador santafesino. Y apunt\u00f3 directo contra el argumento de Ravier: \u201cJuan Doe no es \u2018Juan nadie\u2019, es funcionario nacional y un irresponsable. En la C\u00e1mara de Diputados queremos explicaciones urgentes sobre este nuevo frente de conflicto abierto por los funcionarios digitales de Javier Milei\u201d.<\/p>\n","protected":false},"excerpt":{"rendered":"<p>El gobierno de Xi Jiping le pone los puntos a Milei por la campa\u00f1a antiChina El pa\u00eds asi\u00e1tico present\u00f3 una \u201cfuerte queja\u201d por las declaraciones del tuitero y funcionario Juan Pablo Carreira sobre la tragedia de Nepal. Se suma a una larga lista de reclamos producto del alineamiento con Donald Trump. Por\u00a0Celeste del Bianco &#8211; [&hellip;]<\/p>\n","protected":false},"author":3,"featured_media":3654,"comment_status":"closed","ping_status":"closed","sticky":false,"template":"","format":"standard","meta":{"sync_status":"","episode_type":"","audio_file":"","castos_file_data":"","podmotor_file_id":"","cover_image":"","cover_image_id":"","duration":"","filesize":"","filesize_raw":"","date_recorded":"","explicit":"","block":"","footnotes":""},"categories":[19],"tags":[],"class_list":["post-3653","post","type-post","status-publish","format-standard","has-post-thumbnail","hentry","category-internacionales"],"_links":{"self":[{"href":"https:\/\/fmmural91.uno\/2024\/wp-json\/wp\/v2\/posts\/3653","targetHints":{"allow":["GET"]}}],"collection":[{"href":"https:\/\/fmmural91.uno\/2024\/wp-json\/wp\/v2\/posts"}],"about":[{"href":"https:\/\/fmmural91.uno\/2024\/wp-json\/wp\/v2\/types\/post"}],"author":[{"embeddable":true,"href":"https:\/\/fmmural91.uno\/2024\/wp-json\/wp\/v2\/users\/3"}],"replies":[{"embeddable":true,"href":"https:\/\/fmmural91.uno\/2024\/wp-json\/wp\/v2\/comments?post=3653"}],"version-history":[{"count":1,"href":"https:\/\/fmmural91.uno\/2024\/wp-json\/wp\/v2\/posts\/3653\/revisions"}],"predecessor-version":[{"id":3655,"href":"https:\/\/fmmural91.uno\/2024\/wp-json\/wp\/v2\/posts\/3653\/revisions\/3655"}],"wp:featuredmedia":[{"embeddable":true,"href":"https:\/\/fmmural91.uno\/2024\/wp-json\/wp\/v2\/media\/3654"}],"wp:attachment":[{"href":"https:\/\/fmmural91.uno\/2024\/wp-json\/wp\/v2\/media?parent=3653"}],"wp:term":[{"taxonomy":"category","embeddable":true,"href":"https:\/\/fmmural91.uno\/2024\/wp-json\/wp\/v2\/categories?post=3653"},{"taxonomy":"post_tag","embeddable":true,"href":"https:\/\/fmmural91.uno\/2024\/wp-json\/wp\/v2\/tags?post=3653"}],"curies":[{"name":"wp","href":"https:\/\/api.w.org\/{rel}","templated":true}]}}