{"id":3656,"date":"2026-09-04T10:03:29","date_gmt":"2026-09-04T13:03:29","guid":{"rendered":"https:\/\/fmmural91.uno\/2024\/?p=3656"},"modified":"2026-09-04T10:03:30","modified_gmt":"2026-09-04T13:03:30","slug":"duro-comunicado-de-los-catolicos-tras-la-reunion-en-la-rioja","status":"publish","type":"post","link":"https:\/\/fmmural91.uno\/2024\/duro-comunicado-de-los-catolicos-tras-la-reunion-en-la-rioja\/","title":{"rendered":"Duro comunicado de los cat\u00f3licos tras la reuni\u00f3n en La Rioja"},"content":{"rendered":"\n<h1 class=\"wp-block-heading\">Para los Curas en Opci\u00f3n por los Pobres, el gobierno de Milei es el peor de la historia<\/h1>\n\n\n\n<h3 class=\"wp-block-heading\">La agrupaci\u00f3n manifest\u00f3 duras cr\u00edticas al modelo econ\u00f3mico y apuntaron a la p\u00e9rdida de empleo y el desamparo social.<\/h3>\n\n\n\n<p class=\"wp-block-paragraph\">Fuente: <a href=\"https:\/\/www.pagina12.com.ar\/\">https:\/\/www.pagina12.com.ar\/<\/a>   4 de septiembre.<\/p>\n\n\n\n<p class=\"wp-block-paragraph\">La agrupaci\u00f3n cat\u00f3lica de Curas en Opci\u00f3n por los Pobres (OPP) manifest\u00f3 que el Gobierno de Javier Milei \u201csumerge a la poblaci\u00f3n en un gran desamparo social\u201d, por falta de pol\u00edticas p\u00fablicas que favorezcan a los sectores marginales. Apuntaron contra la p\u00e9rdida de empleo formal, el endeudamiento en los barrios, el aumento de suicidios y la modalidad imperial de compra-venta con la que se manejan los dirigentes oficialistas. En el comunicado sentenciaron que \u201cdebemos salir de la encrucijada neoliberal y fascista. Debemos rechazar este, el peor gobierno de nuestra historia democr\u00e1tica\u201d.<\/p>\n\n\n\n<p class=\"wp-block-paragraph\">El grupo de curas se reuni\u00f3 en la localidad de Sa\u00f1ogasta, La Rioja, y compartieron el que fue el mensaje final del encuentro. All\u00ed, determinaron que la pobreza y la desocupaci\u00f3n de los argentinos \u201cs\u00f3lo ha disminuido en los discursos oficiales\u201d, e invitaron a los distintos actores sociales y pol\u00edticos a ser creativos para \u201cencontrar soluciones ante la gravedad de la situaci\u00f3n a la que este modelo nos est\u00e1 llevando\u201d.<\/p>\n\n\n\n<p class=\"wp-block-paragraph\">En julio de 1976, en Sa\u00f1ogasta fue asesinado frente a su familia el activista y catequista Wenceslao Pedernera por fuerzas de la dictadura militar. La organizaci\u00f3n recalc\u00f3 la importancia de hacer memoria, en el cumplimiento de los 50 a\u00f1os del golpe, para que no se repitan las atrocidades de la historia. \u201cPero ser\u00eda ingenuo, si no c\u00f3mplice, ignorar que mucho de aquello, especialmente un modelo econ\u00f3mico de crueldad, individualismo e injusticia, regresa una y otra vez\u201d, expresaron.<\/p>\n\n\n\n<p class=\"wp-block-paragraph\">Junto a Pedernera, recordaron a Carlos de Dios Murias, Gabriel Longueville y Enrique Angelelli, activistas cat\u00f3licos que tambi\u00e9n fueron asesinados durante la dictadura, precisamente por promover una actitud de lucha a favor de los sectores m\u00e1s pobres. Los Curas OPP sostienen que se trata de \u201cm\u00e1rtires por amor a su pueblo\u201d.<\/p>\n\n\n\n<p class=\"wp-block-paragraph\">El comunicado pone en relaci\u00f3n aquella \u00e9poca con las pol\u00edticas del Gobierno actual, que dicho sea de paso se caracteriza por discursos negacionistas que \u201copacan\u201d las pol\u00edticas de memoria y los derechos humanos. Sobre el modelo econ\u00f3mico libertario, la agrupaci\u00f3n determin\u00f3 que est\u00e1 destinado a favorecer a \u201cunos pocos que no est\u00e1n dispuestos a resignar su modo de vida\u201d. Adem\u00e1s, sostuvieron que \u201cdarle tiempo\u201d a esta gesti\u00f3n implica \u201calejarnos cada vez m\u00e1s de una salida democr\u00e1tica de este proyecto de muerte\u201d.<\/p>\n\n\n\n<p class=\"wp-block-paragraph\">Tambi\u00e9n se\u00f1alaron un uso sistem\u00e1tico de \u201cla mentira como arma pol\u00edtica\u201d, mentira que se multiplica en las redes sociales mediante trolls, bots y algoritmos \u201cdireccionados a favor de los de siempre\u201d. El mensaje repudia la \u201cevidente injerencia del imperio\u201d, que puede verse en el accionar de dirigentes pol\u00edticos que \u201cse venden al mejor postor, traicionando as\u00ed sus conciencias y a la misma Patria\u201d.<\/p>\n\n\n\n<p class=\"wp-block-paragraph\">Pese a todo, los curas se mostraron optimistas ante la construcci\u00f3n de una salida democr\u00e1tica, pero remarcaron que es imperativo que la sociedad piense qu\u00e9 tipo de pa\u00eds quiere para el futuro. \u201cSabemos que es posible una patria de hermanas y hermanos, y no una patria de opresores y oprimidos, patrones y clientes, amos y esclavos\u201d. Para cerrar, hicieron referencia a la pronta visita del papa Le\u00f3n XIV, del que esperan recibir una defensa de la justicia social, y una cr\u00edtica al Gobierno actual: \u201cque muestre el abrazo compasivo a los pobres y la denuncia indubitable a los causantes de la muerte\u201d.<\/p>\n","protected":false},"excerpt":{"rendered":"<p>Para los Curas en Opci\u00f3n por los Pobres, el gobierno de Milei es el peor de la historia La agrupaci\u00f3n manifest\u00f3 duras cr\u00edticas al modelo econ\u00f3mico y apuntaron a la p\u00e9rdida de empleo y el desamparo social. Fuente: https:\/\/www.pagina12.com.ar\/ 4 de septiembre. La agrupaci\u00f3n cat\u00f3lica de Curas en Opci\u00f3n por los Pobres (OPP) manifest\u00f3 que [&hellip;]<\/p>\n","protected":false},"author":3,"featured_media":3657,"comment_status":"closed","ping_status":"closed","sticky":false,"template":"","format":"standard","meta":{"sync_status":"","episode_type":"","audio_file":"","castos_file_data":"","podmotor_file_id":"","cover_image":"","cover_image_id":"","duration":"","filesize":"","filesize_raw":"","date_recorded":"","explicit":"","block":"","footnotes":""},"categories":[18],"tags":[],"class_list":["post-3656","post","type-post","status-publish","format-standard","has-post-thumbnail","hentry","category-nacionales"],"_links":{"self":[{"href":"https:\/\/fmmural91.uno\/2024\/wp-json\/wp\/v2\/posts\/3656","targetHints":{"allow":["GET"]}}],"collection":[{"href":"https:\/\/fmmural91.uno\/2024\/wp-json\/wp\/v2\/posts"}],"about":[{"href":"https:\/\/fmmural91.uno\/2024\/wp-json\/wp\/v2\/types\/post"}],"author":[{"embeddable":true,"href":"https:\/\/fmmural91.uno\/2024\/wp-json\/wp\/v2\/users\/3"}],"replies":[{"embeddable":true,"href":"https:\/\/fmmural91.uno\/2024\/wp-json\/wp\/v2\/comments?post=3656"}],"version-history":[{"count":1,"href":"https:\/\/fmmural91.uno\/2024\/wp-json\/wp\/v2\/posts\/3656\/revisions"}],"predecessor-version":[{"id":3658,"href":"https:\/\/fmmural91.uno\/2024\/wp-json\/wp\/v2\/posts\/3656\/revisions\/3658"}],"wp:featuredmedia":[{"embeddable":true,"href":"https:\/\/fmmural91.uno\/2024\/wp-json\/wp\/v2\/media\/3657"}],"wp:attachment":[{"href":"https:\/\/fmmural91.uno\/2024\/wp-json\/wp\/v2\/media?parent=3656"}],"wp:term":[{"taxonomy":"category","embeddable":true,"href":"https:\/\/fmmural91.uno\/2024\/wp-json\/wp\/v2\/categories?post=3656"},{"taxonomy":"post_tag","embeddable":true,"href":"https:\/\/fmmural91.uno\/2024\/wp-json\/wp\/v2\/tags?post=3656"}],"curies":[{"name":"wp","href":"https:\/\/api.w.org\/{rel}","templated":true}]}}